{"id":5415,"date":"2023-12-07T20:09:05","date_gmt":"2023-12-07T19:09:05","guid":{"rendered":"https:\/\/agora.xtec.cat\/colsagradafamilia-larapita\/?p=5415"},"modified":"2023-12-07T20:09:35","modified_gmt":"2023-12-07T19:09:35","slug":"crimexperimenta","status":"publish","type":"post","link":"https:\/\/agora.xtec.cat\/colsagradafamilia-larapita\/general\/crimexperimenta\/","title":{"rendered":"CRIMEXPERIMENTA"},"content":{"rendered":"<p style=\"text-align: center;\"><iframe loading=\"lazy\" src=\"https:\/\/drive.google.com\/file\/d\/1PJSVXv-r6lnbg9mTQe5r79GxwKJbdCrr\/preview\" width=\"640\" height=\"480\"><\/iframe><\/p>\n<p style=\"text-align: justify;\">En el marc de la 28a Setmana de la Ci\u00e8ncia, l\u2019alumnat de la mat\u00e8ria optativa de Laboratori de l\u2019ESO participem en la 3a edici\u00f3 del Crim Experimenta, organitzat pel programa Repte Experimenta i amb el suport de la Fundaci\u00f3 Catalana per la Recerca i la Innovaci\u00f3, la Universitat Rovira i Virgili i Ajuts Joan Or\u00f3 2023.<\/p>\n<p style=\"text-align: justify;\">Aquest any est\u00e0 dedicat al bioqu\u00edmic catal\u00e0 Joan Or\u00f3 en el centenari del seu naixement i es titula \u201cCas Missi\u00f3 Or\u00f3\u201d.<\/p>\n<p style=\"text-align: justify;\">Tot comen\u00e7a quan un grup d\u2019estudiants est\u00e0 de visita a l\u2019Ag\u00e8ncia Espacial Europea i es queden a\u00efllats a l\u2019interior per la desaparici\u00f3 de la Dra. Martina Curull, qui estava investigant per una missi\u00f3 confidencial.<\/p>\n<p style=\"text-align: justify;\">La policia no pot entrar, llavors \u00e9s l\u2019alumnat qui s\u2019encarrega d\u2019investigar per poder trobar a la Dra. Curull.<\/p>\n<p style=\"text-align: justify;\">Fent servir un format gamificat molt semblant a un videojoc, es van passant proves a partir de realitzar experiments i respondre preguntes amb l\u2019ajuda de les c\u00e0psules audiovisuals.<\/p>\n<p style=\"text-align: justify;\">Apropa als estudiants el m\u00e8tode cient\u00edfic treballant de manera transversal i aprenent sobre diversos temes com les unitats de mesura de l\u2019Univers, les lleis dels gasos, les reaccions endot\u00e8rmiques i exot\u00e8rmiques o l\u2019ADN.<\/p>\n<p style=\"text-align: justify;\">Ens ha agradat molt i ja estem impacients esperant el proper CrimExperimenta.<\/p>\n<p style=\"text-align: justify;\">\n","protected":false},"excerpt":{"rendered":"<p>En el marc de la 28a Setmana de la Ci\u00e8ncia, l\u2019alumnat de la mat\u00e8ria optativa de Laboratori de l\u2019ESO participem en la 3a edici\u00f3 del Crim Experimenta, organitzat pel programa Repte Experimenta i amb el suport de la Fundaci\u00f3 Catalana per la Recerca i la&hellip;  <a href=\"https:\/\/agora.xtec.cat\/colsagradafamilia-larapita\/general\/crimexperimenta\/\" title=\"Read CRIMEXPERIMENTA\">Llegeix m\u00e9s\u00bb<\/a><\/p>\n","protected":false},"author":1,"featured_media":5431,"comment_status":"open","ping_status":"closed","sticky":false,"template":"","format":"standard","meta":{"_bbp_topic_count":0,"_bbp_reply_count":0,"_bbp_total_topic_count":0,"_bbp_total_reply_count":0,"_bbp_voice_count":0,"_bbp_anonymous_reply_count":0,"_bbp_topic_count_hidden":0,"_bbp_reply_count_hidden":0,"_bbp_forum_subforum_count":0,"footnotes":""},"categories":[1,29],"tags":[],"class_list":["post-5415","post","type-post","status-publish","format-standard","has-post-thumbnail","hentry","category-general","category-portada"],"post_mailing_queue_ids":[],"_links":{"self":[{"href":"https:\/\/agora.xtec.cat\/colsagradafamilia-larapita\/wp-json\/wp\/v2\/posts\/5415","targetHints":{"allow":["GET"]}}],"collection":[{"href":"https:\/\/agora.xtec.cat\/colsagradafamilia-larapita\/wp-json\/wp\/v2\/posts"}],"about":[{"href":"https:\/\/agora.xtec.cat\/colsagradafamilia-larapita\/wp-json\/wp\/v2\/types\/post"}],"author":[{"embeddable":true,"href":"https:\/\/agora.xtec.cat\/colsagradafamilia-larapita\/wp-json\/wp\/v2\/users\/1"}],"replies":[{"embeddable":true,"href":"https:\/\/agora.xtec.cat\/colsagradafamilia-larapita\/wp-json\/wp\/v2\/comments?post=5415"}],"version-history":[{"count":3,"href":"https:\/\/agora.xtec.cat\/colsagradafamilia-larapita\/wp-json\/wp\/v2\/posts\/5415\/revisions"}],"predecessor-version":[{"id":5432,"href":"https:\/\/agora.xtec.cat\/colsagradafamilia-larapita\/wp-json\/wp\/v2\/posts\/5415\/revisions\/5432"}],"wp:featuredmedia":[{"embeddable":true,"href":"https:\/\/agora.xtec.cat\/colsagradafamilia-larapita\/wp-json\/wp\/v2\/media\/5431"}],"wp:attachment":[{"href":"https:\/\/agora.xtec.cat\/colsagradafamilia-larapita\/wp-json\/wp\/v2\/media?parent=5415"}],"wp:term":[{"taxonomy":"category","embeddable":true,"href":"https:\/\/agora.xtec.cat\/colsagradafamilia-larapita\/wp-json\/wp\/v2\/categories?post=5415"},{"taxonomy":"post_tag","embeddable":true,"href":"https:\/\/agora.xtec.cat\/colsagradafamilia-larapita\/wp-json\/wp\/v2\/tags?post=5415"}],"curies":[{"name":"wp","href":"https:\/\/api.w.org\/{rel}","templated":true}]}}