{"id":5398,"date":"2023-11-19T18:24:19","date_gmt":"2023-11-19T17:24:19","guid":{"rendered":"https:\/\/agora.xtec.cat\/colsagradafamilia-larapita\/?p=5398"},"modified":"2023-11-19T18:24:19","modified_gmt":"2023-11-19T17:24:19","slug":"viii-nit-de-lensenyament","status":"publish","type":"post","link":"https:\/\/agora.xtec.cat\/colsagradafamilia-larapita\/general\/viii-nit-de-lensenyament\/","title":{"rendered":"VIII Nit de l&#8217;Ensenyament"},"content":{"rendered":"<p style=\"text-align: justify;\">El passat divendres 10 de novembre l&#8217;alumnat del nostre centre que havia guanyat algun premi o havia destacat com a finalista en algun concurs durant el curs 2022 2023 va rebre un homenatge al seu esfor\u00e7, perseveran\u00e7a i dedicaci\u00f3 a l&#8217;aprenentatge.<\/p>\n<p style=\"text-align: justify;\">Des de l&#8217;ajuntament es va organitzar un acte a l&#8217;auditori Sixto Mir de La R\u00e0pita i all\u00ed es van congregar tan docents, alumnat com fam\u00edlies. L&#8217;acte es va desenvolupar celebrant el 40\u00e8 aniversari del Camp d&#8217;Aprenentatge, aix\u00ed com la jubilaci\u00f3 d&#8217;algun docent i com no, el repartiment de premis a l&#8217;alumnat talent\u00f2s.<\/p>\n<p style=\"text-align: justify;\">L&#8217;alumnat del nostre centre va ser premiat per la seva participaci\u00f3 i bons resultats en el: Cangur, Copa Cangur, Contes Domingo Riba i Certamen de lectura en veu alta.<\/p>\n<p style=\"text-align: justify;\">Des de la comunitat educativa us felicitem i us animem a seguir endavant en aquesta direcci\u00f3.<\/p>\n<p><a href=\"https:\/\/agora.xtec.cat\/colsagradafamilia-larapita\/wp-content\/uploads\/usu1161\/2023\/11\/WhatsApp-Image-2023-11-10-at-21.01.42-3.jpeg\"><img loading=\"lazy\" decoding=\"async\" class=\"aligncenter wp-image-5403\" src=\"https:\/\/agora.xtec.cat\/colsagradafamilia-larapita\/wp-content\/uploads\/usu1161\/2023\/11\/WhatsApp-Image-2023-11-10-at-21.01.42-3.jpeg\" alt=\"\" width=\"600\" height=\"450\" srcset=\"https:\/\/agora.xtec.cat\/colsagradafamilia-larapita\/wp-content\/uploads\/usu1161\/2023\/11\/WhatsApp-Image-2023-11-10-at-21.01.42-3.jpeg 1600w, https:\/\/agora.xtec.cat\/colsagradafamilia-larapita\/wp-content\/uploads\/usu1161\/2023\/11\/WhatsApp-Image-2023-11-10-at-21.01.42-3-300x225.jpeg 300w, https:\/\/agora.xtec.cat\/colsagradafamilia-larapita\/wp-content\/uploads\/usu1161\/2023\/11\/WhatsApp-Image-2023-11-10-at-21.01.42-3-1024x768.jpeg 1024w, https:\/\/agora.xtec.cat\/colsagradafamilia-larapita\/wp-content\/uploads\/usu1161\/2023\/11\/WhatsApp-Image-2023-11-10-at-21.01.42-3-768x576.jpeg 768w, https:\/\/agora.xtec.cat\/colsagradafamilia-larapita\/wp-content\/uploads\/usu1161\/2023\/11\/WhatsApp-Image-2023-11-10-at-21.01.42-3-1536x1152.jpeg 1536w, https:\/\/agora.xtec.cat\/colsagradafamilia-larapita\/wp-content\/uploads\/usu1161\/2023\/11\/WhatsApp-Image-2023-11-10-at-21.01.42-3-200x150.jpeg 200w\" sizes=\"auto, (max-width: 600px) 100vw, 600px\" \/><\/a><\/p>\n<p><a href=\"https:\/\/agora.xtec.cat\/colsagradafamilia-larapita\/wp-content\/uploads\/usu1161\/2023\/11\/WhatsApp-Image-2023-11-10-at-21.01.42-4.jpeg\"><img loading=\"lazy\" decoding=\"async\" class=\"aligncenter wp-image-5404\" src=\"https:\/\/agora.xtec.cat\/colsagradafamilia-larapita\/wp-content\/uploads\/usu1161\/2023\/11\/WhatsApp-Image-2023-11-10-at-21.01.42-4.jpeg\" alt=\"\" width=\"600\" height=\"450\" srcset=\"https:\/\/agora.xtec.cat\/colsagradafamilia-larapita\/wp-content\/uploads\/usu1161\/2023\/11\/WhatsApp-Image-2023-11-10-at-21.01.42-4.jpeg 1600w, https:\/\/agora.xtec.cat\/colsagradafamilia-larapita\/wp-content\/uploads\/usu1161\/2023\/11\/WhatsApp-Image-2023-11-10-at-21.01.42-4-300x225.jpeg 300w, https:\/\/agora.xtec.cat\/colsagradafamilia-larapita\/wp-content\/uploads\/usu1161\/2023\/11\/WhatsApp-Image-2023-11-10-at-21.01.42-4-1024x768.jpeg 1024w, https:\/\/agora.xtec.cat\/colsagradafamilia-larapita\/wp-content\/uploads\/usu1161\/2023\/11\/WhatsApp-Image-2023-11-10-at-21.01.42-4-768x576.jpeg 768w, https:\/\/agora.xtec.cat\/colsagradafamilia-larapita\/wp-content\/uploads\/usu1161\/2023\/11\/WhatsApp-Image-2023-11-10-at-21.01.42-4-1536x1152.jpeg 1536w, https:\/\/agora.xtec.cat\/colsagradafamilia-larapita\/wp-content\/uploads\/usu1161\/2023\/11\/WhatsApp-Image-2023-11-10-at-21.01.42-4-200x150.jpeg 200w\" sizes=\"auto, (max-width: 600px) 100vw, 600px\" \/><\/a> <a href=\"https:\/\/agora.xtec.cat\/colsagradafamilia-larapita\/wp-content\/uploads\/usu1161\/2023\/11\/WhatsApp-Image-2023-11-10-at-21.01.42-1.jpeg\"><img loading=\"lazy\" decoding=\"async\" class=\"aligncenter wp-image-5405\" src=\"https:\/\/agora.xtec.cat\/colsagradafamilia-larapita\/wp-content\/uploads\/usu1161\/2023\/11\/WhatsApp-Image-2023-11-10-at-21.01.42-1.jpeg\" alt=\"\" width=\"600\" height=\"450\" srcset=\"https:\/\/agora.xtec.cat\/colsagradafamilia-larapita\/wp-content\/uploads\/usu1161\/2023\/11\/WhatsApp-Image-2023-11-10-at-21.01.42-1.jpeg 1600w, https:\/\/agora.xtec.cat\/colsagradafamilia-larapita\/wp-content\/uploads\/usu1161\/2023\/11\/WhatsApp-Image-2023-11-10-at-21.01.42-1-300x225.jpeg 300w, https:\/\/agora.xtec.cat\/colsagradafamilia-larapita\/wp-content\/uploads\/usu1161\/2023\/11\/WhatsApp-Image-2023-11-10-at-21.01.42-1-1024x768.jpeg 1024w, https:\/\/agora.xtec.cat\/colsagradafamilia-larapita\/wp-content\/uploads\/usu1161\/2023\/11\/WhatsApp-Image-2023-11-10-at-21.01.42-1-768x576.jpeg 768w, https:\/\/agora.xtec.cat\/colsagradafamilia-larapita\/wp-content\/uploads\/usu1161\/2023\/11\/WhatsApp-Image-2023-11-10-at-21.01.42-1-1536x1152.jpeg 1536w, https:\/\/agora.xtec.cat\/colsagradafamilia-larapita\/wp-content\/uploads\/usu1161\/2023\/11\/WhatsApp-Image-2023-11-10-at-21.01.42-1-200x150.jpeg 200w\" sizes=\"auto, (max-width: 600px) 100vw, 600px\" \/><\/a> <a href=\"https:\/\/agora.xtec.cat\/colsagradafamilia-larapita\/wp-content\/uploads\/usu1161\/2023\/11\/WhatsApp-Image-2023-11-10-at-21.01.42-2.jpeg\"><img loading=\"lazy\" decoding=\"async\" class=\"aligncenter wp-image-5406\" src=\"https:\/\/agora.xtec.cat\/colsagradafamilia-larapita\/wp-content\/uploads\/usu1161\/2023\/11\/WhatsApp-Image-2023-11-10-at-21.01.42-2.jpeg\" alt=\"\" width=\"600\" height=\"450\" srcset=\"https:\/\/agora.xtec.cat\/colsagradafamilia-larapita\/wp-content\/uploads\/usu1161\/2023\/11\/WhatsApp-Image-2023-11-10-at-21.01.42-2.jpeg 1600w, https:\/\/agora.xtec.cat\/colsagradafamilia-larapita\/wp-content\/uploads\/usu1161\/2023\/11\/WhatsApp-Image-2023-11-10-at-21.01.42-2-300x225.jpeg 300w, https:\/\/agora.xtec.cat\/colsagradafamilia-larapita\/wp-content\/uploads\/usu1161\/2023\/11\/WhatsApp-Image-2023-11-10-at-21.01.42-2-1024x768.jpeg 1024w, https:\/\/agora.xtec.cat\/colsagradafamilia-larapita\/wp-content\/uploads\/usu1161\/2023\/11\/WhatsApp-Image-2023-11-10-at-21.01.42-2-768x576.jpeg 768w, https:\/\/agora.xtec.cat\/colsagradafamilia-larapita\/wp-content\/uploads\/usu1161\/2023\/11\/WhatsApp-Image-2023-11-10-at-21.01.42-2-1536x1152.jpeg 1536w, https:\/\/agora.xtec.cat\/colsagradafamilia-larapita\/wp-content\/uploads\/usu1161\/2023\/11\/WhatsApp-Image-2023-11-10-at-21.01.42-2-200x150.jpeg 200w\" sizes=\"auto, (max-width: 600px) 100vw, 600px\" \/><\/a><\/p>\n<p><a href=\"https:\/\/agora.xtec.cat\/colsagradafamilia-larapita\/wp-content\/uploads\/usu1161\/2023\/11\/WhatsApp-Image-2023-11-13-at-08.06.11.jpeg\"><img loading=\"lazy\" decoding=\"async\" class=\"aligncenter wp-image-5401\" src=\"https:\/\/agora.xtec.cat\/colsagradafamilia-larapita\/wp-content\/uploads\/usu1161\/2023\/11\/WhatsApp-Image-2023-11-13-at-08.06.11.jpeg\" alt=\"\" width=\"600\" height=\"797\" srcset=\"https:\/\/agora.xtec.cat\/colsagradafamilia-larapita\/wp-content\/uploads\/usu1161\/2023\/11\/WhatsApp-Image-2023-11-13-at-08.06.11.jpeg 1204w, https:\/\/agora.xtec.cat\/colsagradafamilia-larapita\/wp-content\/uploads\/usu1161\/2023\/11\/WhatsApp-Image-2023-11-13-at-08.06.11-226x300.jpeg 226w, https:\/\/agora.xtec.cat\/colsagradafamilia-larapita\/wp-content\/uploads\/usu1161\/2023\/11\/WhatsApp-Image-2023-11-13-at-08.06.11-771x1024.jpeg 771w, https:\/\/agora.xtec.cat\/colsagradafamilia-larapita\/wp-content\/uploads\/usu1161\/2023\/11\/WhatsApp-Image-2023-11-13-at-08.06.11-768x1021.jpeg 768w, https:\/\/agora.xtec.cat\/colsagradafamilia-larapita\/wp-content\/uploads\/usu1161\/2023\/11\/WhatsApp-Image-2023-11-13-at-08.06.11-1156x1536.jpeg 1156w\" sizes=\"auto, (max-width: 600px) 100vw, 600px\" \/><\/a><\/p>\n","protected":false},"excerpt":{"rendered":"<p>El passat divendres 10 de novembre l&#8217;alumnat del nostre centre que havia guanyat algun premi o havia destacat com a finalista en algun concurs durant el curs 2022 2023 va rebre un homenatge al seu esfor\u00e7, perseveran\u00e7a i dedicaci\u00f3 a l&#8217;aprenentatge.<br \/>\nDes de l&#8217;ajuntament es va&hellip;  <a href=\"https:\/\/agora.xtec.cat\/colsagradafamilia-larapita\/general\/viii-nit-de-lensenyament\/\" title=\"Read VIII Nit de l&#8217;Ensenyament\">Llegeix m\u00e9s\u00bb<\/a><\/p>\n","protected":false},"author":1,"featured_media":5401,"comment_status":"open","ping_status":"closed","sticky":false,"template":"","format":"standard","meta":{"_bbp_topic_count":0,"_bbp_reply_count":0,"_bbp_total_topic_count":0,"_bbp_total_reply_count":0,"_bbp_voice_count":0,"_bbp_anonymous_reply_count":0,"_bbp_topic_count_hidden":0,"_bbp_reply_count_hidden":0,"_bbp_forum_subforum_count":0,"footnotes":""},"categories":[1,29],"tags":[],"class_list":["post-5398","post","type-post","status-publish","format-standard","has-post-thumbnail","hentry","category-general","category-portada"],"post_mailing_queue_ids":[],"_links":{"self":[{"href":"https:\/\/agora.xtec.cat\/colsagradafamilia-larapita\/wp-json\/wp\/v2\/posts\/5398","targetHints":{"allow":["GET"]}}],"collection":[{"href":"https:\/\/agora.xtec.cat\/colsagradafamilia-larapita\/wp-json\/wp\/v2\/posts"}],"about":[{"href":"https:\/\/agora.xtec.cat\/colsagradafamilia-larapita\/wp-json\/wp\/v2\/types\/post"}],"author":[{"embeddable":true,"href":"https:\/\/agora.xtec.cat\/colsagradafamilia-larapita\/wp-json\/wp\/v2\/users\/1"}],"replies":[{"embeddable":true,"href":"https:\/\/agora.xtec.cat\/colsagradafamilia-larapita\/wp-json\/wp\/v2\/comments?post=5398"}],"version-history":[{"count":5,"href":"https:\/\/agora.xtec.cat\/colsagradafamilia-larapita\/wp-json\/wp\/v2\/posts\/5398\/revisions"}],"predecessor-version":[{"id":5408,"href":"https:\/\/agora.xtec.cat\/colsagradafamilia-larapita\/wp-json\/wp\/v2\/posts\/5398\/revisions\/5408"}],"wp:featuredmedia":[{"embeddable":true,"href":"https:\/\/agora.xtec.cat\/colsagradafamilia-larapita\/wp-json\/wp\/v2\/media\/5401"}],"wp:attachment":[{"href":"https:\/\/agora.xtec.cat\/colsagradafamilia-larapita\/wp-json\/wp\/v2\/media?parent=5398"}],"wp:term":[{"taxonomy":"category","embeddable":true,"href":"https:\/\/agora.xtec.cat\/colsagradafamilia-larapita\/wp-json\/wp\/v2\/categories?post=5398"},{"taxonomy":"post_tag","embeddable":true,"href":"https:\/\/agora.xtec.cat\/colsagradafamilia-larapita\/wp-json\/wp\/v2\/tags?post=5398"}],"curies":[{"name":"wp","href":"https:\/\/api.w.org\/{rel}","templated":true}]}}