{"id":5237,"date":"2023-06-28T09:20:47","date_gmt":"2023-06-28T07:20:47","guid":{"rendered":"https:\/\/agora.xtec.cat\/colsagradafamilia-larapita\/?p=5237"},"modified":"2023-06-29T17:11:42","modified_gmt":"2023-06-29T15:11:42","slug":"festivals-fi-de-curs","status":"publish","type":"post","link":"https:\/\/agora.xtec.cat\/colsagradafamilia-larapita\/general\/festivals-fi-de-curs\/","title":{"rendered":"Festival fi de curs"},"content":{"rendered":"<p style=\"text-align: center;\"><iframe loading=\"lazy\" src=\"https:\/\/drive.google.com\/file\/d\/1JcXu9JMgrIUpmbgo5Q_C7iAJvxYDsqYL\/preview\" width=\"640\" height=\"480\"><\/iframe><\/p>\n<p style=\"text-align: justify;\">Des de fa molts anys i amb molta il\u00b7lusi\u00f3 l\u2019alumnat del Col\u00b7legi Sagrada Fam\u00edlia prepara a les classes d\u2019educaci\u00f3 f\u00edsica, m\u00fasica i tutoria l\u2019assaig del que ser\u00e0 el ball per al festival de fi de curs.<\/p>\n<p style=\"text-align: justify;\">Aquest curs 2023-2024, fruit potser de venir d\u2019uns anys en qu\u00e8 no feiem festivals per la covid, tant professorat com alumnat hem notat\u00a0 m\u00e9s ganes i entusiasme en las preparaci\u00f3 del festival.<\/p>\n<p style=\"text-align: justify;\">\u00a0Durant la tarda del 19 \u00a0i el \u00a0mat\u00ed del 20 de juny, \u00a0les fam\u00edlies van assistir\u00a0 a l\u2019actuaci\u00f3 del Festival de Prim\u00e0ria i ESO del nostre col\u00b7legi.<\/p>\n<p style=\"text-align: justify;\">El fil conductor d\u2019aquest any ha estat \u201cUn viatge arreu del m\u00f3n\u201d. Tots hem viatjat amb un creuer per diferents pa\u00efsos, la riquesa cultural dels quals ha quedat palesa en les diverses actuacions preparades per l\u2019alumnat de cada curs.<\/p>\n<p style=\"text-align: justify;\">Aix\u00ed doncs vam embarcar al Port de la R\u00e0pita i des d\u2019all\u00ed hem visitat pa\u00efsos com M\u00e8xic, on \u00a0els nostres alumnes de 6\u00e8 ens van tocar amb l\u2019ukelele dues can\u00e7ons: \u201cLa cucaracha\u201d i \u201cUkelele loco\u201d. Les seg\u00fcents parades realitzades pel vaixell Costa Musical van ser:<\/p>\n<p style=\"text-align: justify;\">1rEP:M\u00e0n M\u00faa \u201cTr\u00f2 Lai Pho Cu\u201d (Xina)<\/p>\n<p style=\"text-align: justify;\">2nEP:Cotton Joe eye (l\u2019Oest)<\/p>\n<p style=\"text-align: justify;\">3rEP: Jambo (\u00c0frica)<\/p>\n<p style=\"text-align: justify;\">4t EP: Magalenha (Brasil)<\/p>\n<p style=\"text-align: justify;\">5\u00e8EP: Jey ho (La \u00cdndia)<\/p>\n<p style=\"text-align: justify;\">6\u00e8EP He mele no lilo (Hawai)<\/p>\n<p style=\"text-align: justify;\">Les nits del creuer van estar amenitzades per l\u2019alumnat d\u2019ESO, que va preparar les seg\u00fcents actuacions:<\/p>\n<p style=\"text-align: justify;\">1r ESO: Uptown funk (Bruno Mars)<\/p>\n<p style=\"text-align: justify;\">2n ESO Madre Tierra (Chayanne)<\/p>\n<p style=\"text-align: justify;\">3r ESO; Shake Senora<\/p>\n<p style=\"text-align: justify;\">4t ESO: es va acomiadar amb una gran sorpresa fent tot un remix \u00a0de les diferents can\u00e7ons i coreografies que han interpretat des que van iniciar la prim\u00e0ria fins 4t de l\u2019ESO i no oblidant tampoc l\u2019\u00fas de la mascareta en \u00e8poca de pand\u00e8mia.<\/p>\n<p style=\"text-align: justify;\">Durant la tarda del 21 de juny les fam\u00edlies van assistir\u00a0 a l\u2019actuaci\u00f3 del Festival d\u2019infantil\u00a0 del nostre col\u00b7legi. Les can\u00e7ons varen rememorar bandes sonores\u00a0 de pel\u00b7l\u00edcules com:<\/p>\n<p style=\"text-align: justify;\">I3: Tacones rojos( Sebastian Yatra)<\/p>\n<p style=\"text-align: justify;\">I4: Can\u2019t stop the feeling (trolls)<\/p>\n<p style=\"text-align: justify;\">I5 Monkey\u2019s dance<\/p>\n<p style=\"text-align: justify;\">Des d\u2019aquestes petites l\u00ednies \u00a0agra\u00efm l\u2019inestimable ajuda de l\u2019AMPA i donem les gr\u00e0cies a totes les fam\u00edlies per la seva col\u00b7laboraci\u00f3 i implicaci\u00f3.<\/p>\n<p style=\"text-align: justify;\">Us esperem el proper curs! Bon estiu i gaudiu de les vacances!<\/p>\n<p style=\"text-align: justify;\">\n","protected":false},"excerpt":{"rendered":"<p>Des de fa molts anys i amb molta il\u00b7lusi\u00f3 l\u2019alumnat del Col\u00b7legi Sagrada Fam\u00edlia prepara a les classes d\u2019educaci\u00f3 f\u00edsica, m\u00fasica i tutoria l\u2019assaig del que ser\u00e0 el ball per al festival de fi de curs.<br \/>\nAquest curs 2023-2024, fruit potser de venir d\u2019uns anys en&hellip;  <a href=\"https:\/\/agora.xtec.cat\/colsagradafamilia-larapita\/general\/festivals-fi-de-curs\/\" title=\"Read Festival fi de curs\">Llegeix m\u00e9s\u00bb<\/a><\/p>\n","protected":false},"author":1,"featured_media":5252,"comment_status":"open","ping_status":"closed","sticky":false,"template":"","format":"standard","meta":{"_bbp_topic_count":0,"_bbp_reply_count":0,"_bbp_total_topic_count":0,"_bbp_total_reply_count":0,"_bbp_voice_count":0,"_bbp_anonymous_reply_count":0,"_bbp_topic_count_hidden":0,"_bbp_reply_count_hidden":0,"_bbp_forum_subforum_count":0,"footnotes":""},"categories":[96,103,1,29],"tags":[],"class_list":["post-5237","post","type-post","status-publish","format-standard","has-post-thumbnail","hentry","category-educacioprimaria","category-educaciosecundaria","category-general","category-portada"],"post_mailing_queue_ids":[],"_links":{"self":[{"href":"https:\/\/agora.xtec.cat\/colsagradafamilia-larapita\/wp-json\/wp\/v2\/posts\/5237","targetHints":{"allow":["GET"]}}],"collection":[{"href":"https:\/\/agora.xtec.cat\/colsagradafamilia-larapita\/wp-json\/wp\/v2\/posts"}],"about":[{"href":"https:\/\/agora.xtec.cat\/colsagradafamilia-larapita\/wp-json\/wp\/v2\/types\/post"}],"author":[{"embeddable":true,"href":"https:\/\/agora.xtec.cat\/colsagradafamilia-larapita\/wp-json\/wp\/v2\/users\/1"}],"replies":[{"embeddable":true,"href":"https:\/\/agora.xtec.cat\/colsagradafamilia-larapita\/wp-json\/wp\/v2\/comments?post=5237"}],"version-history":[{"count":3,"href":"https:\/\/agora.xtec.cat\/colsagradafamilia-larapita\/wp-json\/wp\/v2\/posts\/5237\/revisions"}],"predecessor-version":[{"id":5251,"href":"https:\/\/agora.xtec.cat\/colsagradafamilia-larapita\/wp-json\/wp\/v2\/posts\/5237\/revisions\/5251"}],"wp:featuredmedia":[{"embeddable":true,"href":"https:\/\/agora.xtec.cat\/colsagradafamilia-larapita\/wp-json\/wp\/v2\/media\/5252"}],"wp:attachment":[{"href":"https:\/\/agora.xtec.cat\/colsagradafamilia-larapita\/wp-json\/wp\/v2\/media?parent=5237"}],"wp:term":[{"taxonomy":"category","embeddable":true,"href":"https:\/\/agora.xtec.cat\/colsagradafamilia-larapita\/wp-json\/wp\/v2\/categories?post=5237"},{"taxonomy":"post_tag","embeddable":true,"href":"https:\/\/agora.xtec.cat\/colsagradafamilia-larapita\/wp-json\/wp\/v2\/tags?post=5237"}],"curies":[{"name":"wp","href":"https:\/\/api.w.org\/{rel}","templated":true}]}}