{"id":5116,"date":"2023-04-12T11:30:59","date_gmt":"2023-04-12T09:30:59","guid":{"rendered":"https:\/\/agora.xtec.cat\/colsagradafamilia-larapita\/?p=5116"},"modified":"2023-04-13T15:07:18","modified_gmt":"2023-04-13T13:07:18","slug":"celebrem-sant-patricks-day","status":"publish","type":"post","link":"https:\/\/agora.xtec.cat\/colsagradafamilia-larapita\/general\/celebrem-sant-patricks-day\/","title":{"rendered":"Celebrem Saint Patrick&#8217;s Day"},"content":{"rendered":"<p style=\"text-align: justify;\">El dia 17 de mar\u00e7 \u00e9s la festa del Patr\u00f3 d\u2019Irlanda Saint Patrick. Per celebrar aquesta diada i amb l\u2019objectiu de potenciar la llengua oral anglesa, dijous 16 vam dur a terme el nostre 1st IRISH FESTIVAL. No hem d\u2019oblidar que el nostre col\u00b7legi\u00a0 fa anys que gaudeix d\u2019una professora nadiua i origin\u00e0ria d\u2019Irlanda. Juntament amb ella i amb la col\u00b7laboraci\u00f3 de tot el professorat vam passar un dia molt l\u00fadic i divertit ple d\u2019activitats relacionades amb la cultura, jocs i balls irlandesos.<\/p>\n<p style=\"text-align: justify;\">Al mat\u00ed des d\u2019I3 fins a 4t d\u2019ESO es va explicar l\u2019origen de Saint Patrick amb un v\u00eddeo educatiu i, tot seguit, cada cicle tenia unes activitats l\u00fadiques i molt divertides per anar desenvolupant per tot el col\u00b7legi en format de gimcana. Tothom va anar passant per tots els jocs i activitats: des dels conta contes, treballs manuals, jocs tradicionals anglesos fins\u00a0 a ballar i recitar poesia. Vam estar tot el dia immersos en la cultura irlandesa.<\/p>\n<p style=\"text-align: justify;\">Des d\u2019aqu\u00ed volem donar tamb\u00e9 les gr\u00e0cies a tots els pares i mares que\u00a0 van venir a fer-se fotos al <em>photocall<\/em> i van poder observar els treballs que van realitzar els seus fills i filles, participant aix\u00ed d\u2019aquesta diada.<\/p>\n<p style=\"text-align: justify;\">Us enviem una forta abra\u00e7ada i esperem que tant alumnat com professorat hagi gaudit del nostre 1st IRISH FESTIVAL.<\/p>\n<p style=\"text-align: center;\"><iframe loading=\"lazy\" src=\"https:\/\/drive.google.com\/file\/d\/1qKQV8OmmOX1eXxz53YeJn9xPYy-q2zd-\/preview\" width=\"640\" height=\"480\"><\/iframe><\/p>\n","protected":false},"excerpt":{"rendered":"<p>El dia 17 de mar\u00e7 \u00e9s la festa del Patr\u00f3 d\u2019Irlanda Saint Patrick. Per celebrar aquesta diada i amb l\u2019objectiu de potenciar la llengua oral anglesa, dijous 16 vam dur a terme el nostre 1st IRISH FESTIVAL. No hem d\u2019oblidar que el nostre col\u00b7legi\u00a0 fa&hellip;  <a href=\"https:\/\/agora.xtec.cat\/colsagradafamilia-larapita\/general\/celebrem-sant-patricks-day\/\" title=\"Read Celebrem Saint Patrick&#8217;s Day\">Llegeix m\u00e9s\u00bb<\/a><\/p>\n","protected":false},"author":1,"featured_media":5120,"comment_status":"open","ping_status":"closed","sticky":false,"template":"","format":"standard","meta":{"_bbp_topic_count":0,"_bbp_reply_count":0,"_bbp_total_topic_count":0,"_bbp_total_reply_count":0,"_bbp_voice_count":0,"_bbp_anonymous_reply_count":0,"_bbp_topic_count_hidden":0,"_bbp_reply_count_hidden":0,"_bbp_forum_subforum_count":0,"footnotes":""},"categories":[96,103,1,29],"tags":[],"class_list":["post-5116","post","type-post","status-publish","format-standard","has-post-thumbnail","hentry","category-educacioprimaria","category-educaciosecundaria","category-general","category-portada"],"post_mailing_queue_ids":[],"_links":{"self":[{"href":"https:\/\/agora.xtec.cat\/colsagradafamilia-larapita\/wp-json\/wp\/v2\/posts\/5116","targetHints":{"allow":["GET"]}}],"collection":[{"href":"https:\/\/agora.xtec.cat\/colsagradafamilia-larapita\/wp-json\/wp\/v2\/posts"}],"about":[{"href":"https:\/\/agora.xtec.cat\/colsagradafamilia-larapita\/wp-json\/wp\/v2\/types\/post"}],"author":[{"embeddable":true,"href":"https:\/\/agora.xtec.cat\/colsagradafamilia-larapita\/wp-json\/wp\/v2\/users\/1"}],"replies":[{"embeddable":true,"href":"https:\/\/agora.xtec.cat\/colsagradafamilia-larapita\/wp-json\/wp\/v2\/comments?post=5116"}],"version-history":[{"count":3,"href":"https:\/\/agora.xtec.cat\/colsagradafamilia-larapita\/wp-json\/wp\/v2\/posts\/5116\/revisions"}],"predecessor-version":[{"id":5150,"href":"https:\/\/agora.xtec.cat\/colsagradafamilia-larapita\/wp-json\/wp\/v2\/posts\/5116\/revisions\/5150"}],"wp:featuredmedia":[{"embeddable":true,"href":"https:\/\/agora.xtec.cat\/colsagradafamilia-larapita\/wp-json\/wp\/v2\/media\/5120"}],"wp:attachment":[{"href":"https:\/\/agora.xtec.cat\/colsagradafamilia-larapita\/wp-json\/wp\/v2\/media?parent=5116"}],"wp:term":[{"taxonomy":"category","embeddable":true,"href":"https:\/\/agora.xtec.cat\/colsagradafamilia-larapita\/wp-json\/wp\/v2\/categories?post=5116"},{"taxonomy":"post_tag","embeddable":true,"href":"https:\/\/agora.xtec.cat\/colsagradafamilia-larapita\/wp-json\/wp\/v2\/tags?post=5116"}],"curies":[{"name":"wp","href":"https:\/\/api.w.org\/{rel}","templated":true}]}}