{"id":5081,"date":"2023-03-14T17:21:07","date_gmt":"2023-03-14T16:21:07","guid":{"rendered":"https:\/\/agora.xtec.cat\/colsagradafamilia-larapita\/?p=5081"},"modified":"2023-03-27T19:29:55","modified_gmt":"2023-03-27T17:29:55","slug":"welcome-to-saint-patrick-s-day","status":"publish","type":"post","link":"https:\/\/agora.xtec.cat\/colsagradafamilia-larapita\/general\/welcome-to-saint-patrick-s-day\/","title":{"rendered":"Welcome to Saint  Patrick&#8217;s day"},"content":{"rendered":"<div style=\"width: 480px;\" class=\"wp-video\"><!--[if lt IE 9]><script>document.createElement('video');<\/script><![endif]-->\n<video class=\"wp-video-shortcode\" id=\"video-5081-1\" width=\"480\" height=\"768\" preload=\"metadata\" controls=\"controls\"><source type=\"video\/mp4\" src=\"https:\/\/agora.xtec.cat\/colsagradafamilia-larapita\/wp-content\/uploads\/usu1161\/2023\/03\/Video-St-Patrick.mp4?_=1\" \/><a href=\"https:\/\/agora.xtec.cat\/colsagradafamilia-larapita\/wp-content\/uploads\/usu1161\/2023\/03\/Video-St-Patrick.mp4\">https:\/\/agora.xtec.cat\/colsagradafamilia-larapita\/wp-content\/uploads\/usu1161\/2023\/03\/Video-St-Patrick.mp4<\/a><\/video><\/div>\n<p style=\"text-align: justify;\">Des de la comissi\u00f3 de llengua anglesa, el nostre col\u00b7legi ha volgut avan\u00e7ar-se a la primavera i engegar amb moltes ganes un nou projecte ple d\u2019il\u00b7lusi\u00f3 que implica tot el professorat i alumnat. El proper dijous, durant tot el dia, durem a terme diverses activitats en angl\u00e8s relacionades amb el patr\u00f3 d\u2019Irlanda, Saint Patrick. Actualment, i des de fa uns quants anys, a l\u2019escola gaudim d\u2019una professora nadiua i origin\u00e0ria d\u2019Irlanda; juntament amb ella i amb \u00a0la col\u00b7laboraci\u00f3 de tot el professorat hem organitzat aquest seguit d\u2019activitats que de ben segur amenitzaran i promouran la llengua oral.<\/p>\n<p style=\"text-align: justify;\">A m\u00e9s a m\u00e9s, no hem d\u2019oblidar que el nostre col\u00b7legi ofereix m\u00e9s hores de llengua anglesa, a banda de les curriculars,\u00a0 fet que fa que des del parvulari els nostres alumnes ja tinguin una clara consci\u00e8ncia fonol\u00f2gica i es desinhibeixin f\u00e0cilment davant la parla i llengua oral.<\/p>\n<p style=\"text-align: justify;\">El format de la presentaci\u00f3 d\u2019aquestes activitats es mantindr\u00e0 \u00a0igual des de P3 fins a 4t ESO.<\/p>\n<p style=\"text-align: justify;\">Al mat\u00ed s\u2019explicar\u00e0 l\u2019origen de <em>Saint Patrick<\/em> amb un v\u00eddeo educatiu. Tot seguit faran una manualitat: P3, P4 i P5 far\u00e0 el <em>shamrock<\/em> (tr\u00e8vol); 1r i 2n d\u2019EP realitzaran una mascareta que tamb\u00e9 els servir\u00e0 d\u2019autoretrat; 3r i 4t d\u2019EP construiran un m\u00f2bil que podran penjar a l\u2019habitaci\u00f3, i 5\u00e8 i 6\u00e8 d\u2019EP han estat dissenyant els elements que decoraran el nostre <em>photocall<\/em> i, aprofitant l\u2019apadrinament lector, acompanyaran amb <em>story tellers<\/em> els nens des de 1r fins a 4t d\u2019EP.<\/p>\n<p style=\"text-align: justify;\">De 1r a 4t d\u2019ESO tot el mat\u00ed estaran realitzant jocs, mots encreuats, audicions musicals, <em>webquest<\/em> que inclou la realitzaci\u00f3 final d\u2019un collage i <em>kahoots<\/em> relacionats amb la cultura i el folklore d\u2019Irlanda.<\/p>\n<p style=\"text-align: justify;\">El format de la tarda anir\u00e0 acompanyat d\u2019activitats l\u00fadiques: jocs al pati i paradetes de pintacares per als m\u00e9s petits i, a secund\u00e0ria, treballaran una mica la m\u00fasica tradicional irlandesa mitjan\u00e7ant diverses activitats. Com a cloenda, ballarem tots junts una dansa t\u00edpica d\u2019Irlanda que amb molta dedicaci\u00f3 Adeline, la nostra <em>Irish teacher<\/em>, ens ha anat ensenyant a tota l\u2019escola.<\/p>\n<p style=\"text-align: justify;\">Des d\u2019aqu\u00ed us enviem una forta abra\u00e7ada i esperem que tant alumnat com professorat gaudim de tota una jornada que tamb\u00e9 podreu seguir a trav\u00e9s de les nostres xarxes socials.<\/p>\n","protected":false},"excerpt":{"rendered":"<p><a href=\"https:\/\/agora.xtec.cat\/colsagradafamilia-larapita\/wp-content\/uploads\/usu1161\/2023\/03\/Video-St-Patrick.mp4\">https:\/\/agora.xtec.cat\/colsagradafamilia-larapita\/wp-content\/uploads\/usu1161\/2023\/03\/Video-St-Patrick.mp4<\/a><br \/>\nDes de la comissi\u00f3 de llengua anglesa, el nostre col\u00b7legi ha volgut avan\u00e7ar-se a la primavera i engegar amb moltes ganes un nou projecte ple d\u2019il\u00b7lusi\u00f3 que implica tot el professorat i alumnat. El proper dijous, durant tot el dia, durem a terme diverses&hellip;  <a href=\"https:\/\/agora.xtec.cat\/colsagradafamilia-larapita\/general\/welcome-to-saint-patrick-s-day\/\" title=\"Read Welcome to Saint  Patrick&#8217;s day\">Llegeix m\u00e9s\u00bb<\/a><\/p>\n","protected":false},"author":1,"featured_media":5086,"comment_status":"open","ping_status":"closed","sticky":false,"template":"","format":"standard","meta":{"_bbp_topic_count":0,"_bbp_reply_count":0,"_bbp_total_topic_count":0,"_bbp_total_reply_count":0,"_bbp_voice_count":0,"_bbp_anonymous_reply_count":0,"_bbp_topic_count_hidden":0,"_bbp_reply_count_hidden":0,"_bbp_forum_subforum_count":0,"footnotes":""},"categories":[96,103,1,29],"tags":[],"class_list":["post-5081","post","type-post","status-publish","format-standard","has-post-thumbnail","hentry","category-educacioprimaria","category-educaciosecundaria","category-general","category-portada"],"post_mailing_queue_ids":[],"_links":{"self":[{"href":"https:\/\/agora.xtec.cat\/colsagradafamilia-larapita\/wp-json\/wp\/v2\/posts\/5081","targetHints":{"allow":["GET"]}}],"collection":[{"href":"https:\/\/agora.xtec.cat\/colsagradafamilia-larapita\/wp-json\/wp\/v2\/posts"}],"about":[{"href":"https:\/\/agora.xtec.cat\/colsagradafamilia-larapita\/wp-json\/wp\/v2\/types\/post"}],"author":[{"embeddable":true,"href":"https:\/\/agora.xtec.cat\/colsagradafamilia-larapita\/wp-json\/wp\/v2\/users\/1"}],"replies":[{"embeddable":true,"href":"https:\/\/agora.xtec.cat\/colsagradafamilia-larapita\/wp-json\/wp\/v2\/comments?post=5081"}],"version-history":[{"count":3,"href":"https:\/\/agora.xtec.cat\/colsagradafamilia-larapita\/wp-json\/wp\/v2\/posts\/5081\/revisions"}],"predecessor-version":[{"id":5114,"href":"https:\/\/agora.xtec.cat\/colsagradafamilia-larapita\/wp-json\/wp\/v2\/posts\/5081\/revisions\/5114"}],"wp:featuredmedia":[{"embeddable":true,"href":"https:\/\/agora.xtec.cat\/colsagradafamilia-larapita\/wp-json\/wp\/v2\/media\/5086"}],"wp:attachment":[{"href":"https:\/\/agora.xtec.cat\/colsagradafamilia-larapita\/wp-json\/wp\/v2\/media?parent=5081"}],"wp:term":[{"taxonomy":"category","embeddable":true,"href":"https:\/\/agora.xtec.cat\/colsagradafamilia-larapita\/wp-json\/wp\/v2\/categories?post=5081"},{"taxonomy":"post_tag","embeddable":true,"href":"https:\/\/agora.xtec.cat\/colsagradafamilia-larapita\/wp-json\/wp\/v2\/tags?post=5081"}],"curies":[{"name":"wp","href":"https:\/\/api.w.org\/{rel}","templated":true}]}}