{"id":5061,"date":"2023-03-03T16:15:59","date_gmt":"2023-03-03T15:15:59","guid":{"rendered":"https:\/\/agora.xtec.cat\/colsagradafamilia-larapita\/?p=5061"},"modified":"2023-07-11T12:27:10","modified_gmt":"2023-07-11T10:27:10","slug":"preinscripcio-curs-2023-24","status":"publish","type":"post","link":"https:\/\/agora.xtec.cat\/colsagradafamilia-larapita\/general\/preinscripcio-curs-2023-24\/","title":{"rendered":"Preinscripci\u00f3 Curs 2023-24"},"content":{"rendered":"<p style=\"text-align: center;\"><a href=\"https:\/\/agora.xtec.cat\/colsagradafamilia-larapita\/wp-content\/uploads\/usu1161\/2023\/03\/PREINSCRIPCIO-CURS-23-24-pAGINA-WEB.jpg\"><img loading=\"lazy\" decoding=\"async\" class=\"aligncenter wp-image-5071\" src=\"https:\/\/agora.xtec.cat\/colsagradafamilia-larapita\/wp-content\/uploads\/usu1161\/2023\/03\/PREINSCRIPCIO-CURS-23-24-pAGINA-WEB.jpg\" alt=\"\" width=\"562\" height=\"562\" srcset=\"https:\/\/agora.xtec.cat\/colsagradafamilia-larapita\/wp-content\/uploads\/usu1161\/2023\/03\/PREINSCRIPCIO-CURS-23-24-pAGINA-WEB.jpg 1080w, https:\/\/agora.xtec.cat\/colsagradafamilia-larapita\/wp-content\/uploads\/usu1161\/2023\/03\/PREINSCRIPCIO-CURS-23-24-pAGINA-WEB-300x300.jpg 300w, https:\/\/agora.xtec.cat\/colsagradafamilia-larapita\/wp-content\/uploads\/usu1161\/2023\/03\/PREINSCRIPCIO-CURS-23-24-pAGINA-WEB-1024x1024.jpg 1024w, https:\/\/agora.xtec.cat\/colsagradafamilia-larapita\/wp-content\/uploads\/usu1161\/2023\/03\/PREINSCRIPCIO-CURS-23-24-pAGINA-WEB-150x150.jpg 150w, https:\/\/agora.xtec.cat\/colsagradafamilia-larapita\/wp-content\/uploads\/usu1161\/2023\/03\/PREINSCRIPCIO-CURS-23-24-pAGINA-WEB-768x768.jpg 768w\" sizes=\"auto, (max-width: 562px) 100vw, 562px\" \/><\/a><\/p>\n<p style=\"text-align: justify;\">Dilluns 6 de mar\u00e7 comen\u00e7a el per\u00edode de preinscripci\u00f3 per a Educaci\u00f3 Infantil i Educaci\u00f3 Prim\u00e0ria, el 8 de mar\u00e7 comen\u00e7ar\u00e0\u00a0 per a l&#8217;ESO. La preinscripci\u00f3 finalitzar\u00e0 per a totes les etapes el 20 de mar\u00e7.<\/p>\n<p style=\"text-align: justify;\">El centre est\u00e0 a disposici\u00f3 de les fam\u00edlies\u00a0 per donar suport inform\u00e0tic a tothom que ho necessiti. Podeu trucar al tel\u00e8fon <strong>977740162<\/strong> per demanar<strong> cita pr\u00e8via<\/strong>. \u00c9s convenient que ens porteu la documentaci\u00f3 necess\u00e0ria tal com s&#8217;explica a la guia.<\/p>\n<p><a href=\"http:\/\/preinscripcio.gencat.cat\">http:\/\/preinscripcio.gencat.cat<\/a><\/p>\n<p style=\"text-align: justify;\">L&#8217;horari d&#8217;atenci\u00f3 \u00e9s de<strong> 9h a 13h i de 15:30h a 18h<\/strong>.<\/p>\n<p>Oferta inicial del centre: <a href=\"https:\/\/agora.xtec.cat\/colsagradafamilia-larapita\/wp-content\/uploads\/usu1161\/2023\/03\/OFERTA-INICIAL-DEL-CENTRE.pdf\">OFERTA INICIAL DEL CENTRE<\/a><\/p>\n<p>Oferta definitiva de places 9\/6\/2023: <a href=\"https:\/\/agora.xtec.cat\/colsagradafamilia-larapita\/wp-content\/uploads\/usu1161\/2023\/03\/OFERTA-DEFINITIVA-DE-PLACES.pdf\">OFERTA DEFINITIVA DE PLACES<\/a><\/p>\n<p>Alumnes assignats al centre 12\/6\/2023: <a href=\"https:\/\/agora.xtec.cat\/colsagradafamilia-larapita\/wp-content\/uploads\/usu1161\/2023\/03\/ALUMNES-ASSIGNATS-AL-CENTRE.pdf\">ALUMNES ASSIGNATS AL CENTRE<\/a><\/p>\n<p>LLista d&#8217;espera 12\/6\/2023: <a href=\"https:\/\/agora.xtec.cat\/colsagradafamilia-larapita\/wp-content\/uploads\/usu1161\/2023\/03\/LLISTA-DESPERA-DEL-CENTRE.pdf\">LLISTA D&#8217;ESPERA DEL CENTRE<\/a><\/p>\n<p>&nbsp;<\/p>\n<p>&nbsp;<\/p>\n<p>&nbsp;<\/p>\n","protected":false},"excerpt":{"rendered":"<p><a href=\"https:\/\/agora.xtec.cat\/colsagradafamilia-larapita\/wp-content\/uploads\/usu1161\/2023\/03\/PREINSCRIPCIO-CURS-23-24-pAGINA-WEB.jpg\"><\/a><br \/>\nDilluns 6 de mar\u00e7 comen\u00e7a el per\u00edode de preinscripci\u00f3 per a Educaci\u00f3 Infantil i Educaci\u00f3 Prim\u00e0ria, el 8 de mar\u00e7 comen\u00e7ar\u00e0\u00a0 per a l&#8217;ESO. La preinscripci\u00f3 finalitzar\u00e0 per a totes les etapes el 20 de mar\u00e7.<br \/>\nEl centre est\u00e0 a disposici\u00f3 de les fam\u00edlies\u00a0 per&hellip;  <a href=\"https:\/\/agora.xtec.cat\/colsagradafamilia-larapita\/general\/preinscripcio-curs-2023-24\/\" title=\"Read Preinscripci\u00f3 Curs 2023-24\">Llegeix m\u00e9s\u00bb<\/a><\/p>\n","protected":false},"author":1,"featured_media":5071,"comment_status":"open","ping_status":"closed","sticky":false,"template":"","format":"standard","meta":{"_bbp_topic_count":0,"_bbp_reply_count":0,"_bbp_total_topic_count":0,"_bbp_total_reply_count":0,"_bbp_voice_count":0,"_bbp_anonymous_reply_count":0,"_bbp_topic_count_hidden":0,"_bbp_reply_count_hidden":0,"_bbp_forum_subforum_count":0,"footnotes":""},"categories":[96,103,1,29],"tags":[],"class_list":["post-5061","post","type-post","status-publish","format-standard","has-post-thumbnail","hentry","category-educacioprimaria","category-educaciosecundaria","category-general","category-portada"],"post_mailing_queue_ids":[],"_links":{"self":[{"href":"https:\/\/agora.xtec.cat\/colsagradafamilia-larapita\/wp-json\/wp\/v2\/posts\/5061","targetHints":{"allow":["GET"]}}],"collection":[{"href":"https:\/\/agora.xtec.cat\/colsagradafamilia-larapita\/wp-json\/wp\/v2\/posts"}],"about":[{"href":"https:\/\/agora.xtec.cat\/colsagradafamilia-larapita\/wp-json\/wp\/v2\/types\/post"}],"author":[{"embeddable":true,"href":"https:\/\/agora.xtec.cat\/colsagradafamilia-larapita\/wp-json\/wp\/v2\/users\/1"}],"replies":[{"embeddable":true,"href":"https:\/\/agora.xtec.cat\/colsagradafamilia-larapita\/wp-json\/wp\/v2\/comments?post=5061"}],"version-history":[{"count":3,"href":"https:\/\/agora.xtec.cat\/colsagradafamilia-larapita\/wp-json\/wp\/v2\/posts\/5061\/revisions"}],"predecessor-version":[{"id":5231,"href":"https:\/\/agora.xtec.cat\/colsagradafamilia-larapita\/wp-json\/wp\/v2\/posts\/5061\/revisions\/5231"}],"wp:featuredmedia":[{"embeddable":true,"href":"https:\/\/agora.xtec.cat\/colsagradafamilia-larapita\/wp-json\/wp\/v2\/media\/5071"}],"wp:attachment":[{"href":"https:\/\/agora.xtec.cat\/colsagradafamilia-larapita\/wp-json\/wp\/v2\/media?parent=5061"}],"wp:term":[{"taxonomy":"category","embeddable":true,"href":"https:\/\/agora.xtec.cat\/colsagradafamilia-larapita\/wp-json\/wp\/v2\/categories?post=5061"},{"taxonomy":"post_tag","embeddable":true,"href":"https:\/\/agora.xtec.cat\/colsagradafamilia-larapita\/wp-json\/wp\/v2\/tags?post=5061"}],"curies":[{"name":"wp","href":"https:\/\/api.w.org\/{rel}","templated":true}]}}