{"id":4839,"date":"2023-02-01T15:06:32","date_gmt":"2023-02-01T14:06:32","guid":{"rendered":"https:\/\/agora.xtec.cat\/colsagradafamilia-larapita\/?p=4839"},"modified":"2023-02-01T15:06:34","modified_gmt":"2023-02-01T14:06:34","slug":"ix-copa-cangur","status":"publish","type":"post","link":"https:\/\/agora.xtec.cat\/colsagradafamilia-larapita\/general\/ix-copa-cangur\/","title":{"rendered":"IX Copa Cangur"},"content":{"rendered":"<p style=\"text-align: justify;\">El passat dijous 19 de gener es va celebrar la IX Copa Cangur, un concurs presencial de resoluci\u00f3 de problemes matem\u00e0tics que t\u00e9 per objectiu motivar els estudiants de secund\u00e0ria en l\u2019aprenentatge de la ci\u00e8ncia i la l\u00f2gica matem\u00e0tica. Aquesta primera fase s\u2019ha celebrat conjuntament amb altres seus d\u2019arreu del pa\u00eds.<\/p>\n<p style=\"text-align: justify;\">En aquesta primera fase de la Copa Cangur, que ha organitzat el nostre col\u00b7legi juntament amb el Campus Terres de l\u2019Ebre, la Societat Catalana de Matem\u00e0tiques, i amb el suport log\u00edstic d\u2019eXplorium, han participat\u00a0 alumnes de 1r, 2n,3r i 4t d\u2019ESO de diversos centres de secund\u00e0ria del territori. Aquesta edici\u00f3 per\u00f2, el concurs s&#8217;ha ampliat a dues categories: cadet i junior.<\/p>\n<p style=\"text-align: justify;\">Concretament, el concurs consisteix en resoldre 15 problemes de matem\u00e0tiques i de l\u00f2gica matem\u00e0tica en nom\u00e9s una hora. Es tracta d\u2019una cursa contrarellotge en qu\u00e8 la puntuaci\u00f3 obtinguda per cada problema va variant durant el concurs i, per tant, la estrat\u00e8gia d\u2019equip \u00e9s molt important. Durant el desenvolupament de la prova els equips poden seguir en directe l\u2019estat del concurs, tant la puntuaci\u00f3 i la classificaci\u00f3 com els encerts i errors que porten acumulats cadascun dels participants el que dona encara m\u00e9s emoci\u00f3 a la lluita.<\/p>\n<p style=\"text-align: justify;\">El nostre alumnat s\u2019ho ha passat genial durant la jornada i a m\u00e9s a m\u00e9s, han tingut l\u2019oportunitat de compartir el gust per les matem\u00e0tiques amb altres adolescents de la seva edat amb les mateixes inquietuds.<\/p>\n<p style=\"text-align: justify;\">L\u2019estrat\u00e8gia adoptada durant el torneig ha estat conservadora per part dels dos equips cadets, d&#8217;altra banda els dos equips juniors han fallat el j\u00f2quer i aquest fet els ha penalitzat bastant. La major part dels equips han quedat prou b\u00e9 pel que fa a la classificaci\u00f3, fins i tot hem fet p\u00f2dium, ja que un equip de la categoria cadet ha quedat en segona posici\u00f3.<\/p>\n<p><a href=\"https:\/\/agora.xtec.cat\/colsagradafamilia-larapita\/wp-content\/uploads\/usu1161\/2023\/02\/2n_SAFA_Rapita_A_2.jpeg\"><img loading=\"lazy\" decoding=\"async\" class=\"aligncenter wp-image-4840\" src=\"https:\/\/agora.xtec.cat\/colsagradafamilia-larapita\/wp-content\/uploads\/usu1161\/2023\/02\/2n_SAFA_Rapita_A_2.jpeg\" alt=\"\" width=\"600\" height=\"450\" srcset=\"https:\/\/agora.xtec.cat\/colsagradafamilia-larapita\/wp-content\/uploads\/usu1161\/2023\/02\/2n_SAFA_Rapita_A_2.jpeg 2048w, https:\/\/agora.xtec.cat\/colsagradafamilia-larapita\/wp-content\/uploads\/usu1161\/2023\/02\/2n_SAFA_Rapita_A_2-300x225.jpeg 300w, https:\/\/agora.xtec.cat\/colsagradafamilia-larapita\/wp-content\/uploads\/usu1161\/2023\/02\/2n_SAFA_Rapita_A_2-1024x769.jpeg 1024w, https:\/\/agora.xtec.cat\/colsagradafamilia-larapita\/wp-content\/uploads\/usu1161\/2023\/02\/2n_SAFA_Rapita_A_2-768x576.jpeg 768w, https:\/\/agora.xtec.cat\/colsagradafamilia-larapita\/wp-content\/uploads\/usu1161\/2023\/02\/2n_SAFA_Rapita_A_2-1536x1153.jpeg 1536w, https:\/\/agora.xtec.cat\/colsagradafamilia-larapita\/wp-content\/uploads\/usu1161\/2023\/02\/2n_SAFA_Rapita_A_2-200x150.jpeg 200w\" sizes=\"auto, (max-width: 600px) 100vw, 600px\" \/><\/a> <a href=\"https:\/\/agora.xtec.cat\/colsagradafamilia-larapita\/wp-content\/uploads\/usu1161\/2023\/02\/SAFA-Rapita-1.jpeg\"><img loading=\"lazy\" decoding=\"async\" class=\"aligncenter wp-image-4841\" src=\"https:\/\/agora.xtec.cat\/colsagradafamilia-larapita\/wp-content\/uploads\/usu1161\/2023\/02\/SAFA-Rapita-1.jpeg\" alt=\"\" width=\"600\" height=\"450\" srcset=\"https:\/\/agora.xtec.cat\/colsagradafamilia-larapita\/wp-content\/uploads\/usu1161\/2023\/02\/SAFA-Rapita-1.jpeg 2048w, https:\/\/agora.xtec.cat\/colsagradafamilia-larapita\/wp-content\/uploads\/usu1161\/2023\/02\/SAFA-Rapita-1-300x225.jpeg 300w, https:\/\/agora.xtec.cat\/colsagradafamilia-larapita\/wp-content\/uploads\/usu1161\/2023\/02\/SAFA-Rapita-1-1024x768.jpeg 1024w, https:\/\/agora.xtec.cat\/colsagradafamilia-larapita\/wp-content\/uploads\/usu1161\/2023\/02\/SAFA-Rapita-1-768x576.jpeg 768w, https:\/\/agora.xtec.cat\/colsagradafamilia-larapita\/wp-content\/uploads\/usu1161\/2023\/02\/SAFA-Rapita-1-1536x1152.jpeg 1536w, https:\/\/agora.xtec.cat\/colsagradafamilia-larapita\/wp-content\/uploads\/usu1161\/2023\/02\/SAFA-Rapita-1-200x150.jpeg 200w\" sizes=\"auto, (max-width: 600px) 100vw, 600px\" \/><\/a> <a href=\"https:\/\/agora.xtec.cat\/colsagradafamilia-larapita\/wp-content\/uploads\/usu1161\/2023\/02\/SAFA-Rapita-2.jpeg\"><img loading=\"lazy\" decoding=\"async\" class=\"aligncenter wp-image-4842\" src=\"https:\/\/agora.xtec.cat\/colsagradafamilia-larapita\/wp-content\/uploads\/usu1161\/2023\/02\/SAFA-Rapita-2.jpeg\" alt=\"\" width=\"600\" height=\"450\" srcset=\"https:\/\/agora.xtec.cat\/colsagradafamilia-larapita\/wp-content\/uploads\/usu1161\/2023\/02\/SAFA-Rapita-2.jpeg 2048w, https:\/\/agora.xtec.cat\/colsagradafamilia-larapita\/wp-content\/uploads\/usu1161\/2023\/02\/SAFA-Rapita-2-300x225.jpeg 300w, https:\/\/agora.xtec.cat\/colsagradafamilia-larapita\/wp-content\/uploads\/usu1161\/2023\/02\/SAFA-Rapita-2-1024x768.jpeg 1024w, https:\/\/agora.xtec.cat\/colsagradafamilia-larapita\/wp-content\/uploads\/usu1161\/2023\/02\/SAFA-Rapita-2-768x576.jpeg 768w, https:\/\/agora.xtec.cat\/colsagradafamilia-larapita\/wp-content\/uploads\/usu1161\/2023\/02\/SAFA-Rapita-2-1536x1152.jpeg 1536w, https:\/\/agora.xtec.cat\/colsagradafamilia-larapita\/wp-content\/uploads\/usu1161\/2023\/02\/SAFA-Rapita-2-200x150.jpeg 200w\" sizes=\"auto, (max-width: 600px) 100vw, 600px\" \/><\/a> <a href=\"https:\/\/agora.xtec.cat\/colsagradafamilia-larapita\/wp-content\/uploads\/usu1161\/2023\/02\/SAFA-Rapita-3.jpeg\"><img loading=\"lazy\" decoding=\"async\" class=\"aligncenter wp-image-4843\" src=\"https:\/\/agora.xtec.cat\/colsagradafamilia-larapita\/wp-content\/uploads\/usu1161\/2023\/02\/SAFA-Rapita-3.jpeg\" alt=\"\" width=\"600\" height=\"450\" srcset=\"https:\/\/agora.xtec.cat\/colsagradafamilia-larapita\/wp-content\/uploads\/usu1161\/2023\/02\/SAFA-Rapita-3.jpeg 2048w, https:\/\/agora.xtec.cat\/colsagradafamilia-larapita\/wp-content\/uploads\/usu1161\/2023\/02\/SAFA-Rapita-3-300x225.jpeg 300w, https:\/\/agora.xtec.cat\/colsagradafamilia-larapita\/wp-content\/uploads\/usu1161\/2023\/02\/SAFA-Rapita-3-1024x768.jpeg 1024w, https:\/\/agora.xtec.cat\/colsagradafamilia-larapita\/wp-content\/uploads\/usu1161\/2023\/02\/SAFA-Rapita-3-768x576.jpeg 768w, https:\/\/agora.xtec.cat\/colsagradafamilia-larapita\/wp-content\/uploads\/usu1161\/2023\/02\/SAFA-Rapita-3-1536x1152.jpeg 1536w, https:\/\/agora.xtec.cat\/colsagradafamilia-larapita\/wp-content\/uploads\/usu1161\/2023\/02\/SAFA-Rapita-3-200x150.jpeg 200w\" sizes=\"auto, (max-width: 600px) 100vw, 600px\" \/><\/a> <a href=\"https:\/\/agora.xtec.cat\/colsagradafamilia-larapita\/wp-content\/uploads\/usu1161\/2023\/02\/SAFA-Rapita-4.jpeg\"><img loading=\"lazy\" decoding=\"async\" class=\"aligncenter wp-image-4844\" src=\"https:\/\/agora.xtec.cat\/colsagradafamilia-larapita\/wp-content\/uploads\/usu1161\/2023\/02\/SAFA-Rapita-4.jpeg\" alt=\"\" width=\"600\" height=\"450\" srcset=\"https:\/\/agora.xtec.cat\/colsagradafamilia-larapita\/wp-content\/uploads\/usu1161\/2023\/02\/SAFA-Rapita-4.jpeg 2048w, https:\/\/agora.xtec.cat\/colsagradafamilia-larapita\/wp-content\/uploads\/usu1161\/2023\/02\/SAFA-Rapita-4-300x225.jpeg 300w, https:\/\/agora.xtec.cat\/colsagradafamilia-larapita\/wp-content\/uploads\/usu1161\/2023\/02\/SAFA-Rapita-4-1024x768.jpeg 1024w, https:\/\/agora.xtec.cat\/colsagradafamilia-larapita\/wp-content\/uploads\/usu1161\/2023\/02\/SAFA-Rapita-4-768x576.jpeg 768w, https:\/\/agora.xtec.cat\/colsagradafamilia-larapita\/wp-content\/uploads\/usu1161\/2023\/02\/SAFA-Rapita-4-1536x1152.jpeg 1536w, https:\/\/agora.xtec.cat\/colsagradafamilia-larapita\/wp-content\/uploads\/usu1161\/2023\/02\/SAFA-Rapita-4-200x150.jpeg 200w\" sizes=\"auto, (max-width: 600px) 100vw, 600px\" \/><\/a><\/p>\n","protected":false},"excerpt":{"rendered":"<p>El passat dijous 19 de gener es va celebrar la IX Copa Cangur, un concurs presencial de resoluci\u00f3 de problemes matem\u00e0tics que t\u00e9 per objectiu motivar els estudiants de secund\u00e0ria en l\u2019aprenentatge de la ci\u00e8ncia i la l\u00f2gica matem\u00e0tica. Aquesta primera fase s\u2019ha celebrat conjuntament&hellip;  <a href=\"https:\/\/agora.xtec.cat\/colsagradafamilia-larapita\/general\/ix-copa-cangur\/\" title=\"Read IX Copa Cangur\">Llegeix m\u00e9s\u00bb<\/a><\/p>\n","protected":false},"author":1,"featured_media":4840,"comment_status":"open","ping_status":"closed","sticky":false,"template":"","format":"standard","meta":{"_bbp_topic_count":0,"_bbp_reply_count":0,"_bbp_total_topic_count":0,"_bbp_total_reply_count":0,"_bbp_voice_count":0,"_bbp_anonymous_reply_count":0,"_bbp_topic_count_hidden":0,"_bbp_reply_count_hidden":0,"_bbp_forum_subforum_count":0,"footnotes":""},"categories":[104,1,29],"tags":[],"class_list":["post-4839","post","type-post","status-publish","format-standard","has-post-thumbnail","hentry","category-1eso","category-general","category-portada"],"post_mailing_queue_ids":[],"_links":{"self":[{"href":"https:\/\/agora.xtec.cat\/colsagradafamilia-larapita\/wp-json\/wp\/v2\/posts\/4839","targetHints":{"allow":["GET"]}}],"collection":[{"href":"https:\/\/agora.xtec.cat\/colsagradafamilia-larapita\/wp-json\/wp\/v2\/posts"}],"about":[{"href":"https:\/\/agora.xtec.cat\/colsagradafamilia-larapita\/wp-json\/wp\/v2\/types\/post"}],"author":[{"embeddable":true,"href":"https:\/\/agora.xtec.cat\/colsagradafamilia-larapita\/wp-json\/wp\/v2\/users\/1"}],"replies":[{"embeddable":true,"href":"https:\/\/agora.xtec.cat\/colsagradafamilia-larapita\/wp-json\/wp\/v2\/comments?post=4839"}],"version-history":[{"count":2,"href":"https:\/\/agora.xtec.cat\/colsagradafamilia-larapita\/wp-json\/wp\/v2\/posts\/4839\/revisions"}],"predecessor-version":[{"id":4846,"href":"https:\/\/agora.xtec.cat\/colsagradafamilia-larapita\/wp-json\/wp\/v2\/posts\/4839\/revisions\/4846"}],"wp:featuredmedia":[{"embeddable":true,"href":"https:\/\/agora.xtec.cat\/colsagradafamilia-larapita\/wp-json\/wp\/v2\/media\/4840"}],"wp:attachment":[{"href":"https:\/\/agora.xtec.cat\/colsagradafamilia-larapita\/wp-json\/wp\/v2\/media?parent=4839"}],"wp:term":[{"taxonomy":"category","embeddable":true,"href":"https:\/\/agora.xtec.cat\/colsagradafamilia-larapita\/wp-json\/wp\/v2\/categories?post=4839"},{"taxonomy":"post_tag","embeddable":true,"href":"https:\/\/agora.xtec.cat\/colsagradafamilia-larapita\/wp-json\/wp\/v2\/tags?post=4839"}],"curies":[{"name":"wp","href":"https:\/\/api.w.org\/{rel}","templated":true}]}}