{"id":4676,"date":"2022-10-15T09:38:32","date_gmt":"2022-10-15T07:38:32","guid":{"rendered":"https:\/\/agora.xtec.cat\/colsagradafamilia-larapita\/?p=4676"},"modified":"2022-10-15T09:38:32","modified_gmt":"2022-10-15T07:38:32","slug":"vii-nit-de-lensenyament","status":"publish","type":"post","link":"https:\/\/agora.xtec.cat\/colsagradafamilia-larapita\/general\/vii-nit-de-lensenyament\/","title":{"rendered":"VII Nit de l&#8217;Ensenyament"},"content":{"rendered":"<p style=\"text-align: center;\"><iframe loading=\"lazy\" src=\"https:\/\/drive.google.com\/file\/d\/1qpnOB8wTkZiBj57LBx57NwYE6dl6foAr\/preview\" width=\"640\" height=\"480\"><\/iframe><\/p>\n<p style=\"text-align: justify;\">Aquest divendres passat, a l&#8217;Auditori Sixto Mir de la nostra poblaci\u00f3, s&#8217;ha celebrat la VII Nit de l&#8217;Ensenyament. En aquest acte s&#8217;ha reconegut el treball i l&#8217;esfor\u00e7 de l&#8217;alumnat rapitenc que ha destacat per motius acad\u00e8mics, ha guanyat premis o s&#8217;ha situat en els r\u00e0nquings m\u00e9s alts de cet\u00e0mens.<\/p>\n<p style=\"text-align: justify;\">El nostre centre s&#8217;ha endut diversos reconeixements en els \u00e0mbits de llengua i matem\u00e0tiques: Premi Domingo Riba, IX Jocs Florals, Prova Cangur i Fotografia Matem\u00e0tica APMCM. L&#8217;alumnat ha estat obsequiat amb un lot de llibres i un val per gastar en quatre botigues de la poblaci\u00f3. Tot i aix\u00f2, l&#8217;orgull i la satisfacci\u00f3 personal en l&#8217;assoliment d&#8217;aquells reptes i objectius marcats \u00e9s el premi m\u00e9s preuat.<\/p>\n<p style=\"text-align: justify;\">En aquest acte tamb\u00e9 han assistit l&#8217;alcalde, la regidora d&#8217;educaci\u00f3, la directora dels Serveis Territorials d&#8217;Educaci\u00f3 i el conseller d&#8217;Educaci\u00f3 de Catalunya. Alguns d&#8217;ells han fet l&#8217;entrega de premis als galardonats.<\/p>\n<p style=\"text-align: justify;\">A m\u00e9s a m\u00e9s, s&#8217;ha celebrat el 40\u00e8 aniversari dels estudis d&#8217;aq\u00fcicultura de la R\u00e0pita, aix\u00ed com la jubilaci\u00f3 d&#8217;una mestra que va treballa a la nostra escola fa molts d&#8217;anys.<\/p>\n","protected":false},"excerpt":{"rendered":"<p>Aquest divendres passat, a l&#8217;Auditori Sixto Mir de la nostra poblaci\u00f3, s&#8217;ha celebrat la VII Nit de l&#8217;Ensenyament. En aquest acte s&#8217;ha reconegut el treball i l&#8217;esfor\u00e7 de l&#8217;alumnat rapitenc que ha destacat per motius acad\u00e8mics, ha guanyat premis o s&#8217;ha situat en els r\u00e0nquings&hellip;  <a href=\"https:\/\/agora.xtec.cat\/colsagradafamilia-larapita\/general\/vii-nit-de-lensenyament\/\" title=\"Read VII Nit de l&#8217;Ensenyament\">Llegeix m\u00e9s\u00bb<\/a><\/p>\n","protected":false},"author":1,"featured_media":4677,"comment_status":"open","ping_status":"closed","sticky":false,"template":"","format":"standard","meta":{"_bbp_topic_count":0,"_bbp_reply_count":0,"_bbp_total_topic_count":0,"_bbp_total_reply_count":0,"_bbp_voice_count":0,"_bbp_anonymous_reply_count":0,"_bbp_topic_count_hidden":0,"_bbp_reply_count_hidden":0,"_bbp_forum_subforum_count":0,"footnotes":""},"categories":[101,103,1,29],"tags":[],"class_list":["post-4676","post","type-post","status-publish","format-standard","has-post-thumbnail","hentry","category-5ep","category-educaciosecundaria","category-general","category-portada"],"post_mailing_queue_ids":[],"_links":{"self":[{"href":"https:\/\/agora.xtec.cat\/colsagradafamilia-larapita\/wp-json\/wp\/v2\/posts\/4676","targetHints":{"allow":["GET"]}}],"collection":[{"href":"https:\/\/agora.xtec.cat\/colsagradafamilia-larapita\/wp-json\/wp\/v2\/posts"}],"about":[{"href":"https:\/\/agora.xtec.cat\/colsagradafamilia-larapita\/wp-json\/wp\/v2\/types\/post"}],"author":[{"embeddable":true,"href":"https:\/\/agora.xtec.cat\/colsagradafamilia-larapita\/wp-json\/wp\/v2\/users\/1"}],"replies":[{"embeddable":true,"href":"https:\/\/agora.xtec.cat\/colsagradafamilia-larapita\/wp-json\/wp\/v2\/comments?post=4676"}],"version-history":[{"count":1,"href":"https:\/\/agora.xtec.cat\/colsagradafamilia-larapita\/wp-json\/wp\/v2\/posts\/4676\/revisions"}],"predecessor-version":[{"id":4678,"href":"https:\/\/agora.xtec.cat\/colsagradafamilia-larapita\/wp-json\/wp\/v2\/posts\/4676\/revisions\/4678"}],"wp:featuredmedia":[{"embeddable":true,"href":"https:\/\/agora.xtec.cat\/colsagradafamilia-larapita\/wp-json\/wp\/v2\/media\/4677"}],"wp:attachment":[{"href":"https:\/\/agora.xtec.cat\/colsagradafamilia-larapita\/wp-json\/wp\/v2\/media?parent=4676"}],"wp:term":[{"taxonomy":"category","embeddable":true,"href":"https:\/\/agora.xtec.cat\/colsagradafamilia-larapita\/wp-json\/wp\/v2\/categories?post=4676"},{"taxonomy":"post_tag","embeddable":true,"href":"https:\/\/agora.xtec.cat\/colsagradafamilia-larapita\/wp-json\/wp\/v2\/tags?post=4676"}],"curies":[{"name":"wp","href":"https:\/\/api.w.org\/{rel}","templated":true}]}}