{"id":4595,"date":"2022-09-15T11:46:02","date_gmt":"2022-09-15T09:46:02","guid":{"rendered":"https:\/\/agora.xtec.cat\/colsagradafamilia-larapita\/?p=4595"},"modified":"2022-09-15T11:47:14","modified_gmt":"2022-09-15T09:47:14","slug":"engeguem-el-projecte-uklee-ukelela","status":"publish","type":"post","link":"https:\/\/agora.xtec.cat\/colsagradafamilia-larapita\/general\/engeguem-el-projecte-uklee-ukelela\/","title":{"rendered":"Engeguem el projecte Ukelel\u00e9 Ukelel\u00e0"},"content":{"rendered":"<p style=\"text-align: justify;\">Aquest curs iniciem un nou projecte al nostre col\u00b7legi per tal de fomentar i impulsar l\u2019educaci\u00f3 art\u00edstica del nostre alumnat. Es tracta del projecte l\u2019ukelele a l\u2019escola.<\/p>\n<p style=\"text-align: justify;\">Membres del nostre equip docent musical s\u2019han format amb el projecte Ukelel\u00e9 Ukelel\u00e0, que \u00e9s un projecte de did\u00e0ctica de l\u2019ukelele creat per Violant Olivares i Eduardo Hern\u00e1ndez amb l\u2019objectiu d\u2019acompanyar i oferir recursos als docents que vulguin impulsar la pr\u00e0ctica instrumental amb l\u2019ukelele a les escoles.<\/p>\n<p style=\"text-align: justify;\">Esperem que el nostre alumnat pugui gaudir molt\u00edssim fent m\u00fasica! Amunt els ukes! Aloha!<\/p>\n<p style=\"text-align: justify;\"><a href=\"https:\/\/agora.xtec.cat\/colsagradafamilia-larapita\/wp-content\/uploads\/usu1161\/2022\/09\/Ukeleles.jpg\"><img loading=\"lazy\" decoding=\"async\" class=\"aligncenter size-full wp-image-4596\" src=\"https:\/\/agora.xtec.cat\/colsagradafamilia-larapita\/wp-content\/uploads\/usu1161\/2022\/09\/Ukeleles.jpg\" alt=\"\" width=\"1536\" height=\"2048\" srcset=\"https:\/\/agora.xtec.cat\/colsagradafamilia-larapita\/wp-content\/uploads\/usu1161\/2022\/09\/Ukeleles.jpg 1536w, https:\/\/agora.xtec.cat\/colsagradafamilia-larapita\/wp-content\/uploads\/usu1161\/2022\/09\/Ukeleles-225x300.jpg 225w, https:\/\/agora.xtec.cat\/colsagradafamilia-larapita\/wp-content\/uploads\/usu1161\/2022\/09\/Ukeleles-768x1024.jpg 768w, https:\/\/agora.xtec.cat\/colsagradafamilia-larapita\/wp-content\/uploads\/usu1161\/2022\/09\/Ukeleles-1152x1536.jpg 1152w\" sizes=\"auto, (max-width: 1536px) 100vw, 1536px\" \/><\/a><\/p>\n","protected":false},"excerpt":{"rendered":"<p>Aquest curs iniciem un nou projecte al nostre col\u00b7legi per tal de fomentar i impulsar l\u2019educaci\u00f3 art\u00edstica del nostre alumnat. Es tracta del projecte l\u2019ukelele a l\u2019escola.<br \/>\nMembres del nostre equip docent musical s\u2019han format amb el projecte Ukelel\u00e9 Ukelel\u00e0, que \u00e9s un projecte de did\u00e0ctica&hellip;  <a href=\"https:\/\/agora.xtec.cat\/colsagradafamilia-larapita\/general\/engeguem-el-projecte-uklee-ukelela\/\" title=\"Read Engeguem el projecte Ukelel\u00e9 Ukelel\u00e0\">Llegeix m\u00e9s\u00bb<\/a><\/p>\n","protected":false},"author":1,"featured_media":4596,"comment_status":"open","ping_status":"closed","sticky":false,"template":"","format":"standard","meta":{"_bbp_topic_count":0,"_bbp_reply_count":0,"_bbp_total_topic_count":0,"_bbp_total_reply_count":0,"_bbp_voice_count":0,"_bbp_anonymous_reply_count":0,"_bbp_topic_count_hidden":0,"_bbp_reply_count_hidden":0,"_bbp_forum_subforum_count":0,"footnotes":""},"categories":[101,102,1,29],"tags":[],"class_list":["post-4595","post","type-post","status-publish","format-standard","has-post-thumbnail","hentry","category-5ep","category-6ep","category-general","category-portada"],"post_mailing_queue_ids":[],"_links":{"self":[{"href":"https:\/\/agora.xtec.cat\/colsagradafamilia-larapita\/wp-json\/wp\/v2\/posts\/4595","targetHints":{"allow":["GET"]}}],"collection":[{"href":"https:\/\/agora.xtec.cat\/colsagradafamilia-larapita\/wp-json\/wp\/v2\/posts"}],"about":[{"href":"https:\/\/agora.xtec.cat\/colsagradafamilia-larapita\/wp-json\/wp\/v2\/types\/post"}],"author":[{"embeddable":true,"href":"https:\/\/agora.xtec.cat\/colsagradafamilia-larapita\/wp-json\/wp\/v2\/users\/1"}],"replies":[{"embeddable":true,"href":"https:\/\/agora.xtec.cat\/colsagradafamilia-larapita\/wp-json\/wp\/v2\/comments?post=4595"}],"version-history":[{"count":3,"href":"https:\/\/agora.xtec.cat\/colsagradafamilia-larapita\/wp-json\/wp\/v2\/posts\/4595\/revisions"}],"predecessor-version":[{"id":4602,"href":"https:\/\/agora.xtec.cat\/colsagradafamilia-larapita\/wp-json\/wp\/v2\/posts\/4595\/revisions\/4602"}],"wp:featuredmedia":[{"embeddable":true,"href":"https:\/\/agora.xtec.cat\/colsagradafamilia-larapita\/wp-json\/wp\/v2\/media\/4596"}],"wp:attachment":[{"href":"https:\/\/agora.xtec.cat\/colsagradafamilia-larapita\/wp-json\/wp\/v2\/media?parent=4595"}],"wp:term":[{"taxonomy":"category","embeddable":true,"href":"https:\/\/agora.xtec.cat\/colsagradafamilia-larapita\/wp-json\/wp\/v2\/categories?post=4595"},{"taxonomy":"post_tag","embeddable":true,"href":"https:\/\/agora.xtec.cat\/colsagradafamilia-larapita\/wp-json\/wp\/v2\/tags?post=4595"}],"curies":[{"name":"wp","href":"https:\/\/api.w.org\/{rel}","templated":true}]}}