{"id":4579,"date":"2022-09-02T20:35:03","date_gmt":"2022-09-02T18:35:03","guid":{"rendered":"https:\/\/agora.xtec.cat\/colsagradafamilia-larapita\/?p=4579"},"modified":"2022-09-05T12:21:25","modified_gmt":"2022-09-05T10:21:25","slug":"menu-escolar-curs-2022-23","status":"publish","type":"post","link":"https:\/\/agora.xtec.cat\/colsagradafamilia-larapita\/general\/menu-escolar-curs-2022-23\/","title":{"rendered":"Men\u00fa escolar curs 2022-23"},"content":{"rendered":"<p><img loading=\"lazy\" decoding=\"async\" class=\"aligncenter size-full wp-image-4580\" src=\"https:\/\/agora.xtec.cat\/colsagradafamilia-larapita\/wp-content\/uploads\/usu1161\/2022\/09\/Menu-escolar-curs-2022-2023-pag-1.jpg\" alt=\"\" width=\"1755\" height=\"1241\" srcset=\"https:\/\/agora.xtec.cat\/colsagradafamilia-larapita\/wp-content\/uploads\/usu1161\/2022\/09\/Menu-escolar-curs-2022-2023-pag-1.jpg 1755w, https:\/\/agora.xtec.cat\/colsagradafamilia-larapita\/wp-content\/uploads\/usu1161\/2022\/09\/Menu-escolar-curs-2022-2023-pag-1-300x212.jpg 300w, https:\/\/agora.xtec.cat\/colsagradafamilia-larapita\/wp-content\/uploads\/usu1161\/2022\/09\/Menu-escolar-curs-2022-2023-pag-1-1024x724.jpg 1024w, https:\/\/agora.xtec.cat\/colsagradafamilia-larapita\/wp-content\/uploads\/usu1161\/2022\/09\/Menu-escolar-curs-2022-2023-pag-1-768x543.jpg 768w, https:\/\/agora.xtec.cat\/colsagradafamilia-larapita\/wp-content\/uploads\/usu1161\/2022\/09\/Menu-escolar-curs-2022-2023-pag-1-1536x1086.jpg 1536w\" sizes=\"auto, (max-width: 1755px) 100vw, 1755px\" \/><\/p>\n<p><strong><em>Aclariments:<\/em><\/strong><\/p>\n<p style=\"text-align: justify;\">El men\u00fa pot variar algun dia per falta de subministrament.<\/p>\n<p style=\"text-align: justify;\">La fruita del temps del men\u00fa \u00e9s: poma, pera, mandarina, taronja i pl\u00e0tan; es varia cada dia segons subministrament. Ocasionalment es dona mel\u00f3, albercoc, pr\u00e9ssec, maduixes, etc.<\/p>\n<p style=\"text-align: justify;\">En festes o vig\u00edlies de festa (Pare Palau, vacances de Nadal, Carnaval, Pasqua) es dona per postre un past\u00eds de xocolata o un altre tipus de dol\u00e7.<\/p>\n<p>&nbsp;<\/p>\n","protected":false},"excerpt":{"rendered":"<p>Aclariments:<br \/>\nEl men\u00fa pot variar algun dia per falta de subministrament.<br \/>\nLa fruita del temps del men\u00fa \u00e9s: poma, pera, mandarina, taronja i pl\u00e0tan; es varia cada dia segons subministrament. Ocasionalment es dona mel\u00f3, albercoc, pr\u00e9ssec, maduixes, etc.<br \/>\nEn festes o vig\u00edlies de festa (Pare Palau, vacances de&hellip;  <a href=\"https:\/\/agora.xtec.cat\/colsagradafamilia-larapita\/general\/menu-escolar-curs-2022-23\/\" title=\"Read Men\u00fa escolar curs 2022-23\">Llegeix m\u00e9s\u00bb<\/a><\/p>\n","protected":false},"author":1,"featured_media":4580,"comment_status":"open","ping_status":"closed","sticky":false,"template":"","format":"standard","meta":{"_bbp_topic_count":0,"_bbp_reply_count":0,"_bbp_total_topic_count":0,"_bbp_total_reply_count":0,"_bbp_voice_count":0,"_bbp_anonymous_reply_count":0,"_bbp_topic_count_hidden":0,"_bbp_reply_count_hidden":0,"_bbp_forum_subforum_count":0,"footnotes":""},"categories":[96,103,1,29],"tags":[],"class_list":["post-4579","post","type-post","status-publish","format-standard","has-post-thumbnail","hentry","category-educacioprimaria","category-educaciosecundaria","category-general","category-portada"],"post_mailing_queue_ids":[],"_links":{"self":[{"href":"https:\/\/agora.xtec.cat\/colsagradafamilia-larapita\/wp-json\/wp\/v2\/posts\/4579","targetHints":{"allow":["GET"]}}],"collection":[{"href":"https:\/\/agora.xtec.cat\/colsagradafamilia-larapita\/wp-json\/wp\/v2\/posts"}],"about":[{"href":"https:\/\/agora.xtec.cat\/colsagradafamilia-larapita\/wp-json\/wp\/v2\/types\/post"}],"author":[{"embeddable":true,"href":"https:\/\/agora.xtec.cat\/colsagradafamilia-larapita\/wp-json\/wp\/v2\/users\/1"}],"replies":[{"embeddable":true,"href":"https:\/\/agora.xtec.cat\/colsagradafamilia-larapita\/wp-json\/wp\/v2\/comments?post=4579"}],"version-history":[{"count":2,"href":"https:\/\/agora.xtec.cat\/colsagradafamilia-larapita\/wp-json\/wp\/v2\/posts\/4579\/revisions"}],"predecessor-version":[{"id":4583,"href":"https:\/\/agora.xtec.cat\/colsagradafamilia-larapita\/wp-json\/wp\/v2\/posts\/4579\/revisions\/4583"}],"wp:featuredmedia":[{"embeddable":true,"href":"https:\/\/agora.xtec.cat\/colsagradafamilia-larapita\/wp-json\/wp\/v2\/media\/4580"}],"wp:attachment":[{"href":"https:\/\/agora.xtec.cat\/colsagradafamilia-larapita\/wp-json\/wp\/v2\/media?parent=4579"}],"wp:term":[{"taxonomy":"category","embeddable":true,"href":"https:\/\/agora.xtec.cat\/colsagradafamilia-larapita\/wp-json\/wp\/v2\/categories?post=4579"},{"taxonomy":"post_tag","embeddable":true,"href":"https:\/\/agora.xtec.cat\/colsagradafamilia-larapita\/wp-json\/wp\/v2\/tags?post=4579"}],"curies":[{"name":"wp","href":"https:\/\/api.w.org\/{rel}","templated":true}]}}