{"id":4498,"date":"2022-06-10T07:34:06","date_gmt":"2022-06-10T05:34:06","guid":{"rendered":"https:\/\/agora.xtec.cat\/colsagradafamilia-larapita\/?p=4498"},"modified":"2022-06-10T19:10:04","modified_gmt":"2022-06-10T17:10:04","slug":"excursio-a-tarraco-romana","status":"publish","type":"post","link":"https:\/\/agora.xtec.cat\/colsagradafamilia-larapita\/general\/excursio-a-tarraco-romana\/","title":{"rendered":"Excursi\u00f3 a T\u00e0rraco Romana"},"content":{"rendered":"<p style=\"text-align: justify;\">Dimarts passat, l&#8217;alumnat de 1r a 3r d&#8217;ESO es va despla\u00e7ar fins a Tarragona per tal de visitar les restes arquitect\u00f2niques m\u00e9s importants, que han arribat fins al dia d&#8217;avui, de l&#8217;\u00e8poca romana. Val a dir que la sortida es troba emmarcada dins del Treball de S\u00edntesi que realitzen aquests dies a l&#8217;aula.<\/p>\n<p style=\"text-align: justify;\">Vam iniciar el recorregut en el f\u00f2rum colonial, all\u00ed vam prendre diverses mesures per tal d&#8217;entendre la simetria i les matem\u00e0tiques usades en l&#8217;edificaci\u00f3 de la bas\u00edlica, el tabernae, la c\u00fania,&#8230; tamb\u00e9 vam escoltar, in situ, el relat del guia que ens descrivia la vida i el funcionament de les ciutats romanes.<\/p>\n<p style=\"text-align: justify;\">A continuaci\u00f3 ens vam dirigir a l&#8217;amfiteatre. All\u00ed, tot observant els blocs de pedra i la immensitat del que era en aquella \u00e8poca, ens vam imaginar als gladiadors i a les feres m\u00e9s temibles lluitant fins al final. Uns metres m\u00e9s endavant ens vam endinsar a les voltes de can\u00f3 constru\u00efdes per tal de sostenir les grades, en aquest cas les del circ.<\/p>\n<p style=\"text-align: justify;\">El recorregut va continuar enfilant-se pels carrers de la part alta de la ciutat, diverses places i carrerons dibuixats per un seguit de cases i edificis alts omplen ara el que fa molts anys era el f\u00f2rum provincial i les dues places m\u00e9s importants, la de la representaci\u00f3 i l&#8217;altra on es situava el temple.<\/p>\n<p style=\"text-align: justify;\">Per finalitzar el recorregut vam poder tocar els megalits de la muralla, la qual es conserva solament una tercera part.<\/p>\n<p style=\"text-align: justify;\"><a href=\"https:\/\/agora.xtec.cat\/colsagradafamilia-larapita\/wp-content\/uploads\/usu1161\/2022\/06\/Diseno-sin-titulo-1.jpg\"><img loading=\"lazy\" decoding=\"async\" class=\"aligncenter wp-image-4499\" src=\"https:\/\/agora.xtec.cat\/colsagradafamilia-larapita\/wp-content\/uploads\/usu1161\/2022\/06\/Diseno-sin-titulo-1.jpg\" alt=\"\" width=\"600\" height=\"480\" srcset=\"https:\/\/agora.xtec.cat\/colsagradafamilia-larapita\/wp-content\/uploads\/usu1161\/2022\/06\/Diseno-sin-titulo-1.jpg 2000w, https:\/\/agora.xtec.cat\/colsagradafamilia-larapita\/wp-content\/uploads\/usu1161\/2022\/06\/Diseno-sin-titulo-1-300x240.jpg 300w, https:\/\/agora.xtec.cat\/colsagradafamilia-larapita\/wp-content\/uploads\/usu1161\/2022\/06\/Diseno-sin-titulo-1-1024x819.jpg 1024w, https:\/\/agora.xtec.cat\/colsagradafamilia-larapita\/wp-content\/uploads\/usu1161\/2022\/06\/Diseno-sin-titulo-1-768x614.jpg 768w, https:\/\/agora.xtec.cat\/colsagradafamilia-larapita\/wp-content\/uploads\/usu1161\/2022\/06\/Diseno-sin-titulo-1-1536x1229.jpg 1536w\" sizes=\"auto, (max-width: 600px) 100vw, 600px\" \/><\/a> <a href=\"https:\/\/agora.xtec.cat\/colsagradafamilia-larapita\/wp-content\/uploads\/usu1161\/2022\/06\/Diseno-sin-titulo-2.jpg\"><img loading=\"lazy\" decoding=\"async\" class=\"aligncenter wp-image-4500\" src=\"https:\/\/agora.xtec.cat\/colsagradafamilia-larapita\/wp-content\/uploads\/usu1161\/2022\/06\/Diseno-sin-titulo-2.jpg\" alt=\"\" width=\"600\" height=\"480\" srcset=\"https:\/\/agora.xtec.cat\/colsagradafamilia-larapita\/wp-content\/uploads\/usu1161\/2022\/06\/Diseno-sin-titulo-2.jpg 2000w, https:\/\/agora.xtec.cat\/colsagradafamilia-larapita\/wp-content\/uploads\/usu1161\/2022\/06\/Diseno-sin-titulo-2-300x240.jpg 300w, https:\/\/agora.xtec.cat\/colsagradafamilia-larapita\/wp-content\/uploads\/usu1161\/2022\/06\/Diseno-sin-titulo-2-1024x819.jpg 1024w, https:\/\/agora.xtec.cat\/colsagradafamilia-larapita\/wp-content\/uploads\/usu1161\/2022\/06\/Diseno-sin-titulo-2-768x614.jpg 768w, https:\/\/agora.xtec.cat\/colsagradafamilia-larapita\/wp-content\/uploads\/usu1161\/2022\/06\/Diseno-sin-titulo-2-1536x1229.jpg 1536w\" sizes=\"auto, (max-width: 600px) 100vw, 600px\" \/><\/a> <a href=\"https:\/\/agora.xtec.cat\/colsagradafamilia-larapita\/wp-content\/uploads\/usu1161\/2022\/06\/Diseno-sin-titulo-3.jpg\"><img loading=\"lazy\" decoding=\"async\" class=\"aligncenter wp-image-4501\" src=\"https:\/\/agora.xtec.cat\/colsagradafamilia-larapita\/wp-content\/uploads\/usu1161\/2022\/06\/Diseno-sin-titulo-3.jpg\" alt=\"\" width=\"600\" height=\"480\" srcset=\"https:\/\/agora.xtec.cat\/colsagradafamilia-larapita\/wp-content\/uploads\/usu1161\/2022\/06\/Diseno-sin-titulo-3.jpg 2000w, https:\/\/agora.xtec.cat\/colsagradafamilia-larapita\/wp-content\/uploads\/usu1161\/2022\/06\/Diseno-sin-titulo-3-300x240.jpg 300w, https:\/\/agora.xtec.cat\/colsagradafamilia-larapita\/wp-content\/uploads\/usu1161\/2022\/06\/Diseno-sin-titulo-3-1024x819.jpg 1024w, https:\/\/agora.xtec.cat\/colsagradafamilia-larapita\/wp-content\/uploads\/usu1161\/2022\/06\/Diseno-sin-titulo-3-768x614.jpg 768w, https:\/\/agora.xtec.cat\/colsagradafamilia-larapita\/wp-content\/uploads\/usu1161\/2022\/06\/Diseno-sin-titulo-3-1536x1229.jpg 1536w\" sizes=\"auto, (max-width: 600px) 100vw, 600px\" \/><\/a> <a href=\"https:\/\/agora.xtec.cat\/colsagradafamilia-larapita\/wp-content\/uploads\/usu1161\/2022\/06\/Diseno-sin-titulo.jpg\"><img loading=\"lazy\" decoding=\"async\" class=\"aligncenter wp-image-4502\" src=\"https:\/\/agora.xtec.cat\/colsagradafamilia-larapita\/wp-content\/uploads\/usu1161\/2022\/06\/Diseno-sin-titulo.jpg\" alt=\"\" width=\"600\" height=\"480\" srcset=\"https:\/\/agora.xtec.cat\/colsagradafamilia-larapita\/wp-content\/uploads\/usu1161\/2022\/06\/Diseno-sin-titulo.jpg 2000w, https:\/\/agora.xtec.cat\/colsagradafamilia-larapita\/wp-content\/uploads\/usu1161\/2022\/06\/Diseno-sin-titulo-300x240.jpg 300w, https:\/\/agora.xtec.cat\/colsagradafamilia-larapita\/wp-content\/uploads\/usu1161\/2022\/06\/Diseno-sin-titulo-1024x819.jpg 1024w, https:\/\/agora.xtec.cat\/colsagradafamilia-larapita\/wp-content\/uploads\/usu1161\/2022\/06\/Diseno-sin-titulo-768x614.jpg 768w, https:\/\/agora.xtec.cat\/colsagradafamilia-larapita\/wp-content\/uploads\/usu1161\/2022\/06\/Diseno-sin-titulo-1536x1229.jpg 1536w\" sizes=\"auto, (max-width: 600px) 100vw, 600px\" \/><\/a><\/p>\n","protected":false},"excerpt":{"rendered":"<p>Dimarts passat, l&#8217;alumnat de 1r a 3r d&#8217;ESO es va despla\u00e7ar fins a Tarragona per tal de visitar les restes arquitect\u00f2niques m\u00e9s importants, que han arribat fins al dia d&#8217;avui, de l&#8217;\u00e8poca romana. Val a dir que la sortida es troba emmarcada dins del Treball&hellip;  <a href=\"https:\/\/agora.xtec.cat\/colsagradafamilia-larapita\/general\/excursio-a-tarraco-romana\/\" title=\"Read Excursi\u00f3 a T\u00e0rraco Romana\">Llegeix m\u00e9s\u00bb<\/a><\/p>\n","protected":false},"author":1,"featured_media":4502,"comment_status":"open","ping_status":"closed","sticky":false,"template":"","format":"standard","meta":{"_bbp_topic_count":0,"_bbp_reply_count":0,"_bbp_total_topic_count":0,"_bbp_total_reply_count":0,"_bbp_voice_count":0,"_bbp_anonymous_reply_count":0,"_bbp_topic_count_hidden":0,"_bbp_reply_count_hidden":0,"_bbp_forum_subforum_count":0,"footnotes":""},"categories":[104,105,106,1,29],"tags":[],"class_list":["post-4498","post","type-post","status-publish","format-standard","has-post-thumbnail","hentry","category-1eso","category-2eso","category-3eso","category-general","category-portada"],"post_mailing_queue_ids":[],"_links":{"self":[{"href":"https:\/\/agora.xtec.cat\/colsagradafamilia-larapita\/wp-json\/wp\/v2\/posts\/4498","targetHints":{"allow":["GET"]}}],"collection":[{"href":"https:\/\/agora.xtec.cat\/colsagradafamilia-larapita\/wp-json\/wp\/v2\/posts"}],"about":[{"href":"https:\/\/agora.xtec.cat\/colsagradafamilia-larapita\/wp-json\/wp\/v2\/types\/post"}],"author":[{"embeddable":true,"href":"https:\/\/agora.xtec.cat\/colsagradafamilia-larapita\/wp-json\/wp\/v2\/users\/1"}],"replies":[{"embeddable":true,"href":"https:\/\/agora.xtec.cat\/colsagradafamilia-larapita\/wp-json\/wp\/v2\/comments?post=4498"}],"version-history":[{"count":1,"href":"https:\/\/agora.xtec.cat\/colsagradafamilia-larapita\/wp-json\/wp\/v2\/posts\/4498\/revisions"}],"predecessor-version":[{"id":4503,"href":"https:\/\/agora.xtec.cat\/colsagradafamilia-larapita\/wp-json\/wp\/v2\/posts\/4498\/revisions\/4503"}],"wp:featuredmedia":[{"embeddable":true,"href":"https:\/\/agora.xtec.cat\/colsagradafamilia-larapita\/wp-json\/wp\/v2\/media\/4502"}],"wp:attachment":[{"href":"https:\/\/agora.xtec.cat\/colsagradafamilia-larapita\/wp-json\/wp\/v2\/media?parent=4498"}],"wp:term":[{"taxonomy":"category","embeddable":true,"href":"https:\/\/agora.xtec.cat\/colsagradafamilia-larapita\/wp-json\/wp\/v2\/categories?post=4498"},{"taxonomy":"post_tag","embeddable":true,"href":"https:\/\/agora.xtec.cat\/colsagradafamilia-larapita\/wp-json\/wp\/v2\/tags?post=4498"}],"curies":[{"name":"wp","href":"https:\/\/api.w.org\/{rel}","templated":true}]}}