{"id":4462,"date":"2022-04-25T20:52:25","date_gmt":"2022-04-25T18:52:25","guid":{"rendered":"https:\/\/agora.xtec.cat\/colsagradafamilia-larapita\/?p=4462"},"modified":"2022-04-25T20:52:25","modified_gmt":"2022-04-25T18:52:25","slug":"celebrem-sant-jordi-2","status":"publish","type":"post","link":"https:\/\/agora.xtec.cat\/colsagradafamilia-larapita\/general\/celebrem-sant-jordi-2\/","title":{"rendered":"Celebrem Sant Jordi"},"content":{"rendered":"<p style=\"text-align: justify;\">Com cada any, amb l\u2019arribada de la primavera ens trobem de nou amb una de les festes m\u00e9s assenyalades en el nostre calendari escolar: la diada de Sant Jordi i la celebraci\u00f3 dels Jocs Florals.<\/p>\n<p style=\"text-align: justify;\">L\u2019objectiu dels Jocs Florals sempre ha estat el mateix: potenciar l\u2019expressi\u00f3 i la producci\u00f3 escrita del nostre alumnat per fer evident als nois i les noies de l\u2019escola que l\u2019\u00e9sser hum\u00e0 pot copsar el m\u00f3n a trav\u00e9s dels sentits i expressar les seves sensacions i els seus sentiments mitjan\u00e7ant la paraula. Al mateix temps, l\u2019organitzaci\u00f3 d\u2019aquests Jocs Florals porta impl\u00edcit un altre objectiu: fomentar i difondre una tradici\u00f3 cultural pr\u00f2pia i arrelada al nostre pa\u00eds.<\/p>\n<p style=\"text-align: justify;\">Des de l\u2019escola intentem transmetre l\u2019entusiasme per la creaci\u00f3, la poesia, la imaginaci\u00f3&#8230; Els professors intentem possibilitar que l\u2019alumnat gaudeixi del meravell\u00f3s moment de la creaci\u00f3 i pugui expressar lliurement els seus pensaments i els seus sentiments.\u00a0 \u00c9s per aix\u00f2 que l\u2019alumnat d\u2019ESO participa en els Jocs Florals 2022, concurs amb dues vessants: una d\u2019art\u00edstica i una de liter\u00e0ria. Pel que fa a la part art\u00edstica, hem realitzat un concurs de cartells entre els alumnes de 1r i 3r i un concurs de punts de llibre per als alumnes de 2n.<\/p>\n<p style=\"text-align: justify;\">La part liter\u00e0ria del concurs consisteix a elaborar un relat narratiu de producci\u00f3 pr\u00f2pia i s\u2019organitza en dues categories: una per a 1r i 2n i una per a 3r i 4t. S\u2019han donat tres premis per a cada categoria. Els relats que han obtingut el 1r premi de cada categoria, s\u2019enviaran als Jocs Florals Escolars de Catalunya.<\/p>\n<p style=\"text-align: justify;\">Els m\u00e9s petits de l\u2019escola tamb\u00e9 han participat en aquesta festa tan bonica i esperada. Els nens i nenes d\u2019Educaci\u00f3 Infantil i Cicle Inicial de Prim\u00e0ria han realitzat un concurs de dibuix.<\/p>\n<p style=\"text-align: justify;\">Pel que fa al cicle mitj\u00e0, han participat en un concurs de punts de llibre de Sant Jordi, utilitzant cada alumne la seva t\u00e8cnica escollida.<\/p>\n<p style=\"text-align: justify;\">Finalment, els nens i nenes de Cicle Superior han dut a terme un concurs de logotips per a la biblioteca del centre. El 1r premi de 5\u00e8 i 6\u00e8 seran sotmesos a votaci\u00f3 per tot l\u2019alumnat del centre per tal de decidir quin ser\u00e0 el definitiu que representar\u00e0 la biblioteca de l\u2019escola.<\/p>\n<p style=\"text-align: justify;\">S\u2019han seleccionat tres premiats de cada curs. Tot i aix\u00f2, volem agrair a l\u2019alumnat la seva participaci\u00f3, felicitar-los pel b\u00e9 que ho han fet i encoratjar-los a seguir vivint, volant i creient en la imaginaci\u00f3 per tal de seguir escrivint i aprenent. Ells s\u00f3n la pe\u00e7a fonamental d\u2019aquests concursos i, sense ells, no tindrien sentit.<\/p>\n<p style=\"text-align: justify;\">D\u2019altra banda, a la porta principal de l\u2019escola, s\u2019ha preparat una parada de Sant Jordi on s\u2019han venut llibres de la biblioteca i roses d\u2019un obrador de T\u00e0rrega, <em>el Rosal<\/em>,\u00a0 espai de treball inclusiu on posen en valor les capacitats de les persones que hi treballen. A m\u00e9s a m\u00e9s, tamb\u00e9 s\u2019ha fet recol\u00b7lecta de llibres per a la nostra biblioteca escolar. \u00c9s per aix\u00f2 que volem donar les gr\u00e0cies a totes les persones que heu fet possible aquest dia tan especial i m\u00e0gic.<\/p>\n<p style=\"text-align: justify;\">I, per acabar d\u2019arrodonir el dia, tota la comunitat educativa hem participat en la xocolatada solid\u00e0ria de l\u2019Hospital Sant Joan de D\u00e9u amb el fi de col\u00b7laborar en la investigaci\u00f3 del c\u00e0ncer Infantil.<\/p>\n<p style=\"text-align: justify;\">Sense dubte, ha sigut un dia molt emotiu. Junts fem escola!<\/p>\n<p style=\"text-align: center;\"><iframe loading=\"lazy\" src=\"https:\/\/drive.google.com\/file\/d\/1EfEXJBK_4fRli9AJr5WU4IlgEoYx7V6A\/preview\" width=\"640\" height=\"480\"><\/iframe><\/p>\n<p style=\"text-align: center;\"><iframe loading=\"lazy\" src=\"https:\/\/drive.google.com\/file\/d\/1Rgj7tPueRwxNV7XWf0jhONwaFZYPddLE\/preview\" width=\"640\" height=\"480\"><\/iframe><\/p>\n<p><a href=\"https:\/\/agora.xtec.cat\/colsagradafamilia-larapita\/wp-content\/uploads\/usu1161\/2022\/04\/Parada-6e-EP-1.jpg\"><img loading=\"lazy\" decoding=\"async\" class=\"aligncenter size-full wp-image-4469\" src=\"https:\/\/agora.xtec.cat\/colsagradafamilia-larapita\/wp-content\/uploads\/usu1161\/2022\/04\/Parada-6e-EP-1.jpg\" alt=\"\" width=\"550\" height=\"413\" srcset=\"https:\/\/agora.xtec.cat\/colsagradafamilia-larapita\/wp-content\/uploads\/usu1161\/2022\/04\/Parada-6e-EP-1.jpg 550w, https:\/\/agora.xtec.cat\/colsagradafamilia-larapita\/wp-content\/uploads\/usu1161\/2022\/04\/Parada-6e-EP-1-300x225.jpg 300w, https:\/\/agora.xtec.cat\/colsagradafamilia-larapita\/wp-content\/uploads\/usu1161\/2022\/04\/Parada-6e-EP-1-200x150.jpg 200w\" sizes=\"auto, (max-width: 550px) 100vw, 550px\" \/><\/a><\/p>\n<p style=\"text-align: center;\"><a href=\"https:\/\/agora.xtec.cat\/colsagradafamilia-larapita\/wp-content\/uploads\/usu1161\/2022\/04\/Parada-4t-ESO.jpg\"><img loading=\"lazy\" decoding=\"async\" class=\"aligncenter size-full wp-image-4470\" src=\"https:\/\/agora.xtec.cat\/colsagradafamilia-larapita\/wp-content\/uploads\/usu1161\/2022\/04\/Parada-4t-ESO.jpg\" alt=\"\" width=\"550\" height=\"413\" srcset=\"https:\/\/agora.xtec.cat\/colsagradafamilia-larapita\/wp-content\/uploads\/usu1161\/2022\/04\/Parada-4t-ESO.jpg 550w, https:\/\/agora.xtec.cat\/colsagradafamilia-larapita\/wp-content\/uploads\/usu1161\/2022\/04\/Parada-4t-ESO-300x225.jpg 300w, https:\/\/agora.xtec.cat\/colsagradafamilia-larapita\/wp-content\/uploads\/usu1161\/2022\/04\/Parada-4t-ESO-200x150.jpg 200w\" sizes=\"auto, (max-width: 550px) 100vw, 550px\" \/><\/a><\/p>\n<p style=\"text-align: center;\"><a href=\"https:\/\/agora.xtec.cat\/colsagradafamilia-larapita\/wp-content\/uploads\/usu1161\/2022\/04\/Xocolatada-EP.jpg\"><img loading=\"lazy\" decoding=\"async\" class=\"aligncenter size-full wp-image-4471\" src=\"https:\/\/agora.xtec.cat\/colsagradafamilia-larapita\/wp-content\/uploads\/usu1161\/2022\/04\/Xocolatada-EP.jpg\" alt=\"\" width=\"550\" height=\"550\" srcset=\"https:\/\/agora.xtec.cat\/colsagradafamilia-larapita\/wp-content\/uploads\/usu1161\/2022\/04\/Xocolatada-EP.jpg 550w, https:\/\/agora.xtec.cat\/colsagradafamilia-larapita\/wp-content\/uploads\/usu1161\/2022\/04\/Xocolatada-EP-300x300.jpg 300w, https:\/\/agora.xtec.cat\/colsagradafamilia-larapita\/wp-content\/uploads\/usu1161\/2022\/04\/Xocolatada-EP-150x150.jpg 150w\" sizes=\"auto, (max-width: 550px) 100vw, 550px\" \/><\/a><\/p>\n<p style=\"text-align: center;\"><a href=\"https:\/\/agora.xtec.cat\/colsagradafamilia-larapita\/wp-content\/uploads\/usu1161\/2022\/04\/Xocolotada-infantil-.jpg\"><img loading=\"lazy\" decoding=\"async\" class=\"aligncenter size-full wp-image-4472\" src=\"https:\/\/agora.xtec.cat\/colsagradafamilia-larapita\/wp-content\/uploads\/usu1161\/2022\/04\/Xocolotada-infantil-.jpg\" alt=\"\" width=\"550\" height=\"550\" srcset=\"https:\/\/agora.xtec.cat\/colsagradafamilia-larapita\/wp-content\/uploads\/usu1161\/2022\/04\/Xocolotada-infantil-.jpg 550w, https:\/\/agora.xtec.cat\/colsagradafamilia-larapita\/wp-content\/uploads\/usu1161\/2022\/04\/Xocolotada-infantil--300x300.jpg 300w, https:\/\/agora.xtec.cat\/colsagradafamilia-larapita\/wp-content\/uploads\/usu1161\/2022\/04\/Xocolotada-infantil--150x150.jpg 150w\" sizes=\"auto, (max-width: 550px) 100vw, 550px\" \/><\/a><\/p>\n<p style=\"text-align: center;\"><a href=\"https:\/\/agora.xtec.cat\/colsagradafamilia-larapita\/wp-content\/uploads\/usu1161\/2022\/04\/Xocolatada-1r-EP.jpg\"><img loading=\"lazy\" decoding=\"async\" class=\"aligncenter size-full wp-image-4473\" src=\"https:\/\/agora.xtec.cat\/colsagradafamilia-larapita\/wp-content\/uploads\/usu1161\/2022\/04\/Xocolatada-1r-EP.jpg\" alt=\"\" width=\"550\" height=\"550\" srcset=\"https:\/\/agora.xtec.cat\/colsagradafamilia-larapita\/wp-content\/uploads\/usu1161\/2022\/04\/Xocolatada-1r-EP.jpg 550w, https:\/\/agora.xtec.cat\/colsagradafamilia-larapita\/wp-content\/uploads\/usu1161\/2022\/04\/Xocolatada-1r-EP-300x300.jpg 300w, https:\/\/agora.xtec.cat\/colsagradafamilia-larapita\/wp-content\/uploads\/usu1161\/2022\/04\/Xocolatada-1r-EP-150x150.jpg 150w\" sizes=\"auto, (max-width: 550px) 100vw, 550px\" \/><\/a><\/p>\n","protected":false},"excerpt":{"rendered":"<p>Com cada any, amb l\u2019arribada de la primavera ens trobem de nou amb una de les festes m\u00e9s assenyalades en el nostre calendari escolar: la diada de Sant Jordi i la celebraci\u00f3 dels Jocs Florals.<br \/>\nL\u2019objectiu dels Jocs Florals sempre ha estat el mateix: potenciar l\u2019expressi\u00f3&hellip;  <a href=\"https:\/\/agora.xtec.cat\/colsagradafamilia-larapita\/general\/celebrem-sant-jordi-2\/\" title=\"Read Celebrem Sant Jordi\">Llegeix m\u00e9s\u00bb<\/a><\/p>\n","protected":false},"author":1,"featured_media":4469,"comment_status":"open","ping_status":"closed","sticky":false,"template":"","format":"standard","meta":{"_bbp_topic_count":0,"_bbp_reply_count":0,"_bbp_total_topic_count":0,"_bbp_total_reply_count":0,"_bbp_voice_count":0,"_bbp_anonymous_reply_count":0,"_bbp_topic_count_hidden":0,"_bbp_reply_count_hidden":0,"_bbp_forum_subforum_count":0,"footnotes":""},"categories":[96,103,1,29],"tags":[],"class_list":["post-4462","post","type-post","status-publish","format-standard","has-post-thumbnail","hentry","category-educacioprimaria","category-educaciosecundaria","category-general","category-portada"],"post_mailing_queue_ids":[],"_links":{"self":[{"href":"https:\/\/agora.xtec.cat\/colsagradafamilia-larapita\/wp-json\/wp\/v2\/posts\/4462","targetHints":{"allow":["GET"]}}],"collection":[{"href":"https:\/\/agora.xtec.cat\/colsagradafamilia-larapita\/wp-json\/wp\/v2\/posts"}],"about":[{"href":"https:\/\/agora.xtec.cat\/colsagradafamilia-larapita\/wp-json\/wp\/v2\/types\/post"}],"author":[{"embeddable":true,"href":"https:\/\/agora.xtec.cat\/colsagradafamilia-larapita\/wp-json\/wp\/v2\/users\/1"}],"replies":[{"embeddable":true,"href":"https:\/\/agora.xtec.cat\/colsagradafamilia-larapita\/wp-json\/wp\/v2\/comments?post=4462"}],"version-history":[{"count":3,"href":"https:\/\/agora.xtec.cat\/colsagradafamilia-larapita\/wp-json\/wp\/v2\/posts\/4462\/revisions"}],"predecessor-version":[{"id":4478,"href":"https:\/\/agora.xtec.cat\/colsagradafamilia-larapita\/wp-json\/wp\/v2\/posts\/4462\/revisions\/4478"}],"wp:featuredmedia":[{"embeddable":true,"href":"https:\/\/agora.xtec.cat\/colsagradafamilia-larapita\/wp-json\/wp\/v2\/media\/4469"}],"wp:attachment":[{"href":"https:\/\/agora.xtec.cat\/colsagradafamilia-larapita\/wp-json\/wp\/v2\/media?parent=4462"}],"wp:term":[{"taxonomy":"category","embeddable":true,"href":"https:\/\/agora.xtec.cat\/colsagradafamilia-larapita\/wp-json\/wp\/v2\/categories?post=4462"},{"taxonomy":"post_tag","embeddable":true,"href":"https:\/\/agora.xtec.cat\/colsagradafamilia-larapita\/wp-json\/wp\/v2\/tags?post=4462"}],"curies":[{"name":"wp","href":"https:\/\/api.w.org\/{rel}","templated":true}]}}