{"id":4432,"date":"2022-03-24T17:39:47","date_gmt":"2022-03-24T16:39:47","guid":{"rendered":"https:\/\/agora.xtec.cat\/colsagradafamilia-larapita\/?p=4432"},"modified":"2022-03-24T21:08:35","modified_gmt":"2022-03-24T20:08:35","slug":"concurs-matematic-prova-cangur-2022","status":"publish","type":"post","link":"https:\/\/agora.xtec.cat\/colsagradafamilia-larapita\/general\/concurs-matematic-prova-cangur-2022\/","title":{"rendered":"Concurs matem\u00e0tic: Prova Cangur 2022"},"content":{"rendered":"<p style=\"text-align: justify;\">Fa uns dies l\u2019alumnat de 5\u00e8 EP fins a 4t d\u2019ESO ha participat al concurs matem\u00e0tic Prova Cangur.<\/p>\n<p style=\"text-align: justify;\">La Prova Cangur \u00e9s una activitat impulsada per l\u2019associaci\u00f3 internacional Le Kangourou sans Fronti\u00e8res, amb l\u2019objectiu de conrear el raonamnet i l\u2019enginy matem\u00e0tic aix\u00ed, com el gust per les matem\u00e0tiques. La societat Catalana de Matem\u00e0tiques (SCM), la qual t\u00e9 representaci\u00f3 nacional pr\u00f2pia en Le Kangourou sans Fronti\u00e8res, organitza la Prova Cangur a Catalunya, juntament amb l\u2019Institut d\u2019Estudis Catalans (IEC). Cal afegir que aquesta prova \u00e9s internacional i es duu a terme en altres territoris i pa\u00efsos. De fet la realitzen m\u00e9s de 6 milions d\u2019alumnes d\u2019arreu del m\u00f3n.<\/p>\n<p style=\"text-align: justify;\">La participaci\u00f3 consisteix en respondre unes q\u00fcestions tipus test adoptant l\u2019estrat\u00e8gia individual i pr\u00f2pia que cadasc\u00fa creu convenient. Aix\u00ed per tant, l\u2019alumnat ha invertit una estona en fer matem\u00e0tiques d\u2019una manera diferent, tot proposant-se el repte de participar en un concurs amb una llarga tradici\u00f3 i amb el que hi participen molt\u00edssims alumne, prop de 6 milions, d\u2019arreu del m\u00f3n.<\/p>\n<p><a href=\"https:\/\/agora.xtec.cat\/colsagradafamilia-larapita\/wp-content\/uploads\/usu1161\/2022\/03\/WhatsApp-Image-2022-03-23-at-19.50.23-1.jpeg\"><img loading=\"lazy\" decoding=\"async\" class=\"aligncenter wp-image-4433\" src=\"https:\/\/agora.xtec.cat\/colsagradafamilia-larapita\/wp-content\/uploads\/usu1161\/2022\/03\/WhatsApp-Image-2022-03-23-at-19.50.23-1.jpeg\" alt=\"\" width=\"600\" height=\"450\" srcset=\"https:\/\/agora.xtec.cat\/colsagradafamilia-larapita\/wp-content\/uploads\/usu1161\/2022\/03\/WhatsApp-Image-2022-03-23-at-19.50.23-1.jpeg 2016w, https:\/\/agora.xtec.cat\/colsagradafamilia-larapita\/wp-content\/uploads\/usu1161\/2022\/03\/WhatsApp-Image-2022-03-23-at-19.50.23-1-300x225.jpeg 300w, https:\/\/agora.xtec.cat\/colsagradafamilia-larapita\/wp-content\/uploads\/usu1161\/2022\/03\/WhatsApp-Image-2022-03-23-at-19.50.23-1-1024x768.jpeg 1024w, https:\/\/agora.xtec.cat\/colsagradafamilia-larapita\/wp-content\/uploads\/usu1161\/2022\/03\/WhatsApp-Image-2022-03-23-at-19.50.23-1-768x576.jpeg 768w, https:\/\/agora.xtec.cat\/colsagradafamilia-larapita\/wp-content\/uploads\/usu1161\/2022\/03\/WhatsApp-Image-2022-03-23-at-19.50.23-1-1536x1152.jpeg 1536w, https:\/\/agora.xtec.cat\/colsagradafamilia-larapita\/wp-content\/uploads\/usu1161\/2022\/03\/WhatsApp-Image-2022-03-23-at-19.50.23-1-200x150.jpeg 200w\" sizes=\"auto, (max-width: 600px) 100vw, 600px\" \/><\/a> <a href=\"https:\/\/agora.xtec.cat\/colsagradafamilia-larapita\/wp-content\/uploads\/usu1161\/2022\/03\/WhatsApp-Image-2022-03-23-at-19.50.23.jpeg\"><img loading=\"lazy\" decoding=\"async\" class=\"aligncenter wp-image-4434\" src=\"https:\/\/agora.xtec.cat\/colsagradafamilia-larapita\/wp-content\/uploads\/usu1161\/2022\/03\/WhatsApp-Image-2022-03-23-at-19.50.23.jpeg\" alt=\"\" width=\"600\" height=\"450\" srcset=\"https:\/\/agora.xtec.cat\/colsagradafamilia-larapita\/wp-content\/uploads\/usu1161\/2022\/03\/WhatsApp-Image-2022-03-23-at-19.50.23.jpeg 2048w, https:\/\/agora.xtec.cat\/colsagradafamilia-larapita\/wp-content\/uploads\/usu1161\/2022\/03\/WhatsApp-Image-2022-03-23-at-19.50.23-300x225.jpeg 300w, https:\/\/agora.xtec.cat\/colsagradafamilia-larapita\/wp-content\/uploads\/usu1161\/2022\/03\/WhatsApp-Image-2022-03-23-at-19.50.23-1024x768.jpeg 1024w, https:\/\/agora.xtec.cat\/colsagradafamilia-larapita\/wp-content\/uploads\/usu1161\/2022\/03\/WhatsApp-Image-2022-03-23-at-19.50.23-768x576.jpeg 768w, https:\/\/agora.xtec.cat\/colsagradafamilia-larapita\/wp-content\/uploads\/usu1161\/2022\/03\/WhatsApp-Image-2022-03-23-at-19.50.23-1536x1152.jpeg 1536w, https:\/\/agora.xtec.cat\/colsagradafamilia-larapita\/wp-content\/uploads\/usu1161\/2022\/03\/WhatsApp-Image-2022-03-23-at-19.50.23-200x150.jpeg 200w\" sizes=\"auto, (max-width: 600px) 100vw, 600px\" \/><\/a> <a href=\"https:\/\/agora.xtec.cat\/colsagradafamilia-larapita\/wp-content\/uploads\/usu1161\/2022\/03\/WhatsApp-Image-2022-03-17-at-14.52.59-1.jpeg\"><img loading=\"lazy\" decoding=\"async\" class=\"aligncenter wp-image-4435\" src=\"https:\/\/agora.xtec.cat\/colsagradafamilia-larapita\/wp-content\/uploads\/usu1161\/2022\/03\/WhatsApp-Image-2022-03-17-at-14.52.59-1.jpeg\" alt=\"\" width=\"600\" height=\"450\" srcset=\"https:\/\/agora.xtec.cat\/colsagradafamilia-larapita\/wp-content\/uploads\/usu1161\/2022\/03\/WhatsApp-Image-2022-03-17-at-14.52.59-1.jpeg 1024w, https:\/\/agora.xtec.cat\/colsagradafamilia-larapita\/wp-content\/uploads\/usu1161\/2022\/03\/WhatsApp-Image-2022-03-17-at-14.52.59-1-300x225.jpeg 300w, https:\/\/agora.xtec.cat\/colsagradafamilia-larapita\/wp-content\/uploads\/usu1161\/2022\/03\/WhatsApp-Image-2022-03-17-at-14.52.59-1-768x576.jpeg 768w, https:\/\/agora.xtec.cat\/colsagradafamilia-larapita\/wp-content\/uploads\/usu1161\/2022\/03\/WhatsApp-Image-2022-03-17-at-14.52.59-1-200x150.jpeg 200w\" sizes=\"auto, (max-width: 600px) 100vw, 600px\" \/><\/a> <a href=\"https:\/\/agora.xtec.cat\/colsagradafamilia-larapita\/wp-content\/uploads\/usu1161\/2022\/03\/WhatsApp-Image-2022-03-17-at-14.52.59.jpeg\"><img loading=\"lazy\" decoding=\"async\" class=\"aligncenter wp-image-4436\" src=\"https:\/\/agora.xtec.cat\/colsagradafamilia-larapita\/wp-content\/uploads\/usu1161\/2022\/03\/WhatsApp-Image-2022-03-17-at-14.52.59.jpeg\" alt=\"\" width=\"600\" height=\"450\" srcset=\"https:\/\/agora.xtec.cat\/colsagradafamilia-larapita\/wp-content\/uploads\/usu1161\/2022\/03\/WhatsApp-Image-2022-03-17-at-14.52.59.jpeg 1024w, https:\/\/agora.xtec.cat\/colsagradafamilia-larapita\/wp-content\/uploads\/usu1161\/2022\/03\/WhatsApp-Image-2022-03-17-at-14.52.59-300x225.jpeg 300w, https:\/\/agora.xtec.cat\/colsagradafamilia-larapita\/wp-content\/uploads\/usu1161\/2022\/03\/WhatsApp-Image-2022-03-17-at-14.52.59-768x576.jpeg 768w, https:\/\/agora.xtec.cat\/colsagradafamilia-larapita\/wp-content\/uploads\/usu1161\/2022\/03\/WhatsApp-Image-2022-03-17-at-14.52.59-200x150.jpeg 200w\" sizes=\"auto, (max-width: 600px) 100vw, 600px\" \/><\/a><\/p>\n","protected":false},"excerpt":{"rendered":"<p>Fa uns dies l\u2019alumnat de 5\u00e8 EP fins a 4t d\u2019ESO ha participat al concurs matem\u00e0tic Prova Cangur.<br \/>\nLa Prova Cangur \u00e9s una activitat impulsada per l\u2019associaci\u00f3 internacional Le Kangourou sans Fronti\u00e8res, amb l\u2019objectiu de conrear el raonamnet i l\u2019enginy matem\u00e0tic aix\u00ed, com el gust per&hellip;  <a href=\"https:\/\/agora.xtec.cat\/colsagradafamilia-larapita\/general\/concurs-matematic-prova-cangur-2022\/\" title=\"Read Concurs matem\u00e0tic: Prova Cangur 2022\">Llegeix m\u00e9s\u00bb<\/a><\/p>\n","protected":false},"author":1,"featured_media":4437,"comment_status":"open","ping_status":"closed","sticky":false,"template":"","format":"standard","meta":{"_bbp_topic_count":0,"_bbp_reply_count":0,"_bbp_total_topic_count":0,"_bbp_total_reply_count":0,"_bbp_voice_count":0,"_bbp_anonymous_reply_count":0,"_bbp_topic_count_hidden":0,"_bbp_reply_count_hidden":0,"_bbp_forum_subforum_count":0,"footnotes":""},"categories":[101,102,103,1,29],"tags":[],"class_list":["post-4432","post","type-post","status-publish","format-standard","has-post-thumbnail","hentry","category-5ep","category-6ep","category-educaciosecundaria","category-general","category-portada"],"post_mailing_queue_ids":[],"_links":{"self":[{"href":"https:\/\/agora.xtec.cat\/colsagradafamilia-larapita\/wp-json\/wp\/v2\/posts\/4432","targetHints":{"allow":["GET"]}}],"collection":[{"href":"https:\/\/agora.xtec.cat\/colsagradafamilia-larapita\/wp-json\/wp\/v2\/posts"}],"about":[{"href":"https:\/\/agora.xtec.cat\/colsagradafamilia-larapita\/wp-json\/wp\/v2\/types\/post"}],"author":[{"embeddable":true,"href":"https:\/\/agora.xtec.cat\/colsagradafamilia-larapita\/wp-json\/wp\/v2\/users\/1"}],"replies":[{"embeddable":true,"href":"https:\/\/agora.xtec.cat\/colsagradafamilia-larapita\/wp-json\/wp\/v2\/comments?post=4432"}],"version-history":[{"count":1,"href":"https:\/\/agora.xtec.cat\/colsagradafamilia-larapita\/wp-json\/wp\/v2\/posts\/4432\/revisions"}],"predecessor-version":[{"id":4438,"href":"https:\/\/agora.xtec.cat\/colsagradafamilia-larapita\/wp-json\/wp\/v2\/posts\/4432\/revisions\/4438"}],"wp:featuredmedia":[{"embeddable":true,"href":"https:\/\/agora.xtec.cat\/colsagradafamilia-larapita\/wp-json\/wp\/v2\/media\/4437"}],"wp:attachment":[{"href":"https:\/\/agora.xtec.cat\/colsagradafamilia-larapita\/wp-json\/wp\/v2\/media?parent=4432"}],"wp:term":[{"taxonomy":"category","embeddable":true,"href":"https:\/\/agora.xtec.cat\/colsagradafamilia-larapita\/wp-json\/wp\/v2\/categories?post=4432"},{"taxonomy":"post_tag","embeddable":true,"href":"https:\/\/agora.xtec.cat\/colsagradafamilia-larapita\/wp-json\/wp\/v2\/tags?post=4432"}],"curies":[{"name":"wp","href":"https:\/\/api.w.org\/{rel}","templated":true}]}}