{"id":4416,"date":"2022-03-07T11:55:32","date_gmt":"2022-03-07T10:55:32","guid":{"rendered":"https:\/\/agora.xtec.cat\/colsagradafamilia-larapita\/?p=4416"},"modified":"2022-04-19T10:16:35","modified_gmt":"2022-04-19T08:16:35","slug":"preinscripcio-curs-2022-23","status":"publish","type":"post","link":"https:\/\/agora.xtec.cat\/colsagradafamilia-larapita\/general\/preinscripcio-curs-2022-23\/","title":{"rendered":"PREINSCRIPCI\u00d3  CURS 2022-23"},"content":{"rendered":"<p style=\"text-align: justify;\">Avui dia 7 de mar\u00e7 comen\u00e7a el per\u00edode de preinscripci\u00f3 per a Educaci\u00f3 Infantil i Educaci\u00f3 Prim\u00e0ria, el 9 de mar\u00e7 comen\u00e7ar\u00e0\u00a0 per a l&#8217;ESO. La preinscripci\u00f3 finalitzar\u00e0 per a totes les etapes el 21 de mar\u00e7.<\/p>\n<p style=\"text-align: justify;\">El centre est\u00e0 a disposici\u00f3 de les fam\u00edlies\u00a0 per donar suport inform\u00e0tic a tothom que ho necessiti. Podeu trucar al tel\u00e8fon <strong>977740162<\/strong> per demanar<strong> cita pr\u00e8via<\/strong>. \u00c9s convenient que ens porteu la documentaci\u00f3 necess\u00e0ria tal com s&#8217;explica a la guia.<\/p>\n<p style=\"text-align: justify;\">L&#8217;horari d&#8217;atenci\u00f3 \u00e9s de<strong> 9h a 13h i de 15:30h a 17h<\/strong>.<\/p>\n<p><a href=\"https:\/\/preinscripcio.gencat.cat\/ca\/inici\/\">https:\/\/preinscripcio.gencat.cat\/ca\/inici\/<\/a><\/p>\n<p>Informaci\u00f3 a tenir en compte les fam\u00edlies:<\/p>\n<p>https:\/\/youtu.be\/7Jz8gYBFCFM<\/p>\n<p>Us adjuntem el calendari de preinscripci\u00f3 i matr\u00edcula del curs 2022-2023.<\/p>\n<p><a href=\"https:\/\/agora.xtec.cat\/colsagradafamilia-larapita\/wp-content\/uploads\/usu1161\/2022\/03\/Calendari-preinscripcio-i-matricula-curs-2022-23.pdf\">Calendari preinscripci\u00f3 i matr\u00edcula curs 2022-23<\/a><\/p>\n<p>&nbsp;<\/p>\n","protected":false},"excerpt":{"rendered":"<p>Avui dia 7 de mar\u00e7 comen\u00e7a el per\u00edode de preinscripci\u00f3 per a Educaci\u00f3 Infantil i Educaci\u00f3 Prim\u00e0ria, el 9 de mar\u00e7 comen\u00e7ar\u00e0\u00a0 per a l&#8217;ESO. La preinscripci\u00f3 finalitzar\u00e0 per a totes les etapes el 21 de mar\u00e7.<br \/>\nEl centre est\u00e0 a disposici\u00f3 de les fam\u00edlies\u00a0 per&hellip;  <a href=\"https:\/\/agora.xtec.cat\/colsagradafamilia-larapita\/general\/preinscripcio-curs-2022-23\/\" title=\"Read PREINSCRIPCI\u00d3  CURS 2022-23\">Llegeix m\u00e9s\u00bb<\/a><\/p>\n","protected":false},"author":1,"featured_media":4425,"comment_status":"open","ping_status":"closed","sticky":false,"template":"","format":"standard","meta":{"_bbp_topic_count":0,"_bbp_reply_count":0,"_bbp_total_topic_count":0,"_bbp_total_reply_count":0,"_bbp_voice_count":0,"_bbp_anonymous_reply_count":0,"_bbp_topic_count_hidden":0,"_bbp_reply_count_hidden":0,"_bbp_forum_subforum_count":0,"footnotes":""},"categories":[96,103,1,29],"tags":[],"class_list":["post-4416","post","type-post","status-publish","format-standard","has-post-thumbnail","hentry","category-educacioprimaria","category-educaciosecundaria","category-general","category-portada"],"post_mailing_queue_ids":[],"_links":{"self":[{"href":"https:\/\/agora.xtec.cat\/colsagradafamilia-larapita\/wp-json\/wp\/v2\/posts\/4416","targetHints":{"allow":["GET"]}}],"collection":[{"href":"https:\/\/agora.xtec.cat\/colsagradafamilia-larapita\/wp-json\/wp\/v2\/posts"}],"about":[{"href":"https:\/\/agora.xtec.cat\/colsagradafamilia-larapita\/wp-json\/wp\/v2\/types\/post"}],"author":[{"embeddable":true,"href":"https:\/\/agora.xtec.cat\/colsagradafamilia-larapita\/wp-json\/wp\/v2\/users\/1"}],"replies":[{"embeddable":true,"href":"https:\/\/agora.xtec.cat\/colsagradafamilia-larapita\/wp-json\/wp\/v2\/comments?post=4416"}],"version-history":[{"count":3,"href":"https:\/\/agora.xtec.cat\/colsagradafamilia-larapita\/wp-json\/wp\/v2\/posts\/4416\/revisions"}],"predecessor-version":[{"id":4429,"href":"https:\/\/agora.xtec.cat\/colsagradafamilia-larapita\/wp-json\/wp\/v2\/posts\/4416\/revisions\/4429"}],"wp:featuredmedia":[{"embeddable":true,"href":"https:\/\/agora.xtec.cat\/colsagradafamilia-larapita\/wp-json\/wp\/v2\/media\/4425"}],"wp:attachment":[{"href":"https:\/\/agora.xtec.cat\/colsagradafamilia-larapita\/wp-json\/wp\/v2\/media?parent=4416"}],"wp:term":[{"taxonomy":"category","embeddable":true,"href":"https:\/\/agora.xtec.cat\/colsagradafamilia-larapita\/wp-json\/wp\/v2\/categories?post=4416"},{"taxonomy":"post_tag","embeddable":true,"href":"https:\/\/agora.xtec.cat\/colsagradafamilia-larapita\/wp-json\/wp\/v2\/tags?post=4416"}],"curies":[{"name":"wp","href":"https:\/\/api.w.org\/{rel}","templated":true}]}}