{"id":4408,"date":"2022-03-03T15:45:48","date_gmt":"2022-03-03T14:45:48","guid":{"rendered":"https:\/\/agora.xtec.cat\/colsagradafamilia-larapita\/?p=4408"},"modified":"2022-03-07T17:21:52","modified_gmt":"2022-03-07T16:21:52","slug":"dimecres-de-cendra","status":"publish","type":"post","link":"https:\/\/agora.xtec.cat\/colsagradafamilia-larapita\/general\/dimecres-de-cendra\/","title":{"rendered":"Dimecres de Cendra"},"content":{"rendered":"<p style=\"text-align: justify;\">Dimecres dia 2 de mar\u00e7 va ser Dimecres de Cendra, que \u00e9s el dia que marca l\u2019inici de la Quaresma. Alumnat i professorat del centre vam celebrar aquest dia amb la paralit\u00fargia oficiada per Moss\u00e8n Santi, el qual ens va ajudar a entendre el sentit real dels 40 dies abans de la Pasqua.<\/p>\n<p style=\"text-align: justify;\">Oblidar, cremar i deixar enrere els mals pensaments i accions, fer dejuni i deixar una estoneta el m\u00f2bil aparcat o compartir amb els amics els bons moments s\u00f3n algunes de les accions que podem dur a terme en aquest per\u00edode de reflexi\u00f3 en qu\u00e8 ens preparem per a la Pasqua.<\/p>\n<p style=\"text-align: justify;\">Vam acabar la celebraci\u00f3 amb la imposici\u00f3 de la cendra com a s\u00edmbol de penediment pels nostres possibles errors i posant dins la b\u00fastia de color lila els nostres prop\u00f2sits, l\u2019objectiu dels quals \u00e9s deixar enrere tot all\u00f2 que sabem que no ens aporta res bo.<\/p>\n<p style=\"text-align: justify;\"><a href=\"https:\/\/agora.xtec.cat\/colsagradafamilia-larapita\/wp-content\/uploads\/usu1161\/2022\/03\/IMG-20220302-WA0027-1.jpg\"><img loading=\"lazy\" decoding=\"async\" class=\"aligncenter size-full wp-image-4411\" src=\"https:\/\/agora.xtec.cat\/colsagradafamilia-larapita\/wp-content\/uploads\/usu1161\/2022\/03\/IMG-20220302-WA0027-1.jpg\" alt=\"\" width=\"550\" height=\"550\" srcset=\"https:\/\/agora.xtec.cat\/colsagradafamilia-larapita\/wp-content\/uploads\/usu1161\/2022\/03\/IMG-20220302-WA0027-1.jpg 550w, https:\/\/agora.xtec.cat\/colsagradafamilia-larapita\/wp-content\/uploads\/usu1161\/2022\/03\/IMG-20220302-WA0027-1-300x300.jpg 300w, https:\/\/agora.xtec.cat\/colsagradafamilia-larapita\/wp-content\/uploads\/usu1161\/2022\/03\/IMG-20220302-WA0027-1-150x150.jpg 150w\" sizes=\"auto, (max-width: 550px) 100vw, 550px\" \/><\/a><\/p>\n<p style=\"text-align: center;\"><a href=\"https:\/\/agora.xtec.cat\/colsagradafamilia-larapita\/wp-content\/uploads\/usu1161\/2022\/03\/IMG-20220302-WA0026.jpg\"><img loading=\"lazy\" decoding=\"async\" class=\"aligncenter size-full wp-image-4409\" src=\"https:\/\/agora.xtec.cat\/colsagradafamilia-larapita\/wp-content\/uploads\/usu1161\/2022\/03\/IMG-20220302-WA0026.jpg\" alt=\"\" width=\"550\" height=\"550\" srcset=\"https:\/\/agora.xtec.cat\/colsagradafamilia-larapita\/wp-content\/uploads\/usu1161\/2022\/03\/IMG-20220302-WA0026.jpg 550w, https:\/\/agora.xtec.cat\/colsagradafamilia-larapita\/wp-content\/uploads\/usu1161\/2022\/03\/IMG-20220302-WA0026-300x300.jpg 300w, https:\/\/agora.xtec.cat\/colsagradafamilia-larapita\/wp-content\/uploads\/usu1161\/2022\/03\/IMG-20220302-WA0026-150x150.jpg 150w\" sizes=\"auto, (max-width: 550px) 100vw, 550px\" \/><\/a><\/p>\n<p style=\"text-align: center;\">\n","protected":false},"excerpt":{"rendered":"<p>Dimecres dia 2 de mar\u00e7 va ser Dimecres de Cendra, que \u00e9s el dia que marca l\u2019inici de la Quaresma. Alumnat i professorat del centre vam celebrar aquest dia amb la paralit\u00fargia oficiada per Moss\u00e8n Santi, el qual ens va ajudar a entendre el sentit&hellip;  <a href=\"https:\/\/agora.xtec.cat\/colsagradafamilia-larapita\/general\/dimecres-de-cendra\/\" title=\"Read Dimecres de Cendra\">Llegeix m\u00e9s\u00bb<\/a><\/p>\n","protected":false},"author":1,"featured_media":4409,"comment_status":"open","ping_status":"closed","sticky":false,"template":"","format":"standard","meta":{"_bbp_topic_count":0,"_bbp_reply_count":0,"_bbp_total_topic_count":0,"_bbp_total_reply_count":0,"_bbp_voice_count":0,"_bbp_anonymous_reply_count":0,"_bbp_topic_count_hidden":0,"_bbp_reply_count_hidden":0,"_bbp_forum_subforum_count":0,"footnotes":""},"categories":[104,105,106,100,101,102,1,29],"tags":[],"class_list":["post-4408","post","type-post","status-publish","format-standard","has-post-thumbnail","hentry","category-1eso","category-2eso","category-3eso","category-4ep","category-5ep","category-6ep","category-general","category-portada"],"post_mailing_queue_ids":[],"_links":{"self":[{"href":"https:\/\/agora.xtec.cat\/colsagradafamilia-larapita\/wp-json\/wp\/v2\/posts\/4408","targetHints":{"allow":["GET"]}}],"collection":[{"href":"https:\/\/agora.xtec.cat\/colsagradafamilia-larapita\/wp-json\/wp\/v2\/posts"}],"about":[{"href":"https:\/\/agora.xtec.cat\/colsagradafamilia-larapita\/wp-json\/wp\/v2\/types\/post"}],"author":[{"embeddable":true,"href":"https:\/\/agora.xtec.cat\/colsagradafamilia-larapita\/wp-json\/wp\/v2\/users\/1"}],"replies":[{"embeddable":true,"href":"https:\/\/agora.xtec.cat\/colsagradafamilia-larapita\/wp-json\/wp\/v2\/comments?post=4408"}],"version-history":[{"count":3,"href":"https:\/\/agora.xtec.cat\/colsagradafamilia-larapita\/wp-json\/wp\/v2\/posts\/4408\/revisions"}],"predecessor-version":[{"id":4431,"href":"https:\/\/agora.xtec.cat\/colsagradafamilia-larapita\/wp-json\/wp\/v2\/posts\/4408\/revisions\/4431"}],"wp:featuredmedia":[{"embeddable":true,"href":"https:\/\/agora.xtec.cat\/colsagradafamilia-larapita\/wp-json\/wp\/v2\/media\/4409"}],"wp:attachment":[{"href":"https:\/\/agora.xtec.cat\/colsagradafamilia-larapita\/wp-json\/wp\/v2\/media?parent=4408"}],"wp:term":[{"taxonomy":"category","embeddable":true,"href":"https:\/\/agora.xtec.cat\/colsagradafamilia-larapita\/wp-json\/wp\/v2\/categories?post=4408"},{"taxonomy":"post_tag","embeddable":true,"href":"https:\/\/agora.xtec.cat\/colsagradafamilia-larapita\/wp-json\/wp\/v2\/tags?post=4408"}],"curies":[{"name":"wp","href":"https:\/\/api.w.org\/{rel}","templated":true}]}}