{"id":4181,"date":"2021-06-28T13:04:23","date_gmt":"2021-06-28T11:04:23","guid":{"rendered":"http:\/\/agora.xtec.cat\/colsagradafamilia-larapita\/?p=4181"},"modified":"2021-06-28T13:08:30","modified_gmt":"2021-06-28T11:08:30","slug":"entrega-de-diplomes-de-concursos-matematics","status":"publish","type":"post","link":"https:\/\/agora.xtec.cat\/colsagradafamilia-larapita\/general\/entrega-de-diplomes-de-concursos-matematics\/","title":{"rendered":"Entrega de diplomes de Concursos Matem\u00e0tics"},"content":{"rendered":"<p style=\"text-align: center;\"><a href=\"https:\/\/agora.xtec.cat\/colsagradafamilia-larapita\/wp-content\/uploads\/usu1161\/2021\/06\/Prim\u00e0ria-1.jpg\"><img loading=\"lazy\" decoding=\"async\" class=\"aligncenter size-full wp-image-4184\" src=\"https:\/\/agora.xtec.cat\/colsagradafamilia-larapita\/wp-content\/uploads\/usu1161\/2021\/06\/Prim\u00e0ria-1.jpg\" alt=\"\" width=\"550\" height=\"550\" srcset=\"https:\/\/agora.xtec.cat\/colsagradafamilia-larapita\/wp-content\/uploads\/usu1161\/2021\/06\/Prim\u00e0ria-1.jpg 550w, https:\/\/agora.xtec.cat\/colsagradafamilia-larapita\/wp-content\/uploads\/usu1161\/2021\/06\/Prim\u00e0ria-1-150x150.jpg 150w, https:\/\/agora.xtec.cat\/colsagradafamilia-larapita\/wp-content\/uploads\/usu1161\/2021\/06\/Prim\u00e0ria-1-300x300.jpg 300w\" sizes=\"auto, (max-width: 550px) 100vw, 550px\" \/><\/a><a href=\"https:\/\/agora.xtec.cat\/colsagradafamilia-larapita\/wp-content\/uploads\/usu1161\/2021\/06\/Prim\u00e0ria-2.jpg\"><img loading=\"lazy\" decoding=\"async\" class=\"aligncenter size-full wp-image-4185\" src=\"https:\/\/agora.xtec.cat\/colsagradafamilia-larapita\/wp-content\/uploads\/usu1161\/2021\/06\/Prim\u00e0ria-2.jpg\" alt=\"\" width=\"550\" height=\"550\" srcset=\"https:\/\/agora.xtec.cat\/colsagradafamilia-larapita\/wp-content\/uploads\/usu1161\/2021\/06\/Prim\u00e0ria-2.jpg 550w, https:\/\/agora.xtec.cat\/colsagradafamilia-larapita\/wp-content\/uploads\/usu1161\/2021\/06\/Prim\u00e0ria-2-150x150.jpg 150w, https:\/\/agora.xtec.cat\/colsagradafamilia-larapita\/wp-content\/uploads\/usu1161\/2021\/06\/Prim\u00e0ria-2-300x300.jpg 300w\" sizes=\"auto, (max-width: 550px) 100vw, 550px\" \/><\/a><a href=\"https:\/\/agora.xtec.cat\/colsagradafamilia-larapita\/wp-content\/uploads\/usu1161\/2021\/06\/Prim\u00e0ria-3-1.jpg\"><img loading=\"lazy\" decoding=\"async\" class=\"aligncenter size-full wp-image-4191\" src=\"https:\/\/agora.xtec.cat\/colsagradafamilia-larapita\/wp-content\/uploads\/usu1161\/2021\/06\/Prim\u00e0ria-3-1.jpg\" alt=\"\" width=\"550\" height=\"550\" srcset=\"https:\/\/agora.xtec.cat\/colsagradafamilia-larapita\/wp-content\/uploads\/usu1161\/2021\/06\/Prim\u00e0ria-3-1.jpg 550w, https:\/\/agora.xtec.cat\/colsagradafamilia-larapita\/wp-content\/uploads\/usu1161\/2021\/06\/Prim\u00e0ria-3-1-150x150.jpg 150w, https:\/\/agora.xtec.cat\/colsagradafamilia-larapita\/wp-content\/uploads\/usu1161\/2021\/06\/Prim\u00e0ria-3-1-300x300.jpg 300w\" sizes=\"auto, (max-width: 550px) 100vw, 550px\" \/><\/a><a href=\"https:\/\/agora.xtec.cat\/colsagradafamilia-larapita\/wp-content\/uploads\/usu1161\/2021\/06\/ESO-1.jpg\"><img loading=\"lazy\" decoding=\"async\" class=\"aligncenter size-full wp-image-4187\" src=\"https:\/\/agora.xtec.cat\/colsagradafamilia-larapita\/wp-content\/uploads\/usu1161\/2021\/06\/ESO-1.jpg\" alt=\"\" width=\"550\" height=\"550\" srcset=\"https:\/\/agora.xtec.cat\/colsagradafamilia-larapita\/wp-content\/uploads\/usu1161\/2021\/06\/ESO-1.jpg 550w, https:\/\/agora.xtec.cat\/colsagradafamilia-larapita\/wp-content\/uploads\/usu1161\/2021\/06\/ESO-1-150x150.jpg 150w, https:\/\/agora.xtec.cat\/colsagradafamilia-larapita\/wp-content\/uploads\/usu1161\/2021\/06\/ESO-1-300x300.jpg 300w\" sizes=\"auto, (max-width: 550px) 100vw, 550px\" \/><\/a><a href=\"https:\/\/agora.xtec.cat\/colsagradafamilia-larapita\/wp-content\/uploads\/usu1161\/2021\/06\/ESO-2.jpg\"><img loading=\"lazy\" decoding=\"async\" class=\"aligncenter size-full wp-image-4188\" src=\"https:\/\/agora.xtec.cat\/colsagradafamilia-larapita\/wp-content\/uploads\/usu1161\/2021\/06\/ESO-2.jpg\" alt=\"\" width=\"550\" height=\"550\" srcset=\"https:\/\/agora.xtec.cat\/colsagradafamilia-larapita\/wp-content\/uploads\/usu1161\/2021\/06\/ESO-2.jpg 550w, https:\/\/agora.xtec.cat\/colsagradafamilia-larapita\/wp-content\/uploads\/usu1161\/2021\/06\/ESO-2-150x150.jpg 150w, https:\/\/agora.xtec.cat\/colsagradafamilia-larapita\/wp-content\/uploads\/usu1161\/2021\/06\/ESO-2-300x300.jpg 300w\" sizes=\"auto, (max-width: 550px) 100vw, 550px\" \/><\/a><a href=\"https:\/\/agora.xtec.cat\/colsagradafamilia-larapita\/wp-content\/uploads\/usu1161\/2021\/06\/ESO-3.jpg\"><img loading=\"lazy\" decoding=\"async\" class=\"aligncenter size-full wp-image-4189\" src=\"https:\/\/agora.xtec.cat\/colsagradafamilia-larapita\/wp-content\/uploads\/usu1161\/2021\/06\/ESO-3.jpg\" alt=\"\" width=\"550\" height=\"550\" srcset=\"https:\/\/agora.xtec.cat\/colsagradafamilia-larapita\/wp-content\/uploads\/usu1161\/2021\/06\/ESO-3.jpg 550w, https:\/\/agora.xtec.cat\/colsagradafamilia-larapita\/wp-content\/uploads\/usu1161\/2021\/06\/ESO-3-150x150.jpg 150w, https:\/\/agora.xtec.cat\/colsagradafamilia-larapita\/wp-content\/uploads\/usu1161\/2021\/06\/ESO-3-300x300.jpg 300w\" sizes=\"auto, (max-width: 550px) 100vw, 550px\" \/><\/a><\/p>\n<p style=\"text-align: justify;\">El passat 22 de juny, el centre va organitzar un acte per retre homenatge a l&#8217;esfor\u00e7 i implicaci\u00f3 de l&#8217;alumnat en els diferents concursos matem\u00e0tics, els quals s&#8217;ha participat durant aquest curs escolar.<\/p>\n<p style=\"text-align: justify;\">Durant l&#8217;acte es van fer entrega de diversos diplomes de participaci\u00f3 i tamb\u00e9, de premiats. Tot aix\u00f2, fent refer\u00e8ncia als concursos: Prova Cangur, Fotografia Matem\u00e0tica i Concurs de Relats Cangur.<\/p>\n<p style=\"text-align: justify;\">Per\u00f2, a m\u00e9s a m\u00e9s tamb\u00e9 es van donar uns petits obsequis per aquell alumnat m\u00e9s destacat en els concursos anteriorment citats.<\/p>\n<p style=\"text-align: justify;\">La jornada va ser encoratjadora i plena d&#8217;aplaudiments i \u00e0nims per la tasca duta a terme per part de l&#8217;alumnat i recordeu: &#8220;Que ning\u00fa us robi les ganes de fer matem\u00e0tiques, tot disfrutant d&#8217;elles a la vegada&#8221;.<\/p>\n<p style=\"text-align: justify;\">Enhorabona a tots i totes!<\/p>\n<p style=\"text-align: center;\">\n","protected":false},"excerpt":{"rendered":"<p><a href=\"https:\/\/agora.xtec.cat\/colsagradafamilia-larapita\/wp-content\/uploads\/usu1161\/2021\/06\/Prim\u00e0ria-1.jpg\"><\/a><a href=\"https:\/\/agora.xtec.cat\/colsagradafamilia-larapita\/wp-content\/uploads\/usu1161\/2021\/06\/Prim\u00e0ria-2.jpg\"><\/a><a href=\"https:\/\/agora.xtec.cat\/colsagradafamilia-larapita\/wp-content\/uploads\/usu1161\/2021\/06\/Prim\u00e0ria-3-1.jpg\"><\/a><a href=\"https:\/\/agora.xtec.cat\/colsagradafamilia-larapita\/wp-content\/uploads\/usu1161\/2021\/06\/ESO-1.jpg\"><\/a><a href=\"https:\/\/agora.xtec.cat\/colsagradafamilia-larapita\/wp-content\/uploads\/usu1161\/2021\/06\/ESO-2.jpg\"><\/a><a href=\"https:\/\/agora.xtec.cat\/colsagradafamilia-larapita\/wp-content\/uploads\/usu1161\/2021\/06\/ESO-3.jpg\"><\/a><br \/>\nEl passat 22 de juny, el centre va organitzar un acte per retre homenatge a l&#8217;esfor\u00e7 i implicaci\u00f3 de l&#8217;alumnat en els diferents concursos matem\u00e0tics, els quals s&#8217;ha participat durant aquest curs escolar.<br \/>\nDurant l&#8217;acte es van fer entrega de&hellip;  <a href=\"https:\/\/agora.xtec.cat\/colsagradafamilia-larapita\/general\/entrega-de-diplomes-de-concursos-matematics\/\" title=\"Read Entrega de diplomes de Concursos Matem\u00e0tics\">Llegeix m\u00e9s\u00bb<\/a><\/p>\n","protected":false},"author":1,"featured_media":4184,"comment_status":"open","ping_status":"closed","sticky":false,"template":"","format":"standard","meta":{"_bbp_topic_count":0,"_bbp_reply_count":0,"_bbp_total_topic_count":0,"_bbp_total_reply_count":0,"_bbp_voice_count":0,"_bbp_anonymous_reply_count":0,"_bbp_topic_count_hidden":0,"_bbp_reply_count_hidden":0,"_bbp_forum_subforum_count":0,"footnotes":""},"categories":[96,103,1,29],"tags":[],"class_list":["post-4181","post","type-post","status-publish","format-standard","has-post-thumbnail","hentry","category-educacioprimaria","category-educaciosecundaria","category-general","category-portada"],"post_mailing_queue_ids":[],"_links":{"self":[{"href":"https:\/\/agora.xtec.cat\/colsagradafamilia-larapita\/wp-json\/wp\/v2\/posts\/4181","targetHints":{"allow":["GET"]}}],"collection":[{"href":"https:\/\/agora.xtec.cat\/colsagradafamilia-larapita\/wp-json\/wp\/v2\/posts"}],"about":[{"href":"https:\/\/agora.xtec.cat\/colsagradafamilia-larapita\/wp-json\/wp\/v2\/types\/post"}],"author":[{"embeddable":true,"href":"https:\/\/agora.xtec.cat\/colsagradafamilia-larapita\/wp-json\/wp\/v2\/users\/1"}],"replies":[{"embeddable":true,"href":"https:\/\/agora.xtec.cat\/colsagradafamilia-larapita\/wp-json\/wp\/v2\/comments?post=4181"}],"version-history":[{"count":3,"href":"https:\/\/agora.xtec.cat\/colsagradafamilia-larapita\/wp-json\/wp\/v2\/posts\/4181\/revisions"}],"predecessor-version":[{"id":4193,"href":"https:\/\/agora.xtec.cat\/colsagradafamilia-larapita\/wp-json\/wp\/v2\/posts\/4181\/revisions\/4193"}],"wp:featuredmedia":[{"embeddable":true,"href":"https:\/\/agora.xtec.cat\/colsagradafamilia-larapita\/wp-json\/wp\/v2\/media\/4184"}],"wp:attachment":[{"href":"https:\/\/agora.xtec.cat\/colsagradafamilia-larapita\/wp-json\/wp\/v2\/media?parent=4181"}],"wp:term":[{"taxonomy":"category","embeddable":true,"href":"https:\/\/agora.xtec.cat\/colsagradafamilia-larapita\/wp-json\/wp\/v2\/categories?post=4181"},{"taxonomy":"post_tag","embeddable":true,"href":"https:\/\/agora.xtec.cat\/colsagradafamilia-larapita\/wp-json\/wp\/v2\/tags?post=4181"}],"curies":[{"name":"wp","href":"https:\/\/api.w.org\/{rel}","templated":true}]}}