{"id":4177,"date":"2021-06-21T01:00:30","date_gmt":"2021-06-20T23:00:30","guid":{"rendered":"http:\/\/agora.xtec.cat\/colsagradafamilia-larapita\/?p=4177"},"modified":"2021-06-21T01:00:30","modified_gmt":"2021-06-20T23:00:30","slug":"graduacio-4t-eso","status":"publish","type":"post","link":"https:\/\/agora.xtec.cat\/colsagradafamilia-larapita\/general\/graduacio-4t-eso\/","title":{"rendered":"Graduaci\u00f3 4t ESO"},"content":{"rendered":"<p><a href=\"https:\/\/agora.xtec.cat\/colsagradafamilia-larapita\/wp-content\/uploads\/usu1161\/2021\/06\/WhatsApp-Image-2021-06-19-at-09.49.39.jpeg\"><img loading=\"lazy\" decoding=\"async\" class=\"aligncenter wp-image-4178\" src=\"https:\/\/agora.xtec.cat\/colsagradafamilia-larapita\/wp-content\/uploads\/usu1161\/2021\/06\/WhatsApp-Image-2021-06-19-at-09.49.39.jpeg\" alt=\"\" width=\"600\" height=\"344\" srcset=\"https:\/\/agora.xtec.cat\/colsagradafamilia-larapita\/wp-content\/uploads\/usu1161\/2021\/06\/WhatsApp-Image-2021-06-19-at-09.49.39.jpeg 1600w, https:\/\/agora.xtec.cat\/colsagradafamilia-larapita\/wp-content\/uploads\/usu1161\/2021\/06\/WhatsApp-Image-2021-06-19-at-09.49.39-300x172.jpeg 300w, https:\/\/agora.xtec.cat\/colsagradafamilia-larapita\/wp-content\/uploads\/usu1161\/2021\/06\/WhatsApp-Image-2021-06-19-at-09.49.39-768x441.jpeg 768w, https:\/\/agora.xtec.cat\/colsagradafamilia-larapita\/wp-content\/uploads\/usu1161\/2021\/06\/WhatsApp-Image-2021-06-19-at-09.49.39-1024x588.jpeg 1024w\" sizes=\"auto, (max-width: 600px) 100vw, 600px\" \/><\/a><\/p>\n<p style=\"text-align: justify;\">El passat 18 de juny, l&#8217;alumnat de 4t d&#8217;ESO juntament amb les seves fam\u00edlies, van assitir a l&#8217;acte de graduaci\u00f3 de la promoci\u00f3 2008-2021.<\/p>\n<p style=\"text-align: justify;\">La jornada va ser molt emotiva i els sentiments, records, aprenentatges i experi\u00e8ncies d&#8217;aquest per\u00edode de temps van esdevenir un cocktail de sensacions que intentaven resumir aquests tretze anys al nostre centre.<\/p>\n<p style=\"text-align: justify;\">Malgrat la pand\u00e8mia que ha marcat aquest final d&#8217;etapa educativa, d&#8217;una manera at\u00edpica, i les restriccions i mesures actuals i canviants, podem afirmar que la Covid19 no ens ha robat l&#8217;oportunitat de celebrar junts aquesta meta.<\/p>\n<p style=\"text-align: justify;\">Molta sort a tots i totes i recordeu sempre:<\/p>\n<p style=\"text-align: center;\">&#8220;Behind you, all your memories.<\/p>\n<p style=\"text-align: center;\">Before you, all your dreams<\/p>\n<p style=\"text-align: center;\">Around you, all who love you.<\/p>\n<p style=\"text-align: center;\">Within you, all you need&#8221;<\/p>\n","protected":false},"excerpt":{"rendered":"<p><a href=\"https:\/\/agora.xtec.cat\/colsagradafamilia-larapita\/wp-content\/uploads\/usu1161\/2021\/06\/WhatsApp-Image-2021-06-19-at-09.49.39.jpeg\"><\/a><br \/>\nEl passat 18 de juny, l&#8217;alumnat de 4t d&#8217;ESO juntament amb les seves fam\u00edlies, van assitir a l&#8217;acte de graduaci\u00f3 de la promoci\u00f3 2008-2021.<br \/>\nLa jornada va ser molt emotiva i els sentiments, records, aprenentatges i experi\u00e8ncies d&#8217;aquest per\u00edode de temps van esdevenir un cocktail&hellip;  <a href=\"https:\/\/agora.xtec.cat\/colsagradafamilia-larapita\/general\/graduacio-4t-eso\/\" title=\"Read Graduaci\u00f3 4t ESO\">Llegeix m\u00e9s\u00bb<\/a><\/p>\n","protected":false},"author":1,"featured_media":4178,"comment_status":"open","ping_status":"closed","sticky":false,"template":"","format":"standard","meta":{"_bbp_topic_count":0,"_bbp_reply_count":0,"_bbp_total_topic_count":0,"_bbp_total_reply_count":0,"_bbp_voice_count":0,"_bbp_anonymous_reply_count":0,"_bbp_topic_count_hidden":0,"_bbp_reply_count_hidden":0,"_bbp_forum_subforum_count":0,"footnotes":""},"categories":[1,29],"tags":[],"class_list":["post-4177","post","type-post","status-publish","format-standard","has-post-thumbnail","hentry","category-general","category-portada"],"post_mailing_queue_ids":[],"_links":{"self":[{"href":"https:\/\/agora.xtec.cat\/colsagradafamilia-larapita\/wp-json\/wp\/v2\/posts\/4177","targetHints":{"allow":["GET"]}}],"collection":[{"href":"https:\/\/agora.xtec.cat\/colsagradafamilia-larapita\/wp-json\/wp\/v2\/posts"}],"about":[{"href":"https:\/\/agora.xtec.cat\/colsagradafamilia-larapita\/wp-json\/wp\/v2\/types\/post"}],"author":[{"embeddable":true,"href":"https:\/\/agora.xtec.cat\/colsagradafamilia-larapita\/wp-json\/wp\/v2\/users\/1"}],"replies":[{"embeddable":true,"href":"https:\/\/agora.xtec.cat\/colsagradafamilia-larapita\/wp-json\/wp\/v2\/comments?post=4177"}],"version-history":[{"count":1,"href":"https:\/\/agora.xtec.cat\/colsagradafamilia-larapita\/wp-json\/wp\/v2\/posts\/4177\/revisions"}],"predecessor-version":[{"id":4179,"href":"https:\/\/agora.xtec.cat\/colsagradafamilia-larapita\/wp-json\/wp\/v2\/posts\/4177\/revisions\/4179"}],"wp:featuredmedia":[{"embeddable":true,"href":"https:\/\/agora.xtec.cat\/colsagradafamilia-larapita\/wp-json\/wp\/v2\/media\/4178"}],"wp:attachment":[{"href":"https:\/\/agora.xtec.cat\/colsagradafamilia-larapita\/wp-json\/wp\/v2\/media?parent=4177"}],"wp:term":[{"taxonomy":"category","embeddable":true,"href":"https:\/\/agora.xtec.cat\/colsagradafamilia-larapita\/wp-json\/wp\/v2\/categories?post=4177"},{"taxonomy":"post_tag","embeddable":true,"href":"https:\/\/agora.xtec.cat\/colsagradafamilia-larapita\/wp-json\/wp\/v2\/tags?post=4177"}],"curies":[{"name":"wp","href":"https:\/\/api.w.org\/{rel}","templated":true}]}}