{"id":4131,"date":"2021-06-06T11:25:50","date_gmt":"2021-06-06T09:25:50","guid":{"rendered":"http:\/\/agora.xtec.cat\/colsagradafamilia-larapita\/?p=4131"},"modified":"2021-06-06T11:30:19","modified_gmt":"2021-06-06T09:30:19","slug":"concurs-de-relats-cangur","status":"publish","type":"post","link":"https:\/\/agora.xtec.cat\/colsagradafamilia-larapita\/general\/concurs-de-relats-cangur\/","title":{"rendered":"Concurs de Relats Cangur"},"content":{"rendered":"<p style=\"text-align: justify;\">Aquesta darrera setmana la Societat Catalana de Matem\u00e0tiques (SCM) va publicar la resoluci\u00f3 del Concurs Relats Cangur en la que, una alumna del nostre centre, que cursa 4t d&#8217;ESO ha aconseguit posicionar-se com a relat destacat amb l&#8217;obra &#8220;La hist\u00f2ria d'(alg)\u00da&#8221;.<\/p>\n<p style=\"text-align: justify;\">Aquest concurs combina la passi\u00f3 per les matem\u00e0tiques com a ci\u00e8ncia i el do per l&#8217;escriptura i la narrativa en el m\u00f3n de les lletres.<\/p>\n<p style=\"text-align: justify;\">Llegiu-lo fent clic a: <a href=\"https:\/\/www.cangur.org\/relats\/relats2021\/enviats\/DF63DAE.pdf\" target=\"_blank\" rel=\"noopener noreferrer\">La hist\u00f2ria d'(alg)\u00da<\/a><\/p>\n<p><a href=\"https:\/\/agora.xtec.cat\/colsagradafamilia-larapita\/wp-content\/uploads\/usu1161\/2021\/06\/WhatsApp-Image-2021-06-01-at-11.42.12.jpeg\"><img loading=\"lazy\" decoding=\"async\" class=\"aligncenter wp-image-4132\" src=\"https:\/\/agora.xtec.cat\/colsagradafamilia-larapita\/wp-content\/uploads\/usu1161\/2021\/06\/WhatsApp-Image-2021-06-01-at-11.42.12.jpeg\" alt=\"\" width=\"600\" height=\"450\" srcset=\"https:\/\/agora.xtec.cat\/colsagradafamilia-larapita\/wp-content\/uploads\/usu1161\/2021\/06\/WhatsApp-Image-2021-06-01-at-11.42.12.jpeg 2016w, https:\/\/agora.xtec.cat\/colsagradafamilia-larapita\/wp-content\/uploads\/usu1161\/2021\/06\/WhatsApp-Image-2021-06-01-at-11.42.12-300x225.jpeg 300w, https:\/\/agora.xtec.cat\/colsagradafamilia-larapita\/wp-content\/uploads\/usu1161\/2021\/06\/WhatsApp-Image-2021-06-01-at-11.42.12-768x576.jpeg 768w, https:\/\/agora.xtec.cat\/colsagradafamilia-larapita\/wp-content\/uploads\/usu1161\/2021\/06\/WhatsApp-Image-2021-06-01-at-11.42.12-1024x768.jpeg 1024w, https:\/\/agora.xtec.cat\/colsagradafamilia-larapita\/wp-content\/uploads\/usu1161\/2021\/06\/WhatsApp-Image-2021-06-01-at-11.42.12-200x150.jpeg 200w\" sizes=\"auto, (max-width: 600px) 100vw, 600px\" \/><\/a><\/p>\n<p>&nbsp;<\/p>\n","protected":false},"excerpt":{"rendered":"<p>Aquesta darrera setmana la Societat Catalana de Matem\u00e0tiques (SCM) va publicar la resoluci\u00f3 del Concurs Relats Cangur en la que, una alumna del nostre centre, que cursa 4t d&#8217;ESO ha aconseguit posicionar-se com a relat destacat amb l&#8217;obra &#8220;La hist\u00f2ria d'(alg)\u00da&#8221;.<br \/>\nAquest concurs combina la passi\u00f3&hellip;  <a href=\"https:\/\/agora.xtec.cat\/colsagradafamilia-larapita\/general\/concurs-de-relats-cangur\/\" title=\"Read Concurs de Relats Cangur\">Llegeix m\u00e9s\u00bb<\/a><\/p>\n","protected":false},"author":1,"featured_media":4132,"comment_status":"open","ping_status":"closed","sticky":false,"template":"","format":"standard","meta":{"_bbp_topic_count":0,"_bbp_reply_count":0,"_bbp_total_topic_count":0,"_bbp_total_reply_count":0,"_bbp_voice_count":0,"_bbp_anonymous_reply_count":0,"_bbp_topic_count_hidden":0,"_bbp_reply_count_hidden":0,"_bbp_forum_subforum_count":0,"footnotes":""},"categories":[1,29],"tags":[],"class_list":["post-4131","post","type-post","status-publish","format-standard","has-post-thumbnail","hentry","category-general","category-portada"],"post_mailing_queue_ids":[],"_links":{"self":[{"href":"https:\/\/agora.xtec.cat\/colsagradafamilia-larapita\/wp-json\/wp\/v2\/posts\/4131","targetHints":{"allow":["GET"]}}],"collection":[{"href":"https:\/\/agora.xtec.cat\/colsagradafamilia-larapita\/wp-json\/wp\/v2\/posts"}],"about":[{"href":"https:\/\/agora.xtec.cat\/colsagradafamilia-larapita\/wp-json\/wp\/v2\/types\/post"}],"author":[{"embeddable":true,"href":"https:\/\/agora.xtec.cat\/colsagradafamilia-larapita\/wp-json\/wp\/v2\/users\/1"}],"replies":[{"embeddable":true,"href":"https:\/\/agora.xtec.cat\/colsagradafamilia-larapita\/wp-json\/wp\/v2\/comments?post=4131"}],"version-history":[{"count":2,"href":"https:\/\/agora.xtec.cat\/colsagradafamilia-larapita\/wp-json\/wp\/v2\/posts\/4131\/revisions"}],"predecessor-version":[{"id":4137,"href":"https:\/\/agora.xtec.cat\/colsagradafamilia-larapita\/wp-json\/wp\/v2\/posts\/4131\/revisions\/4137"}],"wp:featuredmedia":[{"embeddable":true,"href":"https:\/\/agora.xtec.cat\/colsagradafamilia-larapita\/wp-json\/wp\/v2\/media\/4132"}],"wp:attachment":[{"href":"https:\/\/agora.xtec.cat\/colsagradafamilia-larapita\/wp-json\/wp\/v2\/media?parent=4131"}],"wp:term":[{"taxonomy":"category","embeddable":true,"href":"https:\/\/agora.xtec.cat\/colsagradafamilia-larapita\/wp-json\/wp\/v2\/categories?post=4131"},{"taxonomy":"post_tag","embeddable":true,"href":"https:\/\/agora.xtec.cat\/colsagradafamilia-larapita\/wp-json\/wp\/v2\/tags?post=4131"}],"curies":[{"name":"wp","href":"https:\/\/api.w.org\/{rel}","templated":true}]}}