{"id":4099,"date":"2021-04-29T22:15:42","date_gmt":"2021-04-29T20:15:42","guid":{"rendered":"http:\/\/agora.xtec.cat\/colsagradafamilia-larapita\/?p=4099"},"modified":"2021-04-29T22:15:42","modified_gmt":"2021-04-29T20:15:42","slug":"xerrada-dorientacio-habilitats","status":"publish","type":"post","link":"https:\/\/agora.xtec.cat\/colsagradafamilia-larapita\/general\/xerrada-dorientacio-habilitats\/","title":{"rendered":"Xerrada d&#8217;Orientaci\u00f3: &#8220;Habilitats&#8221;"},"content":{"rendered":"<p>Aquest passat dimecres 28 d&#8217;abril l&#8217;alumnat de 4t d&#8217;ESO va assistir a la xerrada d&#8217;orientaci\u00f3 &#8220;Habilitats&#8221; a c\u00e0rrec del sr. Joan Agust\u00ed Ram\u00edrez.<\/p>\n<p>El fil conductor d&#8217;aquesta xerrada era el rugit d&#8217;un tigre: grrrrr!!!, inspirat amb la faula &#8220;El tigre que es pensava que era una ovella&#8221;, aquesta hist\u00f2ria conclou amb una moralitat:<\/p>\n<p>&#8220;Tots naixem tigres, per\u00f2 vivim com ovelles&#8230;, i \u00e9s quan descobrim perqu\u00e8 hem nascut, quan comencem a viure com tigres, la nostra veritable naturalesa. La societat actual est\u00e0 plena d&#8217;ovelles plena d&#8217;ovelles, que es queixen de tot, per\u00f2 no fan res per sortir de la seva zona de confort, canviar la seva zona de confort, canviar la seva vida o per canviar el m\u00f3n. I tu, has pensat que ets, un tigre o una ovella?&#8221;<\/p>\n<p>Per tant, el rugit significa: &#8220;Jo soc responsable de la meva vida&#8221;.<\/p>\n<p><a href=\"https:\/\/agora.xtec.cat\/colsagradafamilia-larapita\/wp-content\/uploads\/usu1161\/2021\/04\/WhatsApp-Image-2021-04-29-at-21.21.05-1.jpeg\"><img loading=\"lazy\" decoding=\"async\" class=\"aligncenter wp-image-4100\" src=\"https:\/\/agora.xtec.cat\/colsagradafamilia-larapita\/wp-content\/uploads\/usu1161\/2021\/04\/WhatsApp-Image-2021-04-29-at-21.21.05-1.jpeg\" alt=\"\" width=\"600\" height=\"450\" srcset=\"https:\/\/agora.xtec.cat\/colsagradafamilia-larapita\/wp-content\/uploads\/usu1161\/2021\/04\/WhatsApp-Image-2021-04-29-at-21.21.05-1.jpeg 2016w, https:\/\/agora.xtec.cat\/colsagradafamilia-larapita\/wp-content\/uploads\/usu1161\/2021\/04\/WhatsApp-Image-2021-04-29-at-21.21.05-1-300x225.jpeg 300w, https:\/\/agora.xtec.cat\/colsagradafamilia-larapita\/wp-content\/uploads\/usu1161\/2021\/04\/WhatsApp-Image-2021-04-29-at-21.21.05-1-768x576.jpeg 768w, https:\/\/agora.xtec.cat\/colsagradafamilia-larapita\/wp-content\/uploads\/usu1161\/2021\/04\/WhatsApp-Image-2021-04-29-at-21.21.05-1-1024x768.jpeg 1024w, https:\/\/agora.xtec.cat\/colsagradafamilia-larapita\/wp-content\/uploads\/usu1161\/2021\/04\/WhatsApp-Image-2021-04-29-at-21.21.05-1-200x150.jpeg 200w\" sizes=\"auto, (max-width: 600px) 100vw, 600px\" \/><\/a> <a href=\"https:\/\/agora.xtec.cat\/colsagradafamilia-larapita\/wp-content\/uploads\/usu1161\/2021\/04\/WhatsApp-Image-2021-04-29-at-21.21.05.jpeg\"><img loading=\"lazy\" decoding=\"async\" class=\"aligncenter wp-image-4101\" src=\"https:\/\/agora.xtec.cat\/colsagradafamilia-larapita\/wp-content\/uploads\/usu1161\/2021\/04\/WhatsApp-Image-2021-04-29-at-21.21.05.jpeg\" alt=\"\" width=\"600\" height=\"450\" srcset=\"https:\/\/agora.xtec.cat\/colsagradafamilia-larapita\/wp-content\/uploads\/usu1161\/2021\/04\/WhatsApp-Image-2021-04-29-at-21.21.05.jpeg 2016w, https:\/\/agora.xtec.cat\/colsagradafamilia-larapita\/wp-content\/uploads\/usu1161\/2021\/04\/WhatsApp-Image-2021-04-29-at-21.21.05-300x225.jpeg 300w, https:\/\/agora.xtec.cat\/colsagradafamilia-larapita\/wp-content\/uploads\/usu1161\/2021\/04\/WhatsApp-Image-2021-04-29-at-21.21.05-768x576.jpeg 768w, https:\/\/agora.xtec.cat\/colsagradafamilia-larapita\/wp-content\/uploads\/usu1161\/2021\/04\/WhatsApp-Image-2021-04-29-at-21.21.05-1024x768.jpeg 1024w, https:\/\/agora.xtec.cat\/colsagradafamilia-larapita\/wp-content\/uploads\/usu1161\/2021\/04\/WhatsApp-Image-2021-04-29-at-21.21.05-200x150.jpeg 200w\" sizes=\"auto, (max-width: 600px) 100vw, 600px\" \/><\/a><\/p>\n<p>&nbsp;<\/p>\n<p>&nbsp;<\/p>\n","protected":false},"excerpt":{"rendered":"<p>Aquest passat dimecres 28 d&#8217;abril l&#8217;alumnat de 4t d&#8217;ESO va assistir a la xerrada d&#8217;orientaci\u00f3 &#8220;Habilitats&#8221; a c\u00e0rrec del sr. Joan Agust\u00ed Ram\u00edrez.<br \/>\nEl fil conductor d&#8217;aquesta xerrada era el rugit d&#8217;un tigre: grrrrr!!!, inspirat amb la faula &#8220;El tigre que es pensava que era una&hellip;  <a href=\"https:\/\/agora.xtec.cat\/colsagradafamilia-larapita\/general\/xerrada-dorientacio-habilitats\/\" title=\"Read Xerrada d&#8217;Orientaci\u00f3: &#8220;Habilitats&#8221;\">Llegeix m\u00e9s\u00bb<\/a><\/p>\n","protected":false},"author":1,"featured_media":4100,"comment_status":"open","ping_status":"closed","sticky":false,"template":"","format":"standard","meta":{"_bbp_topic_count":0,"_bbp_reply_count":0,"_bbp_total_topic_count":0,"_bbp_total_reply_count":0,"_bbp_voice_count":0,"_bbp_anonymous_reply_count":0,"_bbp_topic_count_hidden":0,"_bbp_reply_count_hidden":0,"_bbp_forum_subforum_count":0,"footnotes":""},"categories":[1,29],"tags":[],"class_list":["post-4099","post","type-post","status-publish","format-standard","has-post-thumbnail","hentry","category-general","category-portada"],"post_mailing_queue_ids":[],"_links":{"self":[{"href":"https:\/\/agora.xtec.cat\/colsagradafamilia-larapita\/wp-json\/wp\/v2\/posts\/4099","targetHints":{"allow":["GET"]}}],"collection":[{"href":"https:\/\/agora.xtec.cat\/colsagradafamilia-larapita\/wp-json\/wp\/v2\/posts"}],"about":[{"href":"https:\/\/agora.xtec.cat\/colsagradafamilia-larapita\/wp-json\/wp\/v2\/types\/post"}],"author":[{"embeddable":true,"href":"https:\/\/agora.xtec.cat\/colsagradafamilia-larapita\/wp-json\/wp\/v2\/users\/1"}],"replies":[{"embeddable":true,"href":"https:\/\/agora.xtec.cat\/colsagradafamilia-larapita\/wp-json\/wp\/v2\/comments?post=4099"}],"version-history":[{"count":1,"href":"https:\/\/agora.xtec.cat\/colsagradafamilia-larapita\/wp-json\/wp\/v2\/posts\/4099\/revisions"}],"predecessor-version":[{"id":4102,"href":"https:\/\/agora.xtec.cat\/colsagradafamilia-larapita\/wp-json\/wp\/v2\/posts\/4099\/revisions\/4102"}],"wp:featuredmedia":[{"embeddable":true,"href":"https:\/\/agora.xtec.cat\/colsagradafamilia-larapita\/wp-json\/wp\/v2\/media\/4100"}],"wp:attachment":[{"href":"https:\/\/agora.xtec.cat\/colsagradafamilia-larapita\/wp-json\/wp\/v2\/media?parent=4099"}],"wp:term":[{"taxonomy":"category","embeddable":true,"href":"https:\/\/agora.xtec.cat\/colsagradafamilia-larapita\/wp-json\/wp\/v2\/categories?post=4099"},{"taxonomy":"post_tag","embeddable":true,"href":"https:\/\/agora.xtec.cat\/colsagradafamilia-larapita\/wp-json\/wp\/v2\/tags?post=4099"}],"curies":[{"name":"wp","href":"https:\/\/api.w.org\/{rel}","templated":true}]}}