{"id":4080,"date":"2021-04-25T23:03:27","date_gmt":"2021-04-25T21:03:27","guid":{"rendered":"http:\/\/agora.xtec.cat\/colsagradafamilia-larapita\/?p=4080"},"modified":"2021-04-25T23:03:27","modified_gmt":"2021-04-25T21:03:27","slug":"xerrada-dorientacio-exit-intelligencia-i-talent","status":"publish","type":"post","link":"https:\/\/agora.xtec.cat\/colsagradafamilia-larapita\/general\/xerrada-dorientacio-exit-intelligencia-i-talent\/","title":{"rendered":"Xerrada d&#8217;Orientaci\u00f3: &#8220;\u00c8xit, intel\u00b7lig\u00e8ncia i talent&#8221;"},"content":{"rendered":"<p>El passat 14 d&#8217;abril l&#8217;alumnat de 4t d&#8217;ESO va assistir a una xerrada d&#8217;orientaci\u00f3 acad\u00e8mica a c\u00e0rrec del sr. Joan Agust\u00ed Ram\u00edrez titulada &#8220;\u00c8xit, intel\u00b7lig\u00e8ncia i talent&#8221;<\/p>\n<p>Durant la xerrada vam poder distingir aquest tres termes, els quals sovint s&#8217;utilitzen com a sin\u00f3nims. Vam fer una pluja d&#8217;idees sobre la paraula \u00e8xit i vam descobrir quants aspectes diferents hi relacionem i com aquesta paraula adopta significats diferents per cadasc\u00fa de nosaltres.<\/p>\n<p>Tamb\u00e9, vam explorar la teoria de les intel\u00b7lig\u00e8ncies m\u00faltiples de Howard Gardner i ens vam adonar com de vegades deixem en segon pla gran part d&#8217;aquestes intel\u00b7lig\u00e8ncies i quant rellevants s\u00f3n les intel\u00b7lig\u00e8nices intrapersonals i interpersonals.<\/p>\n<p>A m\u00e9s a m\u00e9s, ens vam replantejar el fet que tothom tenim un talent i de fet \u00e9s molt important descobrir-lo per tal de descobrir el potencial que tenim.<\/p>\n<p><a href=\"https:\/\/agora.xtec.cat\/colsagradafamilia-larapita\/wp-content\/uploads\/usu1161\/2021\/04\/foto1.jpg\"><img loading=\"lazy\" decoding=\"async\" class=\"aligncenter wp-image-4081\" src=\"https:\/\/agora.xtec.cat\/colsagradafamilia-larapita\/wp-content\/uploads\/usu1161\/2021\/04\/foto1-1024x768.jpg\" alt=\"\" width=\"600\" height=\"450\" srcset=\"https:\/\/agora.xtec.cat\/colsagradafamilia-larapita\/wp-content\/uploads\/usu1161\/2021\/04\/foto1-1024x768.jpg 1024w, https:\/\/agora.xtec.cat\/colsagradafamilia-larapita\/wp-content\/uploads\/usu1161\/2021\/04\/foto1-300x225.jpg 300w, https:\/\/agora.xtec.cat\/colsagradafamilia-larapita\/wp-content\/uploads\/usu1161\/2021\/04\/foto1-768x576.jpg 768w, https:\/\/agora.xtec.cat\/colsagradafamilia-larapita\/wp-content\/uploads\/usu1161\/2021\/04\/foto1-200x150.jpg 200w, https:\/\/agora.xtec.cat\/colsagradafamilia-larapita\/wp-content\/uploads\/usu1161\/2021\/04\/foto1.jpg 2016w\" sizes=\"auto, (max-width: 600px) 100vw, 600px\" \/><\/a> <a href=\"https:\/\/agora.xtec.cat\/colsagradafamilia-larapita\/wp-content\/uploads\/usu1161\/2021\/04\/foto2.jpg\"><img loading=\"lazy\" decoding=\"async\" class=\"aligncenter wp-image-4082\" src=\"https:\/\/agora.xtec.cat\/colsagradafamilia-larapita\/wp-content\/uploads\/usu1161\/2021\/04\/foto2.jpg\" alt=\"\" width=\"600\" height=\"450\" srcset=\"https:\/\/agora.xtec.cat\/colsagradafamilia-larapita\/wp-content\/uploads\/usu1161\/2021\/04\/foto2.jpg 2016w, https:\/\/agora.xtec.cat\/colsagradafamilia-larapita\/wp-content\/uploads\/usu1161\/2021\/04\/foto2-300x225.jpg 300w, https:\/\/agora.xtec.cat\/colsagradafamilia-larapita\/wp-content\/uploads\/usu1161\/2021\/04\/foto2-768x576.jpg 768w, https:\/\/agora.xtec.cat\/colsagradafamilia-larapita\/wp-content\/uploads\/usu1161\/2021\/04\/foto2-1024x768.jpg 1024w, https:\/\/agora.xtec.cat\/colsagradafamilia-larapita\/wp-content\/uploads\/usu1161\/2021\/04\/foto2-200x150.jpg 200w\" sizes=\"auto, (max-width: 600px) 100vw, 600px\" \/><\/a><\/p>\n","protected":false},"excerpt":{"rendered":"<p>El passat 14 d&#8217;abril l&#8217;alumnat de 4t d&#8217;ESO va assistir a una xerrada d&#8217;orientaci\u00f3 acad\u00e8mica a c\u00e0rrec del sr. Joan Agust\u00ed Ram\u00edrez titulada &#8220;\u00c8xit, intel\u00b7lig\u00e8ncia i talent&#8221;<br \/>\nDurant la xerrada vam poder distingir aquest tres termes, els quals sovint s&#8217;utilitzen com a sin\u00f3nims. Vam fer una&hellip;  <a href=\"https:\/\/agora.xtec.cat\/colsagradafamilia-larapita\/general\/xerrada-dorientacio-exit-intelligencia-i-talent\/\" title=\"Read Xerrada d&#8217;Orientaci\u00f3: &#8220;\u00c8xit, intel\u00b7lig\u00e8ncia i talent&#8221;\">Llegeix m\u00e9s\u00bb<\/a><\/p>\n","protected":false},"author":1,"featured_media":4081,"comment_status":"open","ping_status":"closed","sticky":false,"template":"","format":"standard","meta":{"_bbp_topic_count":0,"_bbp_reply_count":0,"_bbp_total_topic_count":0,"_bbp_total_reply_count":0,"_bbp_voice_count":0,"_bbp_anonymous_reply_count":0,"_bbp_topic_count_hidden":0,"_bbp_reply_count_hidden":0,"_bbp_forum_subforum_count":0,"footnotes":""},"categories":[1,29],"tags":[],"class_list":["post-4080","post","type-post","status-publish","format-standard","has-post-thumbnail","hentry","category-general","category-portada"],"post_mailing_queue_ids":[],"_links":{"self":[{"href":"https:\/\/agora.xtec.cat\/colsagradafamilia-larapita\/wp-json\/wp\/v2\/posts\/4080","targetHints":{"allow":["GET"]}}],"collection":[{"href":"https:\/\/agora.xtec.cat\/colsagradafamilia-larapita\/wp-json\/wp\/v2\/posts"}],"about":[{"href":"https:\/\/agora.xtec.cat\/colsagradafamilia-larapita\/wp-json\/wp\/v2\/types\/post"}],"author":[{"embeddable":true,"href":"https:\/\/agora.xtec.cat\/colsagradafamilia-larapita\/wp-json\/wp\/v2\/users\/1"}],"replies":[{"embeddable":true,"href":"https:\/\/agora.xtec.cat\/colsagradafamilia-larapita\/wp-json\/wp\/v2\/comments?post=4080"}],"version-history":[{"count":1,"href":"https:\/\/agora.xtec.cat\/colsagradafamilia-larapita\/wp-json\/wp\/v2\/posts\/4080\/revisions"}],"predecessor-version":[{"id":4083,"href":"https:\/\/agora.xtec.cat\/colsagradafamilia-larapita\/wp-json\/wp\/v2\/posts\/4080\/revisions\/4083"}],"wp:featuredmedia":[{"embeddable":true,"href":"https:\/\/agora.xtec.cat\/colsagradafamilia-larapita\/wp-json\/wp\/v2\/media\/4081"}],"wp:attachment":[{"href":"https:\/\/agora.xtec.cat\/colsagradafamilia-larapita\/wp-json\/wp\/v2\/media?parent=4080"}],"wp:term":[{"taxonomy":"category","embeddable":true,"href":"https:\/\/agora.xtec.cat\/colsagradafamilia-larapita\/wp-json\/wp\/v2\/categories?post=4080"},{"taxonomy":"post_tag","embeddable":true,"href":"https:\/\/agora.xtec.cat\/colsagradafamilia-larapita\/wp-json\/wp\/v2\/tags?post=4080"}],"curies":[{"name":"wp","href":"https:\/\/api.w.org\/{rel}","templated":true}]}}