{"id":4043,"date":"2021-03-18T22:26:14","date_gmt":"2021-03-18T21:26:14","guid":{"rendered":"http:\/\/agora.xtec.cat\/colsagradafamilia-larapita\/?p=4043"},"modified":"2021-03-18T22:26:14","modified_gmt":"2021-03-18T21:26:14","slug":"concurs-matematic-prova-cangur-2021","status":"publish","type":"post","link":"https:\/\/agora.xtec.cat\/colsagradafamilia-larapita\/general\/concurs-matematic-prova-cangur-2021\/","title":{"rendered":"Concurs matem\u00e0tic: Prova Cangur 2021"},"content":{"rendered":"<p style=\"text-align: justify;\">Avui dijous 18 de mar\u00e7 l&#8217;alumnat de 5\u00e8 EP fins a 4t d&#8217;ESO ha participat al concurs matem\u00e0tic Prova Cangur.<\/p>\n<p style=\"text-align: justify;\">La Prova Cangur \u00e9s una activitat impulsada per l&#8217;associaci\u00f3 internacional Le Kangourou sans Fronti\u00e8res, amb l&#8217;objectiu de conrear el raonamnet i l&#8217;enginy matem\u00e0tic aix\u00ed, com el gust per les matem\u00e0tiques. La societat Catalana de Matem\u00e0tiques (SCM), la qual t\u00e9 representaci\u00f3 nacional pr\u00f2pia en Le Kangourou sans Fronti\u00e8res, organitza la Prova Cangur a Catalunya, juntament amb l&#8217;Institut d&#8217;Estudis Catalans (IEC). Cal afegir que aquesta prova \u00e9s internacional i es duu a terme en altres territoris i pa\u00efsos. De fet la realitzen m\u00e9s de 6 milions d&#8217;alumnes d&#8217;arreu del m\u00f3n.<\/p>\n<p style=\"text-align: justify;\">La participaci\u00f3 consisteix en respondre unes q\u00fcestions tipus test adoptant l&#8217;estrat\u00e8gia individual i pr\u00f2pia que cadasc\u00fa creu convenient. Aix\u00ed per tant, l&#8217;alumnat ha invertit una estona en fer matem\u00e0tiques d&#8217;una manera diferent, tot proposant-se el repte de participar en un concurs amb una llarga tradici\u00f3 i amb el que hi participen molt\u00edssims alumne, prop de 6 milions, d&#8217;arreu del m\u00f3n.<\/p>\n<p><a href=\"https:\/\/agora.xtec.cat\/colsagradafamilia-larapita\/wp-content\/uploads\/usu1161\/2021\/03\/WhatsApp-Image-2021-03-18-at-09.39.17-1.jpeg\"><img loading=\"lazy\" decoding=\"async\" class=\"aligncenter wp-image-4044\" src=\"https:\/\/agora.xtec.cat\/colsagradafamilia-larapita\/wp-content\/uploads\/usu1161\/2021\/03\/WhatsApp-Image-2021-03-18-at-09.39.17-1.jpeg\" alt=\"\" width=\"600\" height=\"450\" srcset=\"https:\/\/agora.xtec.cat\/colsagradafamilia-larapita\/wp-content\/uploads\/usu1161\/2021\/03\/WhatsApp-Image-2021-03-18-at-09.39.17-1.jpeg 2016w, https:\/\/agora.xtec.cat\/colsagradafamilia-larapita\/wp-content\/uploads\/usu1161\/2021\/03\/WhatsApp-Image-2021-03-18-at-09.39.17-1-300x225.jpeg 300w, https:\/\/agora.xtec.cat\/colsagradafamilia-larapita\/wp-content\/uploads\/usu1161\/2021\/03\/WhatsApp-Image-2021-03-18-at-09.39.17-1-768x576.jpeg 768w, https:\/\/agora.xtec.cat\/colsagradafamilia-larapita\/wp-content\/uploads\/usu1161\/2021\/03\/WhatsApp-Image-2021-03-18-at-09.39.17-1-1024x768.jpeg 1024w, https:\/\/agora.xtec.cat\/colsagradafamilia-larapita\/wp-content\/uploads\/usu1161\/2021\/03\/WhatsApp-Image-2021-03-18-at-09.39.17-1-200x150.jpeg 200w\" sizes=\"auto, (max-width: 600px) 100vw, 600px\" \/><\/a> <a href=\"https:\/\/agora.xtec.cat\/colsagradafamilia-larapita\/wp-content\/uploads\/usu1161\/2021\/03\/WhatsApp-Image-2021-03-18-at-09.39.17.jpeg\"><img loading=\"lazy\" decoding=\"async\" class=\"aligncenter wp-image-4045\" src=\"https:\/\/agora.xtec.cat\/colsagradafamilia-larapita\/wp-content\/uploads\/usu1161\/2021\/03\/WhatsApp-Image-2021-03-18-at-09.39.17.jpeg\" alt=\"\" width=\"600\" height=\"450\" srcset=\"https:\/\/agora.xtec.cat\/colsagradafamilia-larapita\/wp-content\/uploads\/usu1161\/2021\/03\/WhatsApp-Image-2021-03-18-at-09.39.17.jpeg 2016w, https:\/\/agora.xtec.cat\/colsagradafamilia-larapita\/wp-content\/uploads\/usu1161\/2021\/03\/WhatsApp-Image-2021-03-18-at-09.39.17-300x225.jpeg 300w, https:\/\/agora.xtec.cat\/colsagradafamilia-larapita\/wp-content\/uploads\/usu1161\/2021\/03\/WhatsApp-Image-2021-03-18-at-09.39.17-768x576.jpeg 768w, https:\/\/agora.xtec.cat\/colsagradafamilia-larapita\/wp-content\/uploads\/usu1161\/2021\/03\/WhatsApp-Image-2021-03-18-at-09.39.17-1024x768.jpeg 1024w, https:\/\/agora.xtec.cat\/colsagradafamilia-larapita\/wp-content\/uploads\/usu1161\/2021\/03\/WhatsApp-Image-2021-03-18-at-09.39.17-200x150.jpeg 200w\" sizes=\"auto, (max-width: 600px) 100vw, 600px\" \/><\/a> <a href=\"https:\/\/agora.xtec.cat\/colsagradafamilia-larapita\/wp-content\/uploads\/usu1161\/2021\/03\/WhatsApp-Image-2021-03-18-at-09.40.07.jpeg\"><img loading=\"lazy\" decoding=\"async\" class=\"aligncenter wp-image-4046\" src=\"https:\/\/agora.xtec.cat\/colsagradafamilia-larapita\/wp-content\/uploads\/usu1161\/2021\/03\/WhatsApp-Image-2021-03-18-at-09.40.07.jpeg\" alt=\"\" width=\"600\" height=\"450\" srcset=\"https:\/\/agora.xtec.cat\/colsagradafamilia-larapita\/wp-content\/uploads\/usu1161\/2021\/03\/WhatsApp-Image-2021-03-18-at-09.40.07.jpeg 1600w, https:\/\/agora.xtec.cat\/colsagradafamilia-larapita\/wp-content\/uploads\/usu1161\/2021\/03\/WhatsApp-Image-2021-03-18-at-09.40.07-300x225.jpeg 300w, https:\/\/agora.xtec.cat\/colsagradafamilia-larapita\/wp-content\/uploads\/usu1161\/2021\/03\/WhatsApp-Image-2021-03-18-at-09.40.07-768x576.jpeg 768w, https:\/\/agora.xtec.cat\/colsagradafamilia-larapita\/wp-content\/uploads\/usu1161\/2021\/03\/WhatsApp-Image-2021-03-18-at-09.40.07-1024x768.jpeg 1024w, https:\/\/agora.xtec.cat\/colsagradafamilia-larapita\/wp-content\/uploads\/usu1161\/2021\/03\/WhatsApp-Image-2021-03-18-at-09.40.07-200x150.jpeg 200w\" sizes=\"auto, (max-width: 600px) 100vw, 600px\" \/><\/a> <a href=\"https:\/\/agora.xtec.cat\/colsagradafamilia-larapita\/wp-content\/uploads\/usu1161\/2021\/03\/WhatsApp-Image-2021-03-18-at-09.45.34-1.jpeg\"><img loading=\"lazy\" decoding=\"async\" class=\"aligncenter wp-image-4047\" src=\"https:\/\/agora.xtec.cat\/colsagradafamilia-larapita\/wp-content\/uploads\/usu1161\/2021\/03\/WhatsApp-Image-2021-03-18-at-09.45.34-1.jpeg\" alt=\"\" width=\"600\" height=\"450\" srcset=\"https:\/\/agora.xtec.cat\/colsagradafamilia-larapita\/wp-content\/uploads\/usu1161\/2021\/03\/WhatsApp-Image-2021-03-18-at-09.45.34-1.jpeg 2048w, https:\/\/agora.xtec.cat\/colsagradafamilia-larapita\/wp-content\/uploads\/usu1161\/2021\/03\/WhatsApp-Image-2021-03-18-at-09.45.34-1-300x225.jpeg 300w, https:\/\/agora.xtec.cat\/colsagradafamilia-larapita\/wp-content\/uploads\/usu1161\/2021\/03\/WhatsApp-Image-2021-03-18-at-09.45.34-1-768x576.jpeg 768w, https:\/\/agora.xtec.cat\/colsagradafamilia-larapita\/wp-content\/uploads\/usu1161\/2021\/03\/WhatsApp-Image-2021-03-18-at-09.45.34-1-1024x768.jpeg 1024w, https:\/\/agora.xtec.cat\/colsagradafamilia-larapita\/wp-content\/uploads\/usu1161\/2021\/03\/WhatsApp-Image-2021-03-18-at-09.45.34-1-200x150.jpeg 200w\" sizes=\"auto, (max-width: 600px) 100vw, 600px\" \/><\/a> <a href=\"https:\/\/agora.xtec.cat\/colsagradafamilia-larapita\/wp-content\/uploads\/usu1161\/2021\/03\/WhatsApp-Image-2021-03-18-at-09.45.34.jpeg\"><img loading=\"lazy\" decoding=\"async\" class=\"aligncenter wp-image-4048\" src=\"https:\/\/agora.xtec.cat\/colsagradafamilia-larapita\/wp-content\/uploads\/usu1161\/2021\/03\/WhatsApp-Image-2021-03-18-at-09.45.34.jpeg\" alt=\"\" width=\"600\" height=\"450\" srcset=\"https:\/\/agora.xtec.cat\/colsagradafamilia-larapita\/wp-content\/uploads\/usu1161\/2021\/03\/WhatsApp-Image-2021-03-18-at-09.45.34.jpeg 2048w, https:\/\/agora.xtec.cat\/colsagradafamilia-larapita\/wp-content\/uploads\/usu1161\/2021\/03\/WhatsApp-Image-2021-03-18-at-09.45.34-300x225.jpeg 300w, https:\/\/agora.xtec.cat\/colsagradafamilia-larapita\/wp-content\/uploads\/usu1161\/2021\/03\/WhatsApp-Image-2021-03-18-at-09.45.34-768x576.jpeg 768w, https:\/\/agora.xtec.cat\/colsagradafamilia-larapita\/wp-content\/uploads\/usu1161\/2021\/03\/WhatsApp-Image-2021-03-18-at-09.45.34-1024x768.jpeg 1024w, https:\/\/agora.xtec.cat\/colsagradafamilia-larapita\/wp-content\/uploads\/usu1161\/2021\/03\/WhatsApp-Image-2021-03-18-at-09.45.34-200x150.jpeg 200w\" sizes=\"auto, (max-width: 600px) 100vw, 600px\" \/><\/a> <a href=\"https:\/\/agora.xtec.cat\/colsagradafamilia-larapita\/wp-content\/uploads\/usu1161\/2021\/03\/WhatsApp-Image-2021-03-18-at-09.46.10.jpeg\"><img loading=\"lazy\" decoding=\"async\" class=\"aligncenter wp-image-4049\" src=\"https:\/\/agora.xtec.cat\/colsagradafamilia-larapita\/wp-content\/uploads\/usu1161\/2021\/03\/WhatsApp-Image-2021-03-18-at-09.46.10.jpeg\" alt=\"\" width=\"600\" height=\"800\" srcset=\"https:\/\/agora.xtec.cat\/colsagradafamilia-larapita\/wp-content\/uploads\/usu1161\/2021\/03\/WhatsApp-Image-2021-03-18-at-09.46.10.jpeg 1200w, https:\/\/agora.xtec.cat\/colsagradafamilia-larapita\/wp-content\/uploads\/usu1161\/2021\/03\/WhatsApp-Image-2021-03-18-at-09.46.10-225x300.jpeg 225w, https:\/\/agora.xtec.cat\/colsagradafamilia-larapita\/wp-content\/uploads\/usu1161\/2021\/03\/WhatsApp-Image-2021-03-18-at-09.46.10-768x1024.jpeg 768w\" sizes=\"auto, (max-width: 600px) 100vw, 600px\" \/><\/a> <a href=\"https:\/\/agora.xtec.cat\/colsagradafamilia-larapita\/wp-content\/uploads\/usu1161\/2021\/03\/WhatsApp-Image-2021-03-18-at-09.46.20.jpeg\"><img loading=\"lazy\" decoding=\"async\" class=\"aligncenter wp-image-4050\" src=\"https:\/\/agora.xtec.cat\/colsagradafamilia-larapita\/wp-content\/uploads\/usu1161\/2021\/03\/WhatsApp-Image-2021-03-18-at-09.46.20.jpeg\" alt=\"\" width=\"600\" height=\"800\" srcset=\"https:\/\/agora.xtec.cat\/colsagradafamilia-larapita\/wp-content\/uploads\/usu1161\/2021\/03\/WhatsApp-Image-2021-03-18-at-09.46.20.jpeg 1200w, https:\/\/agora.xtec.cat\/colsagradafamilia-larapita\/wp-content\/uploads\/usu1161\/2021\/03\/WhatsApp-Image-2021-03-18-at-09.46.20-225x300.jpeg 225w, https:\/\/agora.xtec.cat\/colsagradafamilia-larapita\/wp-content\/uploads\/usu1161\/2021\/03\/WhatsApp-Image-2021-03-18-at-09.46.20-768x1024.jpeg 768w\" sizes=\"auto, (max-width: 600px) 100vw, 600px\" \/><\/a> <a href=\"https:\/\/agora.xtec.cat\/colsagradafamilia-larapita\/wp-content\/uploads\/usu1161\/2021\/03\/WhatsApp-Image-2021-03-18-at-09.38.46-1.jpeg\"><img loading=\"lazy\" decoding=\"async\" class=\"aligncenter wp-image-4051\" src=\"https:\/\/agora.xtec.cat\/colsagradafamilia-larapita\/wp-content\/uploads\/usu1161\/2021\/03\/WhatsApp-Image-2021-03-18-at-09.38.46-1.jpeg\" alt=\"\" width=\"600\" height=\"450\" srcset=\"https:\/\/agora.xtec.cat\/colsagradafamilia-larapita\/wp-content\/uploads\/usu1161\/2021\/03\/WhatsApp-Image-2021-03-18-at-09.38.46-1.jpeg 1024w, https:\/\/agora.xtec.cat\/colsagradafamilia-larapita\/wp-content\/uploads\/usu1161\/2021\/03\/WhatsApp-Image-2021-03-18-at-09.38.46-1-300x225.jpeg 300w, https:\/\/agora.xtec.cat\/colsagradafamilia-larapita\/wp-content\/uploads\/usu1161\/2021\/03\/WhatsApp-Image-2021-03-18-at-09.38.46-1-768x576.jpeg 768w, https:\/\/agora.xtec.cat\/colsagradafamilia-larapita\/wp-content\/uploads\/usu1161\/2021\/03\/WhatsApp-Image-2021-03-18-at-09.38.46-1-200x150.jpeg 200w\" sizes=\"auto, (max-width: 600px) 100vw, 600px\" \/><\/a> <a href=\"https:\/\/agora.xtec.cat\/colsagradafamilia-larapita\/wp-content\/uploads\/usu1161\/2021\/03\/WhatsApp-Image-2021-03-18-at-09.38.46.jpeg\"><img loading=\"lazy\" decoding=\"async\" class=\"aligncenter wp-image-4052\" src=\"https:\/\/agora.xtec.cat\/colsagradafamilia-larapita\/wp-content\/uploads\/usu1161\/2021\/03\/WhatsApp-Image-2021-03-18-at-09.38.46.jpeg\" alt=\"\" width=\"600\" height=\"450\" srcset=\"https:\/\/agora.xtec.cat\/colsagradafamilia-larapita\/wp-content\/uploads\/usu1161\/2021\/03\/WhatsApp-Image-2021-03-18-at-09.38.46.jpeg 1024w, https:\/\/agora.xtec.cat\/colsagradafamilia-larapita\/wp-content\/uploads\/usu1161\/2021\/03\/WhatsApp-Image-2021-03-18-at-09.38.46-300x225.jpeg 300w, https:\/\/agora.xtec.cat\/colsagradafamilia-larapita\/wp-content\/uploads\/usu1161\/2021\/03\/WhatsApp-Image-2021-03-18-at-09.38.46-768x576.jpeg 768w, https:\/\/agora.xtec.cat\/colsagradafamilia-larapita\/wp-content\/uploads\/usu1161\/2021\/03\/WhatsApp-Image-2021-03-18-at-09.38.46-200x150.jpeg 200w\" sizes=\"auto, (max-width: 600px) 100vw, 600px\" \/><\/a><\/p>\n<p style=\"text-align: justify;\">\n<p>&nbsp;<\/p>\n","protected":false},"excerpt":{"rendered":"<p>Avui dijous 18 de mar\u00e7 l&#8217;alumnat de 5\u00e8 EP fins a 4t d&#8217;ESO ha participat al concurs matem\u00e0tic Prova Cangur.<br \/>\nLa Prova Cangur \u00e9s una activitat impulsada per l&#8217;associaci\u00f3 internacional Le Kangourou sans Fronti\u00e8res, amb l&#8217;objectiu de conrear el raonamnet i l&#8217;enginy matem\u00e0tic aix\u00ed, com el&hellip;  <a href=\"https:\/\/agora.xtec.cat\/colsagradafamilia-larapita\/general\/concurs-matematic-prova-cangur-2021\/\" title=\"Read Concurs matem\u00e0tic: Prova Cangur 2021\">Llegeix m\u00e9s\u00bb<\/a><\/p>\n","protected":false},"author":1,"featured_media":4053,"comment_status":"open","ping_status":"closed","sticky":false,"template":"","format":"standard","meta":{"_bbp_topic_count":0,"_bbp_reply_count":0,"_bbp_total_topic_count":0,"_bbp_total_reply_count":0,"_bbp_voice_count":0,"_bbp_anonymous_reply_count":0,"_bbp_topic_count_hidden":0,"_bbp_reply_count_hidden":0,"_bbp_forum_subforum_count":0,"footnotes":""},"categories":[1,29],"tags":[],"class_list":["post-4043","post","type-post","status-publish","format-standard","has-post-thumbnail","hentry","category-general","category-portada"],"post_mailing_queue_ids":[],"_links":{"self":[{"href":"https:\/\/agora.xtec.cat\/colsagradafamilia-larapita\/wp-json\/wp\/v2\/posts\/4043","targetHints":{"allow":["GET"]}}],"collection":[{"href":"https:\/\/agora.xtec.cat\/colsagradafamilia-larapita\/wp-json\/wp\/v2\/posts"}],"about":[{"href":"https:\/\/agora.xtec.cat\/colsagradafamilia-larapita\/wp-json\/wp\/v2\/types\/post"}],"author":[{"embeddable":true,"href":"https:\/\/agora.xtec.cat\/colsagradafamilia-larapita\/wp-json\/wp\/v2\/users\/1"}],"replies":[{"embeddable":true,"href":"https:\/\/agora.xtec.cat\/colsagradafamilia-larapita\/wp-json\/wp\/v2\/comments?post=4043"}],"version-history":[{"count":1,"href":"https:\/\/agora.xtec.cat\/colsagradafamilia-larapita\/wp-json\/wp\/v2\/posts\/4043\/revisions"}],"predecessor-version":[{"id":4054,"href":"https:\/\/agora.xtec.cat\/colsagradafamilia-larapita\/wp-json\/wp\/v2\/posts\/4043\/revisions\/4054"}],"wp:featuredmedia":[{"embeddable":true,"href":"https:\/\/agora.xtec.cat\/colsagradafamilia-larapita\/wp-json\/wp\/v2\/media\/4053"}],"wp:attachment":[{"href":"https:\/\/agora.xtec.cat\/colsagradafamilia-larapita\/wp-json\/wp\/v2\/media?parent=4043"}],"wp:term":[{"taxonomy":"category","embeddable":true,"href":"https:\/\/agora.xtec.cat\/colsagradafamilia-larapita\/wp-json\/wp\/v2\/categories?post=4043"},{"taxonomy":"post_tag","embeddable":true,"href":"https:\/\/agora.xtec.cat\/colsagradafamilia-larapita\/wp-json\/wp\/v2\/tags?post=4043"}],"curies":[{"name":"wp","href":"https:\/\/api.w.org\/{rel}","templated":true}]}}