{"id":3939,"date":"2021-01-12T12:13:47","date_gmt":"2021-01-12T11:13:47","guid":{"rendered":"http:\/\/agora.xtec.cat\/colsagradafamilia-larapita\/?p=3939"},"modified":"2021-04-09T15:33:27","modified_gmt":"2021-04-09T13:33:27","slug":"informacio-preinscripcio-2021-2022","status":"publish","type":"post","link":"https:\/\/agora.xtec.cat\/colsagradafamilia-larapita\/general\/informacio-preinscripcio-2021-2022\/","title":{"rendered":"INFORMACI\u00d3  PREINSCRIPCI\u00d3 2021-2022"},"content":{"rendered":"<p><img decoding=\"async\" class=\"n3VNCb aligncenter\" src=\"https:\/\/agora.xtec.cat\/escolagaudisabadell\/wp-content\/uploads\/usu1563\/2020\/01\/preinscripcio.jpg\" alt=\"INFORMACI\u00d3 PREINSCRIPCIONS 2020-2021 | Escola Mar i Cel\" data-noaft=\"1\" \/><\/p>\n<p>&nbsp;<\/p>\n<p>El Departament d&#8217;Educaci\u00f3 ha marcat unes dates provisionals per a la preinscripci\u00f3 del curs 2021-2022.<\/p>\n<p style=\"text-align: justify;\">\u00a0\u00a0\u00a0\u00a0\u00a0\u00a0\u00a0\u00a0\u00a0\u00a0\u00a0\u00a0\u00a0\u00a0\u00a0\u00a0\u00a0\u00a0\u00a0\u00a0 \u00a0 &#8211;\u00a0 2n Cicle d&#8217;Educaci\u00f3 Infantil i Prim\u00e0ria <strong>del 15 al 24 de mar\u00e7<\/strong>.<\/p>\n<p style=\"text-align: justify;\">\u00a0\u00a0\u00a0\u00a0\u00a0\u00a0\u00a0\u00a0\u00a0\u00a0\u00a0\u00a0\u00a0\u00a0\u00a0\u00a0\u00a0\u00a0\u00a0\u00a0\u00a0\u00a0 &#8211; Educaci\u00f3 Secund\u00e0ria <strong>del 17 al 24 de mar\u00e7.<\/strong><\/p>\n<p>El\u00a0 centre dur\u00e0 a terme<strong> entrevistes individualitzades<\/strong>, amb cita pr\u00e8via, a partir del dilluns <strong>18 de gener<\/strong> fins que finalitzi el per\u00edode de preinscripci\u00f3.<\/p>\n<p>L&#8217;horari d&#8217;atenci\u00f3 ser\u00e0 de <strong>dilluns a divendres<\/strong> de <strong>15:00 h a 18:00 h<\/strong>.<\/p>\n<p>Per concertar cita truqueu al tel\u00e8fon 977 74 01 62<\/p>\n<p>Enviar correu a: e3002958@xtec.cat<\/p>\n<p>&nbsp;<\/p>\n","protected":false},"excerpt":{"rendered":"<p>&nbsp;<br \/>\nEl Departament d&#8217;Educaci\u00f3 ha marcat unes dates provisionals per a la preinscripci\u00f3 del curs 2021-2022.<br \/>\n\u00a0\u00a0\u00a0\u00a0\u00a0\u00a0\u00a0\u00a0\u00a0\u00a0\u00a0\u00a0\u00a0\u00a0\u00a0\u00a0\u00a0\u00a0\u00a0\u00a0 \u00a0 &#8211;\u00a0 2n Cicle d&#8217;Educaci\u00f3 Infantil i Prim\u00e0ria del 15 al 24 de mar\u00e7.<br \/>\n\u00a0\u00a0\u00a0\u00a0\u00a0\u00a0\u00a0\u00a0\u00a0\u00a0\u00a0\u00a0\u00a0\u00a0\u00a0\u00a0\u00a0\u00a0\u00a0\u00a0\u00a0\u00a0 &#8211; Educaci\u00f3 Secund\u00e0ria del 17 al 24 de mar\u00e7.<br \/>\nEl\u00a0 centre dur\u00e0 a terme entrevistes individualitzades, amb&hellip;  <a href=\"https:\/\/agora.xtec.cat\/colsagradafamilia-larapita\/general\/informacio-preinscripcio-2021-2022\/\" title=\"Read INFORMACI\u00d3  PREINSCRIPCI\u00d3 2021-2022\">Llegeix m\u00e9s\u00bb<\/a><\/p>\n","protected":false},"author":1,"featured_media":3945,"comment_status":"open","ping_status":"closed","sticky":false,"template":"","format":"standard","meta":{"_bbp_topic_count":0,"_bbp_reply_count":0,"_bbp_total_topic_count":0,"_bbp_total_reply_count":0,"_bbp_voice_count":0,"_bbp_anonymous_reply_count":0,"_bbp_topic_count_hidden":0,"_bbp_reply_count_hidden":0,"_bbp_forum_subforum_count":0,"footnotes":""},"categories":[1,29],"tags":[],"class_list":["post-3939","post","type-post","status-publish","format-standard","has-post-thumbnail","hentry","category-general","category-portada"],"post_mailing_queue_ids":[],"_links":{"self":[{"href":"https:\/\/agora.xtec.cat\/colsagradafamilia-larapita\/wp-json\/wp\/v2\/posts\/3939","targetHints":{"allow":["GET"]}}],"collection":[{"href":"https:\/\/agora.xtec.cat\/colsagradafamilia-larapita\/wp-json\/wp\/v2\/posts"}],"about":[{"href":"https:\/\/agora.xtec.cat\/colsagradafamilia-larapita\/wp-json\/wp\/v2\/types\/post"}],"author":[{"embeddable":true,"href":"https:\/\/agora.xtec.cat\/colsagradafamilia-larapita\/wp-json\/wp\/v2\/users\/1"}],"replies":[{"embeddable":true,"href":"https:\/\/agora.xtec.cat\/colsagradafamilia-larapita\/wp-json\/wp\/v2\/comments?post=3939"}],"version-history":[{"count":3,"href":"https:\/\/agora.xtec.cat\/colsagradafamilia-larapita\/wp-json\/wp\/v2\/posts\/3939\/revisions"}],"predecessor-version":[{"id":3944,"href":"https:\/\/agora.xtec.cat\/colsagradafamilia-larapita\/wp-json\/wp\/v2\/posts\/3939\/revisions\/3944"}],"wp:featuredmedia":[{"embeddable":true,"href":"https:\/\/agora.xtec.cat\/colsagradafamilia-larapita\/wp-json\/wp\/v2\/media\/3945"}],"wp:attachment":[{"href":"https:\/\/agora.xtec.cat\/colsagradafamilia-larapita\/wp-json\/wp\/v2\/media?parent=3939"}],"wp:term":[{"taxonomy":"category","embeddable":true,"href":"https:\/\/agora.xtec.cat\/colsagradafamilia-larapita\/wp-json\/wp\/v2\/categories?post=3939"},{"taxonomy":"post_tag","embeddable":true,"href":"https:\/\/agora.xtec.cat\/colsagradafamilia-larapita\/wp-json\/wp\/v2\/tags?post=3939"}],"curies":[{"name":"wp","href":"https:\/\/api.w.org\/{rel}","templated":true}]}}