{"id":3803,"date":"2020-07-22T14:14:10","date_gmt":"2020-07-22T12:14:10","guid":{"rendered":"http:\/\/agora.xtec.cat\/colsagradafamilia-larapita\/?p=3803"},"modified":"2020-07-27T08:27:21","modified_gmt":"2020-07-27T06:27:21","slug":"ofrena-de-sant-jaume","status":"publish","type":"post","link":"https:\/\/agora.xtec.cat\/colsagradafamilia-larapita\/general\/ofrena-de-sant-jaume\/","title":{"rendered":"OFRENA DE SANT JAUME"},"content":{"rendered":"<p style=\"text-align: justify;\">Degut a les circumst\u00e0ncies de pand\u00e8mia que estem vivint aquest any, no es realitzar\u00e0 de manera habitual la tradicional Ofrena que tots els anys es fa amb motiu de la festivitat de Sant Jaume.<\/p>\n<p style=\"text-align: justify;\">Des de C\u00e0ritas Interparroquial conviden a tota la ciutadania, a mantenir l&#8217;esperit solidari d&#8217;aquesta ofrena i de manera m\u00e9s particular, fer una OFRENA POPULAR al llarg de tot el dia 25 de juliol, festivitat de Sant Jaume.<\/p>\n<p style=\"text-align: justify;\">Convidem a tothom que desitgi a aportar quelcom de menjar (de llarga durada) per compartir amb els qui m\u00e9s ho necessiten a trav\u00e9s de C\u00e0ritas, com es fa cada any amb l&#8217;ofrena.<\/p>\n<p style=\"text-align: justify;\">Poden participar persones, fam\u00edlies i associacions en qualsevol moment del dia. L&#8217;esgl\u00e9sia parroquial de la Sant\u00edssima Trinitat estar\u00e0 oberta des de les 9.00h\u00a0 fins les 14.00h i des de les 16.30h fins les 21.00h.<\/p>\n<p style=\"text-align: justify;\">Hi haur\u00e0 voluntaris que us indicaran on deixar els aliments que porteu.<\/p>\n<p style=\"text-align: justify;\">Tot el que porteu far\u00e0 molt de b\u00e9. La quantitat \u00e9s important, per\u00f2 m\u00e9s ho \u00e9s el gest.<\/p>\n<p style=\"text-align: justify;\">Podeu participar individualment; com a fam\u00edlia acompanyats dels fills (educaci\u00f3 en la solidaritat); com a associaci\u00f3 o entitat.<\/p>\n<p style=\"text-align: justify;\">No deixem d&#8217;ajudar als m\u00e9s vulnerables.<\/p>\n<p style=\"text-align: justify;\">En el seu nom, moltes gr\u00e0cies a tothom.<\/p>\n","protected":false},"excerpt":{"rendered":"<p>Degut a les circumst\u00e0ncies de pand\u00e8mia que estem vivint aquest any, no es realitzar\u00e0 de manera habitual la tradicional Ofrena que tots els anys es fa amb motiu de la festivitat de Sant Jaume.<br \/>\nDes de C\u00e0ritas Interparroquial conviden a tota la ciutadania, a mantenir l&#8217;esperit&hellip;  <a href=\"https:\/\/agora.xtec.cat\/colsagradafamilia-larapita\/general\/ofrena-de-sant-jaume\/\" title=\"Read OFRENA DE SANT JAUME\">Llegeix m\u00e9s\u00bb<\/a><\/p>\n","protected":false},"author":1,"featured_media":3805,"comment_status":"open","ping_status":"closed","sticky":false,"template":"","format":"standard","meta":{"_bbp_topic_count":0,"_bbp_reply_count":0,"_bbp_total_topic_count":0,"_bbp_total_reply_count":0,"_bbp_voice_count":0,"_bbp_anonymous_reply_count":0,"_bbp_topic_count_hidden":0,"_bbp_reply_count_hidden":0,"_bbp_forum_subforum_count":0,"footnotes":""},"categories":[96,103,1,29],"tags":[],"class_list":["post-3803","post","type-post","status-publish","format-standard","has-post-thumbnail","hentry","category-educacioprimaria","category-educaciosecundaria","category-general","category-portada"],"post_mailing_queue_ids":[],"_links":{"self":[{"href":"https:\/\/agora.xtec.cat\/colsagradafamilia-larapita\/wp-json\/wp\/v2\/posts\/3803","targetHints":{"allow":["GET"]}}],"collection":[{"href":"https:\/\/agora.xtec.cat\/colsagradafamilia-larapita\/wp-json\/wp\/v2\/posts"}],"about":[{"href":"https:\/\/agora.xtec.cat\/colsagradafamilia-larapita\/wp-json\/wp\/v2\/types\/post"}],"author":[{"embeddable":true,"href":"https:\/\/agora.xtec.cat\/colsagradafamilia-larapita\/wp-json\/wp\/v2\/users\/1"}],"replies":[{"embeddable":true,"href":"https:\/\/agora.xtec.cat\/colsagradafamilia-larapita\/wp-json\/wp\/v2\/comments?post=3803"}],"version-history":[{"count":1,"href":"https:\/\/agora.xtec.cat\/colsagradafamilia-larapita\/wp-json\/wp\/v2\/posts\/3803\/revisions"}],"predecessor-version":[{"id":3804,"href":"https:\/\/agora.xtec.cat\/colsagradafamilia-larapita\/wp-json\/wp\/v2\/posts\/3803\/revisions\/3804"}],"wp:featuredmedia":[{"embeddable":true,"href":"https:\/\/agora.xtec.cat\/colsagradafamilia-larapita\/wp-json\/wp\/v2\/media\/3805"}],"wp:attachment":[{"href":"https:\/\/agora.xtec.cat\/colsagradafamilia-larapita\/wp-json\/wp\/v2\/media?parent=3803"}],"wp:term":[{"taxonomy":"category","embeddable":true,"href":"https:\/\/agora.xtec.cat\/colsagradafamilia-larapita\/wp-json\/wp\/v2\/categories?post=3803"},{"taxonomy":"post_tag","embeddable":true,"href":"https:\/\/agora.xtec.cat\/colsagradafamilia-larapita\/wp-json\/wp\/v2\/tags?post=3803"}],"curies":[{"name":"wp","href":"https:\/\/api.w.org\/{rel}","templated":true}]}}