{"id":3707,"date":"2020-05-15T20:41:22","date_gmt":"2020-05-15T18:41:22","guid":{"rendered":"http:\/\/agora.xtec.cat\/colsagradafamilia-larapita\/?p=3707"},"modified":"2020-05-21T10:25:51","modified_gmt":"2020-05-21T08:25:51","slug":"impres-de-sollicitud-de-preinscripcio","status":"publish","type":"post","link":"https:\/\/agora.xtec.cat\/colsagradafamilia-larapita\/general\/impres-de-sollicitud-de-preinscripcio\/","title":{"rendered":"Impr\u00e9s de sol\u00b7licitud de preinscripci\u00f3 i documentaci\u00f3 acreditativa per a la preinscripci\u00f3 presencial"},"content":{"rendered":"<p style=\"text-align: justify;\">A continuaci\u00f3 us adjuntem l&#8217;enlla\u00e7 on us podeu descarregar l&#8217;impr\u00e9s de sol\u00b7licitud de preinscripci\u00f3 a ensenyaments de segon cicle d\u2019educaci\u00f3 infantil, educaci\u00f3 prim\u00e0ria i educaci\u00f3 secund\u00e0ria obligat\u00f2ria i la documentaci\u00f3 identificativa per a realitzar la preinscripci\u00f3 presencial.<\/p>\n<p><a href=\"https:\/\/agora.xtec.cat\/colsagradafamilia-larapita\/wp-content\/uploads\/usu1161\/2020\/05\/Impr\u00e9s-preinscripci\u00f3.pdf\">Impr\u00e9s preinscripci\u00f3<\/a><\/p>\n<p><a href=\"https:\/\/agora.xtec.cat\/colsagradafamilia-larapita\/wp-content\/uploads\/usu1161\/2020\/05\/Documentaci\u00f3-acreditativa-per-a-la-preinscripci\u00f3-presencial.pdf\">Documentaci\u00f3 acreditativa per a la preinscripci\u00f3 presencial<\/a><\/p>\n","protected":false},"excerpt":{"rendered":"<p>A continuaci\u00f3 us adjuntem l&#8217;enlla\u00e7 on us podeu descarregar l&#8217;impr\u00e9s de sol\u00b7licitud de preinscripci\u00f3 a ensenyaments de segon cicle d\u2019educaci\u00f3 infantil, educaci\u00f3 prim\u00e0ria i educaci\u00f3 secund\u00e0ria obligat\u00f2ria i la documentaci\u00f3 identificativa per a realitzar la preinscripci\u00f3 presencial.<br \/>\n<a href=\"https:\/\/agora.xtec.cat\/colsagradafamilia-larapita\/wp-content\/uploads\/usu1161\/2020\/05\/Impr\u00e9s-preinscripci\u00f3.pdf\">Impr\u00e9s preinscripci\u00f3<\/a><br \/>\n<a href=\"https:\/\/agora.xtec.cat\/colsagradafamilia-larapita\/wp-content\/uploads\/usu1161\/2020\/05\/Documentaci\u00f3-acreditativa-per-a-la-preinscripci\u00f3-presencial.pdf\">Documentaci\u00f3 acreditativa per a la preinscripci\u00f3&hellip;  <a href=\"https:\/\/agora.xtec.cat\/colsagradafamilia-larapita\/general\/impres-de-sollicitud-de-preinscripcio\/\" title=\"Read Impr\u00e9s de sol\u00b7licitud de preinscripci\u00f3 i documentaci\u00f3 acreditativa per a la preinscripci\u00f3 presencial\">Llegeix m\u00e9s\u00bb<\/a><\/p>\n","protected":false},"author":1,"featured_media":0,"comment_status":"open","ping_status":"closed","sticky":false,"template":"","format":"standard","meta":{"_bbp_topic_count":0,"_bbp_reply_count":0,"_bbp_total_topic_count":0,"_bbp_total_reply_count":0,"_bbp_voice_count":0,"_bbp_anonymous_reply_count":0,"_bbp_topic_count_hidden":0,"_bbp_reply_count_hidden":0,"_bbp_forum_subforum_count":0,"footnotes":""},"categories":[96,103,1,29],"tags":[],"class_list":["post-3707","post","type-post","status-publish","format-standard","hentry","category-educacioprimaria","category-educaciosecundaria","category-general","category-portada"],"post_mailing_queue_ids":[],"_links":{"self":[{"href":"https:\/\/agora.xtec.cat\/colsagradafamilia-larapita\/wp-json\/wp\/v2\/posts\/3707","targetHints":{"allow":["GET"]}}],"collection":[{"href":"https:\/\/agora.xtec.cat\/colsagradafamilia-larapita\/wp-json\/wp\/v2\/posts"}],"about":[{"href":"https:\/\/agora.xtec.cat\/colsagradafamilia-larapita\/wp-json\/wp\/v2\/types\/post"}],"author":[{"embeddable":true,"href":"https:\/\/agora.xtec.cat\/colsagradafamilia-larapita\/wp-json\/wp\/v2\/users\/1"}],"replies":[{"embeddable":true,"href":"https:\/\/agora.xtec.cat\/colsagradafamilia-larapita\/wp-json\/wp\/v2\/comments?post=3707"}],"version-history":[{"count":3,"href":"https:\/\/agora.xtec.cat\/colsagradafamilia-larapita\/wp-json\/wp\/v2\/posts\/3707\/revisions"}],"predecessor-version":[{"id":3718,"href":"https:\/\/agora.xtec.cat\/colsagradafamilia-larapita\/wp-json\/wp\/v2\/posts\/3707\/revisions\/3718"}],"wp:attachment":[{"href":"https:\/\/agora.xtec.cat\/colsagradafamilia-larapita\/wp-json\/wp\/v2\/media?parent=3707"}],"wp:term":[{"taxonomy":"category","embeddable":true,"href":"https:\/\/agora.xtec.cat\/colsagradafamilia-larapita\/wp-json\/wp\/v2\/categories?post=3707"},{"taxonomy":"post_tag","embeddable":true,"href":"https:\/\/agora.xtec.cat\/colsagradafamilia-larapita\/wp-json\/wp\/v2\/tags?post=3707"}],"curies":[{"name":"wp","href":"https:\/\/api.w.org\/{rel}","templated":true}]}}