{"id":3464,"date":"2020-02-10T16:02:17","date_gmt":"2020-02-10T15:02:17","guid":{"rendered":"http:\/\/agora.xtec.cat\/colsagradafamilia-larapita\/?p=3464"},"modified":"2020-02-10T16:02:17","modified_gmt":"2020-02-10T15:02:17","slug":"vii-copa-cangur","status":"publish","type":"post","link":"https:\/\/agora.xtec.cat\/colsagradafamilia-larapita\/general\/vii-copa-cangur\/","title":{"rendered":"VII Copa Cangur"},"content":{"rendered":"<p>Aquest dijous 30 de gener s\u2019ha celebrat la VII Copa Cangur, un concurs presencial de resoluci\u00f3 de problemes matem\u00e0tics que t\u00e9 per objectiu motivar els estudiants de secund\u00e0ria en l\u2019aprenentatge de la ci\u00e8ncia i la l\u00f2gica matem\u00e0tica. Aquesta primera fase s\u2019ha celebrat conjuntament a 31 seus d\u2019arreu del pa\u00eds.<\/p>\n<p>En aquesta primera fase de la Copa Cangur, que ha organitzat el nostre col\u00b7legi juntament amb el Campus Terres de l\u2019Ebre, la Societat Catalana de Matem\u00e0tiques, i amb el suport log\u00edstic d\u2019eXplorium, han participat 140 alumnes de 1r, 2n i 3r d\u2019ESO de catorze centres de secund\u00e0ria del territori repartits en vint equips de set membres.<\/p>\n<p>Concretament, el concurs consisteix en resoldre 15problemes de matem\u00e0tiques i de l\u00f2gica matem\u00e0tica en nom\u00e9s una hora, aquest any com a novetat el nombre de problemes ha passat de 12 a 15. Es tracta d\u2019una cursa contra rellotge en qu\u00e8 la puntuaci\u00f3 obtinguda per cada problema va variant durant el concurs i, per tant, la estrat\u00e8gia d\u2019equip \u00e9s molt important. Durant el desenvolupament de la prova els equips poden seguir en directe l\u2019estat del concurs, tant la puntuaci\u00f3 i la classificaci\u00f3 com els encerts i errors que porten acumulats cadascun dels participants el que dona encara m\u00e9s emoci\u00f3 a la lluita.<\/p>\n<p>El nostre alumnat s\u2019ho ha passat genial durant la jornada i a m\u00e9s a m\u00e9s, han tingut l\u2019oportunitat de compartir el gust per les matem\u00e0tiques amb altres adolescents de la seva edat amb les mateixes inquietuds.<\/p>\n<p>L&#8217;estrat\u00e8gia adoptada durant el torneig ha estat conservadora per part dels dos equips i aix\u00f2 ha perm\u00e9s una bona elecci\u00f3 del j\u00f2quer i minimitzar les penalitzacions per errors. Tots dos equips han quedat prou b\u00e9 pel que fa ala classificaci\u00f3, fins i tot en algun moment del concurs estavem situats en zona de p\u00f2dium.<\/p>\n<p><a href=\"https:\/\/agora.xtec.cat\/colsagradafamilia-larapita\/wp-content\/uploads\/usu1161\/2020\/02\/DSC_0624.jpg\"><img loading=\"lazy\" decoding=\"async\" class=\"aligncenter  wp-image-3467\" src=\"https:\/\/agora.xtec.cat\/colsagradafamilia-larapita\/wp-content\/uploads\/usu1161\/2020\/02\/DSC_0624.jpg\" alt=\"\" width=\"720\" height=\"481\" srcset=\"https:\/\/agora.xtec.cat\/colsagradafamilia-larapita\/wp-content\/uploads\/usu1161\/2020\/02\/DSC_0624.jpg 2992w, https:\/\/agora.xtec.cat\/colsagradafamilia-larapita\/wp-content\/uploads\/usu1161\/2020\/02\/DSC_0624-300x201.jpg 300w, https:\/\/agora.xtec.cat\/colsagradafamilia-larapita\/wp-content\/uploads\/usu1161\/2020\/02\/DSC_0624-768x513.jpg 768w, https:\/\/agora.xtec.cat\/colsagradafamilia-larapita\/wp-content\/uploads\/usu1161\/2020\/02\/DSC_0624-1024x684.jpg 1024w\" sizes=\"auto, (max-width: 720px) 100vw, 720px\" \/><\/a> <a href=\"https:\/\/agora.xtec.cat\/colsagradafamilia-larapita\/wp-content\/uploads\/usu1161\/2020\/02\/DSC_0668.jpg\"><img loading=\"lazy\" decoding=\"async\" class=\"aligncenter  wp-image-3468\" src=\"https:\/\/agora.xtec.cat\/colsagradafamilia-larapita\/wp-content\/uploads\/usu1161\/2020\/02\/DSC_0668.jpg\" alt=\"\" width=\"720\" height=\"482\" srcset=\"https:\/\/agora.xtec.cat\/colsagradafamilia-larapita\/wp-content\/uploads\/usu1161\/2020\/02\/DSC_0668.jpg 2992w, https:\/\/agora.xtec.cat\/colsagradafamilia-larapita\/wp-content\/uploads\/usu1161\/2020\/02\/DSC_0668-300x201.jpg 300w, https:\/\/agora.xtec.cat\/colsagradafamilia-larapita\/wp-content\/uploads\/usu1161\/2020\/02\/DSC_0668-768x513.jpg 768w, https:\/\/agora.xtec.cat\/colsagradafamilia-larapita\/wp-content\/uploads\/usu1161\/2020\/02\/DSC_0668-1024x684.jpg 1024w\" sizes=\"auto, (max-width: 720px) 100vw, 720px\" \/><\/a> <a href=\"https:\/\/agora.xtec.cat\/colsagradafamilia-larapita\/wp-content\/uploads\/usu1161\/2020\/02\/DSC_0714.jpg\"><img loading=\"lazy\" decoding=\"async\" class=\"aligncenter  wp-image-3469\" src=\"https:\/\/agora.xtec.cat\/colsagradafamilia-larapita\/wp-content\/uploads\/usu1161\/2020\/02\/DSC_0714.jpg\" alt=\"\" width=\"720\" height=\"484\" \/><\/a> <a href=\"https:\/\/agora.xtec.cat\/colsagradafamilia-larapita\/wp-content\/uploads\/usu1161\/2020\/02\/Grup-08-Col\u00b7legi-Sagrada-Fam\u00edlia-R\u00e0pita.jpg\"><img loading=\"lazy\" decoding=\"async\" class=\"aligncenter  wp-image-3470\" src=\"https:\/\/agora.xtec.cat\/colsagradafamilia-larapita\/wp-content\/uploads\/usu1161\/2020\/02\/Grup-08-Col\u00b7legi-Sagrada-Fam\u00edlia-R\u00e0pita.jpg\" alt=\"\" width=\"720\" height=\"437\" \/><\/a> <a href=\"https:\/\/agora.xtec.cat\/colsagradafamilia-larapita\/wp-content\/uploads\/usu1161\/2020\/02\/Grup-09-Col\u00b7legi-Sagrada-Fam\u00edlia-R\u00e0pita.jpg\"><img loading=\"lazy\" decoding=\"async\" class=\"aligncenter  wp-image-3471\" src=\"https:\/\/agora.xtec.cat\/colsagradafamilia-larapita\/wp-content\/uploads\/usu1161\/2020\/02\/Grup-09-Col\u00b7legi-Sagrada-Fam\u00edlia-R\u00e0pita.jpg\" alt=\"\" width=\"720\" height=\"444\" \/><\/a><\/p>\n","protected":false},"excerpt":{"rendered":"<p>Aquest dijous 30 de gener s\u2019ha celebrat la VII Copa Cangur, un concurs presencial de resoluci\u00f3 de problemes matem\u00e0tics que t\u00e9 per objectiu motivar els estudiants de secund\u00e0ria en l\u2019aprenentatge de la ci\u00e8ncia i la l\u00f2gica matem\u00e0tica. Aquesta primera fase s\u2019ha celebrat conjuntament a 31&hellip;  <a href=\"https:\/\/agora.xtec.cat\/colsagradafamilia-larapita\/general\/vii-copa-cangur\/\" title=\"Read VII Copa Cangur\">Llegeix m\u00e9s\u00bb<\/a><\/p>\n","protected":false},"author":1,"featured_media":3466,"comment_status":"open","ping_status":"closed","sticky":false,"template":"","format":"standard","meta":{"_bbp_topic_count":0,"_bbp_reply_count":0,"_bbp_total_topic_count":0,"_bbp_total_reply_count":0,"_bbp_voice_count":0,"_bbp_anonymous_reply_count":0,"_bbp_topic_count_hidden":0,"_bbp_reply_count_hidden":0,"_bbp_forum_subforum_count":0,"footnotes":""},"categories":[1,29],"tags":[],"class_list":["post-3464","post","type-post","status-publish","format-standard","has-post-thumbnail","hentry","category-general","category-portada"],"post_mailing_queue_ids":[],"_links":{"self":[{"href":"https:\/\/agora.xtec.cat\/colsagradafamilia-larapita\/wp-json\/wp\/v2\/posts\/3464","targetHints":{"allow":["GET"]}}],"collection":[{"href":"https:\/\/agora.xtec.cat\/colsagradafamilia-larapita\/wp-json\/wp\/v2\/posts"}],"about":[{"href":"https:\/\/agora.xtec.cat\/colsagradafamilia-larapita\/wp-json\/wp\/v2\/types\/post"}],"author":[{"embeddable":true,"href":"https:\/\/agora.xtec.cat\/colsagradafamilia-larapita\/wp-json\/wp\/v2\/users\/1"}],"replies":[{"embeddable":true,"href":"https:\/\/agora.xtec.cat\/colsagradafamilia-larapita\/wp-json\/wp\/v2\/comments?post=3464"}],"version-history":[{"count":1,"href":"https:\/\/agora.xtec.cat\/colsagradafamilia-larapita\/wp-json\/wp\/v2\/posts\/3464\/revisions"}],"predecessor-version":[{"id":3472,"href":"https:\/\/agora.xtec.cat\/colsagradafamilia-larapita\/wp-json\/wp\/v2\/posts\/3464\/revisions\/3472"}],"wp:featuredmedia":[{"embeddable":true,"href":"https:\/\/agora.xtec.cat\/colsagradafamilia-larapita\/wp-json\/wp\/v2\/media\/3466"}],"wp:attachment":[{"href":"https:\/\/agora.xtec.cat\/colsagradafamilia-larapita\/wp-json\/wp\/v2\/media?parent=3464"}],"wp:term":[{"taxonomy":"category","embeddable":true,"href":"https:\/\/agora.xtec.cat\/colsagradafamilia-larapita\/wp-json\/wp\/v2\/categories?post=3464"},{"taxonomy":"post_tag","embeddable":true,"href":"https:\/\/agora.xtec.cat\/colsagradafamilia-larapita\/wp-json\/wp\/v2\/tags?post=3464"}],"curies":[{"name":"wp","href":"https:\/\/api.w.org\/{rel}","templated":true}]}}