{"id":3424,"date":"2019-12-27T20:53:15","date_gmt":"2019-12-27T19:53:15","guid":{"rendered":"http:\/\/agora.xtec.cat\/colsagradafamilia-larapita\/?p=3424"},"modified":"2019-12-29T11:40:12","modified_gmt":"2019-12-29T10:40:12","slug":"celebrem-el-nadal","status":"publish","type":"post","link":"https:\/\/agora.xtec.cat\/colsagradafamilia-larapita\/general\/celebrem-el-nadal\/","title":{"rendered":"Celebrem el Nadal"},"content":{"rendered":"<p>El temps passa, el fred arriba, l\u2019escalforeta de les classes i\u00a0 l\u2019olor de llapis i goma ens fa pensar en un flaire d\u2019hivern d\u2019olor de castanya, de dol\u00e7 nadalenc, d\u2019elaborar intensament els treballs nadalencs que de ben segur embelliran les nostres taules nadalenques.<\/p>\n<p>I ja som a Nadal un altre cop.<\/p>\n<p>Un pessebre a l\u2019entrada del col\u00b7legi amb l\u2019adoraci\u00f3 dels tres Reis Mags d\u2019Orient vesteixen de gala el nostre concert nadalenc que marca la fi d\u2019un trimestre ple de nous projectes i feina ben feta.<\/p>\n<p>Els pares, iaios i familiars ens esperen deleitosos i impacients a la porta d\u2019un pavell\u00f3 ple de gom a gom, i ara s\u00ed,els nostres alumnes des de P3 fins a 4t de l\u2019ESO alcen les seves veus amb nadales per desitjar-nos a tots i a totes unes bones festes nadalenques. La representaci\u00f3n del Naixement de Jes\u00fas ha estat a c\u00e0rrec de 1r d\u2019ESO.<\/p>\n<p>Per q\u00fcestions d\u2019aforament dividim els assistents en dos grups: el dia 18 v\u00e9nen els pares des de 4t fins a 4t ESO i el dia 19 de desembre la representaci\u00f3 es fa per als pares des de P3 fins a 3r de prim\u00e0ria.<\/p>\n<p>El sentit nadalenc i de solidaritat el reflectim amb\u00a0 el donatiu voluntari que es recollir\u00e0 a l\u2019entrada del pavell\u00f3 i que anir\u00e0 destinat per a la Marat\u00f3 de TV3.<\/p>\n<p>Gr\u00e0cies a tot el professorat del centre, tutors, professors de m\u00fasica i germanes de la comunitat per fer possible el concert nadalenc. Gr\u00e0cies tamb\u00e9 a tots els pares i mares que any rere any esperen amb impaci\u00e8ncia i il\u00b7lusi\u00f3 que els seus petits i grans alegrin les seves llars\u00a0 amb m\u00fasica nadalenca i gr\u00e0cies a la nostra AMPA per ajudar i col\u00b7laborar en l\u2019organitzaci\u00f3 de\u00a0 les entrades i sortides del pavell\u00f3.<\/p>\n<p>Des del col\u00b7legi Sagrada Fam\u00edlia desitgem des d\u2019aquestes petites l\u00ednies els nostres millors desitjos de pau, salut i molta\u00a0 tranquil\u00b7litat.<\/p>\n<p align=\"center\"><a href=\"https:\/\/agora.xtec.cat\/colsagradafamilia-larapita\/wp-content\/uploads\/usu1161\/2019\/12\/IMG_6814.jpg\"><img loading=\"lazy\" decoding=\"async\" class=\"aligncenter size-full wp-image-3427\" src=\"https:\/\/agora.xtec.cat\/colsagradafamilia-larapita\/wp-content\/uploads\/usu1161\/2019\/12\/IMG_6814.jpg\" alt=\"\" width=\"550\" height=\"309\" srcset=\"https:\/\/agora.xtec.cat\/colsagradafamilia-larapita\/wp-content\/uploads\/usu1161\/2019\/12\/IMG_6814.jpg 550w, https:\/\/agora.xtec.cat\/colsagradafamilia-larapita\/wp-content\/uploads\/usu1161\/2019\/12\/IMG_6814-300x169.jpg 300w\" sizes=\"auto, (max-width: 550px) 100vw, 550px\" \/><\/a><\/p>\n<p align=\"center\"><a href=\"https:\/\/agora.xtec.cat\/colsagradafamilia-larapita\/wp-content\/uploads\/usu1161\/2019\/12\/IMG_6824.jpg\"><img loading=\"lazy\" decoding=\"async\" class=\"aligncenter size-full wp-image-3428\" src=\"https:\/\/agora.xtec.cat\/colsagradafamilia-larapita\/wp-content\/uploads\/usu1161\/2019\/12\/IMG_6824.jpg\" alt=\"\" width=\"550\" height=\"253\" srcset=\"https:\/\/agora.xtec.cat\/colsagradafamilia-larapita\/wp-content\/uploads\/usu1161\/2019\/12\/IMG_6824.jpg 550w, https:\/\/agora.xtec.cat\/colsagradafamilia-larapita\/wp-content\/uploads\/usu1161\/2019\/12\/IMG_6824-300x138.jpg 300w\" sizes=\"auto, (max-width: 550px) 100vw, 550px\" \/><\/a><\/p>\n<p align=\"center\"><a href=\"https:\/\/agora.xtec.cat\/colsagradafamilia-larapita\/wp-content\/uploads\/usu1161\/2019\/12\/IMG_6827.jpg\"><img loading=\"lazy\" decoding=\"async\" class=\"aligncenter size-full wp-image-3429\" src=\"https:\/\/agora.xtec.cat\/colsagradafamilia-larapita\/wp-content\/uploads\/usu1161\/2019\/12\/IMG_6827.jpg\" alt=\"\" width=\"550\" height=\"309\" srcset=\"https:\/\/agora.xtec.cat\/colsagradafamilia-larapita\/wp-content\/uploads\/usu1161\/2019\/12\/IMG_6827.jpg 550w, https:\/\/agora.xtec.cat\/colsagradafamilia-larapita\/wp-content\/uploads\/usu1161\/2019\/12\/IMG_6827-300x169.jpg 300w\" sizes=\"auto, (max-width: 550px) 100vw, 550px\" \/><\/a><\/p>\n<p align=\"center\"><a href=\"https:\/\/agora.xtec.cat\/colsagradafamilia-larapita\/wp-content\/uploads\/usu1161\/2019\/12\/IMG_6834.jpg\"><img loading=\"lazy\" decoding=\"async\" class=\"aligncenter size-full wp-image-3430\" src=\"https:\/\/agora.xtec.cat\/colsagradafamilia-larapita\/wp-content\/uploads\/usu1161\/2019\/12\/IMG_6834.jpg\" alt=\"\" width=\"550\" height=\"309\" srcset=\"https:\/\/agora.xtec.cat\/colsagradafamilia-larapita\/wp-content\/uploads\/usu1161\/2019\/12\/IMG_6834.jpg 550w, https:\/\/agora.xtec.cat\/colsagradafamilia-larapita\/wp-content\/uploads\/usu1161\/2019\/12\/IMG_6834-300x169.jpg 300w\" sizes=\"auto, (max-width: 550px) 100vw, 550px\" \/><\/a><\/p>\n","protected":false},"excerpt":{"rendered":"<p>El temps passa, el fred arriba, l\u2019escalforeta de les classes i\u00a0 l\u2019olor de llapis i goma ens fa pensar en un flaire d\u2019hivern d\u2019olor de castanya, de dol\u00e7 nadalenc, d\u2019elaborar intensament els treballs nadalencs que de ben segur embelliran les nostres taules nadalenques.<br \/>\nI ja som&hellip;  <a href=\"https:\/\/agora.xtec.cat\/colsagradafamilia-larapita\/general\/celebrem-el-nadal\/\" title=\"Read Celebrem el Nadal\">Llegeix m\u00e9s\u00bb<\/a><\/p>\n","protected":false},"author":1,"featured_media":3428,"comment_status":"open","ping_status":"closed","sticky":false,"template":"","format":"standard","meta":{"_bbp_topic_count":0,"_bbp_reply_count":0,"_bbp_total_topic_count":0,"_bbp_total_reply_count":0,"_bbp_voice_count":0,"_bbp_anonymous_reply_count":0,"_bbp_topic_count_hidden":0,"_bbp_reply_count_hidden":0,"_bbp_forum_subforum_count":0,"footnotes":""},"categories":[96,103,1,29],"tags":[],"class_list":["post-3424","post","type-post","status-publish","format-standard","has-post-thumbnail","hentry","category-educacioprimaria","category-educaciosecundaria","category-general","category-portada"],"post_mailing_queue_ids":[],"_links":{"self":[{"href":"https:\/\/agora.xtec.cat\/colsagradafamilia-larapita\/wp-json\/wp\/v2\/posts\/3424","targetHints":{"allow":["GET"]}}],"collection":[{"href":"https:\/\/agora.xtec.cat\/colsagradafamilia-larapita\/wp-json\/wp\/v2\/posts"}],"about":[{"href":"https:\/\/agora.xtec.cat\/colsagradafamilia-larapita\/wp-json\/wp\/v2\/types\/post"}],"author":[{"embeddable":true,"href":"https:\/\/agora.xtec.cat\/colsagradafamilia-larapita\/wp-json\/wp\/v2\/users\/1"}],"replies":[{"embeddable":true,"href":"https:\/\/agora.xtec.cat\/colsagradafamilia-larapita\/wp-json\/wp\/v2\/comments?post=3424"}],"version-history":[{"count":3,"href":"https:\/\/agora.xtec.cat\/colsagradafamilia-larapita\/wp-json\/wp\/v2\/posts\/3424\/revisions"}],"predecessor-version":[{"id":3437,"href":"https:\/\/agora.xtec.cat\/colsagradafamilia-larapita\/wp-json\/wp\/v2\/posts\/3424\/revisions\/3437"}],"wp:featuredmedia":[{"embeddable":true,"href":"https:\/\/agora.xtec.cat\/colsagradafamilia-larapita\/wp-json\/wp\/v2\/media\/3428"}],"wp:attachment":[{"href":"https:\/\/agora.xtec.cat\/colsagradafamilia-larapita\/wp-json\/wp\/v2\/media?parent=3424"}],"wp:term":[{"taxonomy":"category","embeddable":true,"href":"https:\/\/agora.xtec.cat\/colsagradafamilia-larapita\/wp-json\/wp\/v2\/categories?post=3424"},{"taxonomy":"post_tag","embeddable":true,"href":"https:\/\/agora.xtec.cat\/colsagradafamilia-larapita\/wp-json\/wp\/v2\/tags?post=3424"}],"curies":[{"name":"wp","href":"https:\/\/api.w.org\/{rel}","templated":true}]}}