{"id":3410,"date":"2019-12-19T10:38:02","date_gmt":"2019-12-19T09:38:02","guid":{"rendered":"http:\/\/agora.xtec.cat\/colsagradafamilia-larapita\/?p=3410"},"modified":"2019-12-19T10:43:54","modified_gmt":"2019-12-19T09:43:54","slug":"concurs-picalletres","status":"publish","type":"post","link":"https:\/\/agora.xtec.cat\/colsagradafamilia-larapita\/general\/concurs-picalletres\/","title":{"rendered":"Concurs Picalletres"},"content":{"rendered":"<p>La setmana passada l&#8217;alumnat de 3r d&#8217;ESO va participar en el Concurs Picalletres, que l&#8217;organitza i produeix Produccions Audiovisuals Ant\u00e0rtida per a diferents televisions i r\u00e0dios amb la col\u00b7laboraci\u00f3 de la Xarxa de Comunicaci\u00f3 Local de Catalunya i el suport de l&#8217;Institut d&#8217;Estudis Catalans.<\/p>\n<p>El concurs consta de diverses proves en les que l&#8217;alumnat ha de lletrejar, llegir embarbussaments, trobar barbarismes,&#8230; i demostrar aix\u00ed un bon domini de la llengua catalana.<\/p>\n<p>Al nostre territori, el Canal Terres de l&#8217;Ebre es qui s&#8217;encarrega de realitzar els rodatges de les diferents eliminat\u00f2ries pr\u00e8vies a la fase nacional del concurs. Aix\u00ed per tant, ens haurem d&#8217;esperar fins a mitjans d&#8217;abril per saber qu\u00e8 ha passat i qui ha guanyat. Tot i aix\u00f2, cal afegir en prim\u00edcia que tots els concursants de tots els centres van competir demostrant un bon nivell de la llengua catalana, essent aix\u00ed una competici\u00f3 bastant renyida i de qualitat.<\/p>\n<p>Tan aviat sabem les dates en qu\u00e8 s&#8217;emetran els programes del concurs us ho farem saber.<\/p>\n<p><a href=\"https:\/\/agora.xtec.cat\/colsagradafamilia-larapita\/wp-content\/uploads\/usu1161\/2019\/12\/WhatsApp-Image-2019-12-13-at-13.27.57.jpeg\"><img loading=\"lazy\" decoding=\"async\" class=\"aligncenter wp-image-3411\" src=\"https:\/\/agora.xtec.cat\/colsagradafamilia-larapita\/wp-content\/uploads\/usu1161\/2019\/12\/WhatsApp-Image-2019-12-13-at-13.27.57.jpeg\" alt=\"\" width=\"600\" height=\"450\" srcset=\"https:\/\/agora.xtec.cat\/colsagradafamilia-larapita\/wp-content\/uploads\/usu1161\/2019\/12\/WhatsApp-Image-2019-12-13-at-13.27.57.jpeg 1024w, https:\/\/agora.xtec.cat\/colsagradafamilia-larapita\/wp-content\/uploads\/usu1161\/2019\/12\/WhatsApp-Image-2019-12-13-at-13.27.57-300x225.jpeg 300w, https:\/\/agora.xtec.cat\/colsagradafamilia-larapita\/wp-content\/uploads\/usu1161\/2019\/12\/WhatsApp-Image-2019-12-13-at-13.27.57-768x576.jpeg 768w, https:\/\/agora.xtec.cat\/colsagradafamilia-larapita\/wp-content\/uploads\/usu1161\/2019\/12\/WhatsApp-Image-2019-12-13-at-13.27.57-200x150.jpeg 200w\" sizes=\"auto, (max-width: 600px) 100vw, 600px\" \/><\/a><\/p>\n<p><a href=\"https:\/\/agora.xtec.cat\/colsagradafamilia-larapita\/wp-content\/uploads\/usu1161\/2019\/12\/WhatsApp-Image-2019-12-12-at-16.16.47.jpeg\"><img loading=\"lazy\" decoding=\"async\" class=\"aligncenter wp-image-3413\" src=\"https:\/\/agora.xtec.cat\/colsagradafamilia-larapita\/wp-content\/uploads\/usu1161\/2019\/12\/WhatsApp-Image-2019-12-12-at-16.16.47.jpeg\" alt=\"\" width=\"600\" height=\"450\" srcset=\"https:\/\/agora.xtec.cat\/colsagradafamilia-larapita\/wp-content\/uploads\/usu1161\/2019\/12\/WhatsApp-Image-2019-12-12-at-16.16.47.jpeg 1024w, https:\/\/agora.xtec.cat\/colsagradafamilia-larapita\/wp-content\/uploads\/usu1161\/2019\/12\/WhatsApp-Image-2019-12-12-at-16.16.47-300x225.jpeg 300w, https:\/\/agora.xtec.cat\/colsagradafamilia-larapita\/wp-content\/uploads\/usu1161\/2019\/12\/WhatsApp-Image-2019-12-12-at-16.16.47-768x576.jpeg 768w, https:\/\/agora.xtec.cat\/colsagradafamilia-larapita\/wp-content\/uploads\/usu1161\/2019\/12\/WhatsApp-Image-2019-12-12-at-16.16.47-200x150.jpeg 200w\" sizes=\"auto, (max-width: 600px) 100vw, 600px\" \/><\/a> <a href=\"https:\/\/agora.xtec.cat\/colsagradafamilia-larapita\/wp-content\/uploads\/usu1161\/2019\/12\/WhatsApp-Image-2019-12-12-at-16.18.23.jpeg\"><img loading=\"lazy\" decoding=\"async\" class=\"aligncenter wp-image-3412\" src=\"https:\/\/agora.xtec.cat\/colsagradafamilia-larapita\/wp-content\/uploads\/usu1161\/2019\/12\/WhatsApp-Image-2019-12-12-at-16.18.23.jpeg\" alt=\"\" width=\"600\" height=\"450\" srcset=\"https:\/\/agora.xtec.cat\/colsagradafamilia-larapita\/wp-content\/uploads\/usu1161\/2019\/12\/WhatsApp-Image-2019-12-12-at-16.18.23.jpeg 810w, https:\/\/agora.xtec.cat\/colsagradafamilia-larapita\/wp-content\/uploads\/usu1161\/2019\/12\/WhatsApp-Image-2019-12-12-at-16.18.23-300x225.jpeg 300w, https:\/\/agora.xtec.cat\/colsagradafamilia-larapita\/wp-content\/uploads\/usu1161\/2019\/12\/WhatsApp-Image-2019-12-12-at-16.18.23-768x576.jpeg 768w, https:\/\/agora.xtec.cat\/colsagradafamilia-larapita\/wp-content\/uploads\/usu1161\/2019\/12\/WhatsApp-Image-2019-12-12-at-16.18.23-200x150.jpeg 200w\" sizes=\"auto, (max-width: 600px) 100vw, 600px\" \/><\/a><\/p>\n<p>&nbsp;<\/p>\n<p>&nbsp;<\/p>\n","protected":false},"excerpt":{"rendered":"<p>La setmana passada l&#8217;alumnat de 3r d&#8217;ESO va participar en el Concurs Picalletres, que l&#8217;organitza i produeix Produccions Audiovisuals Ant\u00e0rtida per a diferents televisions i r\u00e0dios amb la col\u00b7laboraci\u00f3 de la Xarxa de Comunicaci\u00f3 Local de Catalunya i el suport de l&#8217;Institut d&#8217;Estudis Catalans.<br \/>\nEl concurs&hellip;  <a href=\"https:\/\/agora.xtec.cat\/colsagradafamilia-larapita\/general\/concurs-picalletres\/\" title=\"Read Concurs Picalletres\">Llegeix m\u00e9s\u00bb<\/a><\/p>\n","protected":false},"author":1,"featured_media":3412,"comment_status":"open","ping_status":"closed","sticky":false,"template":"","format":"standard","meta":{"_bbp_topic_count":0,"_bbp_reply_count":0,"_bbp_total_topic_count":0,"_bbp_total_reply_count":0,"_bbp_voice_count":0,"_bbp_anonymous_reply_count":0,"_bbp_topic_count_hidden":0,"_bbp_reply_count_hidden":0,"_bbp_forum_subforum_count":0,"footnotes":""},"categories":[1,29],"tags":[],"class_list":["post-3410","post","type-post","status-publish","format-standard","has-post-thumbnail","hentry","category-general","category-portada"],"post_mailing_queue_ids":[],"_links":{"self":[{"href":"https:\/\/agora.xtec.cat\/colsagradafamilia-larapita\/wp-json\/wp\/v2\/posts\/3410","targetHints":{"allow":["GET"]}}],"collection":[{"href":"https:\/\/agora.xtec.cat\/colsagradafamilia-larapita\/wp-json\/wp\/v2\/posts"}],"about":[{"href":"https:\/\/agora.xtec.cat\/colsagradafamilia-larapita\/wp-json\/wp\/v2\/types\/post"}],"author":[{"embeddable":true,"href":"https:\/\/agora.xtec.cat\/colsagradafamilia-larapita\/wp-json\/wp\/v2\/users\/1"}],"replies":[{"embeddable":true,"href":"https:\/\/agora.xtec.cat\/colsagradafamilia-larapita\/wp-json\/wp\/v2\/comments?post=3410"}],"version-history":[{"count":2,"href":"https:\/\/agora.xtec.cat\/colsagradafamilia-larapita\/wp-json\/wp\/v2\/posts\/3410\/revisions"}],"predecessor-version":[{"id":3418,"href":"https:\/\/agora.xtec.cat\/colsagradafamilia-larapita\/wp-json\/wp\/v2\/posts\/3410\/revisions\/3418"}],"wp:featuredmedia":[{"embeddable":true,"href":"https:\/\/agora.xtec.cat\/colsagradafamilia-larapita\/wp-json\/wp\/v2\/media\/3412"}],"wp:attachment":[{"href":"https:\/\/agora.xtec.cat\/colsagradafamilia-larapita\/wp-json\/wp\/v2\/media?parent=3410"}],"wp:term":[{"taxonomy":"category","embeddable":true,"href":"https:\/\/agora.xtec.cat\/colsagradafamilia-larapita\/wp-json\/wp\/v2\/categories?post=3410"},{"taxonomy":"post_tag","embeddable":true,"href":"https:\/\/agora.xtec.cat\/colsagradafamilia-larapita\/wp-json\/wp\/v2\/tags?post=3410"}],"curies":[{"name":"wp","href":"https:\/\/api.w.org\/{rel}","templated":true}]}}