{"id":3402,"date":"2019-11-30T13:53:48","date_gmt":"2019-11-30T12:53:48","guid":{"rendered":"http:\/\/agora.xtec.cat\/colsagradafamilia-larapita\/?p=3402"},"modified":"2019-11-30T13:54:52","modified_gmt":"2019-11-30T12:54:52","slug":"servei-comunitari-3r-deso-el-gran-recapte","status":"publish","type":"post","link":"https:\/\/agora.xtec.cat\/colsagradafamilia-larapita\/general\/servei-comunitari-3r-deso-el-gran-recapte\/","title":{"rendered":"Servei Comunitari 3r d&#8217;ESO: El Gran Recapte"},"content":{"rendered":"<p><a href=\"https:\/\/agora.xtec.cat\/colsagradafamilia-larapita\/wp-content\/uploads\/usu1161\/2019\/11\/scgrecapte.png\"><img loading=\"lazy\" decoding=\"async\" class=\"aligncenter size-full wp-image-3403\" src=\"https:\/\/agora.xtec.cat\/colsagradafamilia-larapita\/wp-content\/uploads\/usu1161\/2019\/11\/scgrecapte.png\" alt=\"\" width=\"571\" height=\"570\" srcset=\"https:\/\/agora.xtec.cat\/colsagradafamilia-larapita\/wp-content\/uploads\/usu1161\/2019\/11\/scgrecapte.png 571w, https:\/\/agora.xtec.cat\/colsagradafamilia-larapita\/wp-content\/uploads\/usu1161\/2019\/11\/scgrecapte-150x150.png 150w, https:\/\/agora.xtec.cat\/colsagradafamilia-larapita\/wp-content\/uploads\/usu1161\/2019\/11\/scgrecapte-300x300.png 300w\" sizes=\"auto, (max-width: 571px) 100vw, 571px\" \/><\/a><\/p>\n<p style=\"text-align: justify;\">Aquest passat 22 i 23 de novembre l&#8217;alumnat de 3r d&#8217;ESO va participar en la recaptaci\u00f3 d&#8217;aliments i productes d&#8217;higiene personal de &#8220;El Gran Recapte 2019&#8221;. Aquesta activitat est\u00e0 contemplada dins del projecte servei comunitari que han de dur a terme tot l&#8217;alumnat de Catalunya.<\/p>\n<p style=\"text-align: justify;\">La participaci\u00f3 i el desenvolupament d&#8217;aquesta tasca va ser possible gr\u00e0cies a la col\u00b7laboraci\u00f3 amb C\u00e0ritas, aix\u00ed l&#8217;alumnat distribu\u00eft en diferentes franges hor\u00e0ries es va presentar a dos supermercats de la nostra poblaci\u00f3: Mercadona i Spar de l&#8217;Horta Vella.<\/p>\n<p style=\"text-align: justify;\">Tots els voluntaris van expressar la inmensa implicaci\u00f3 en l&#8217;activitat i l&#8217;energia i l&#8217;empeny per tot el nostre alumnat. Des del punt de vista de l&#8217;alumnat va ser una activitat ben acollida, en la que els va permetre viure de primera m\u00e0, el voluntariat per a fins ben\u00e8fics en la nostra societat.<\/p>\n<p>&nbsp;<\/p>\n","protected":false},"excerpt":{"rendered":"<p><a href=\"https:\/\/agora.xtec.cat\/colsagradafamilia-larapita\/wp-content\/uploads\/usu1161\/2019\/11\/scgrecapte.png\"><\/a><br \/>\nAquest passat 22 i 23 de novembre l&#8217;alumnat de 3r d&#8217;ESO va participar en la recaptaci\u00f3 d&#8217;aliments i productes d&#8217;higiene personal de &#8220;El Gran Recapte 2019&#8221;. Aquesta activitat est\u00e0 contemplada dins del projecte servei comunitari que han de dur a terme tot l&#8217;alumnat de&hellip;  <a href=\"https:\/\/agora.xtec.cat\/colsagradafamilia-larapita\/general\/servei-comunitari-3r-deso-el-gran-recapte\/\" title=\"Read Servei Comunitari 3r d&#8217;ESO: El Gran Recapte\">Llegeix m\u00e9s\u00bb<\/a><\/p>\n","protected":false},"author":1,"featured_media":3403,"comment_status":"open","ping_status":"closed","sticky":false,"template":"","format":"standard","meta":{"_bbp_topic_count":0,"_bbp_reply_count":0,"_bbp_total_topic_count":0,"_bbp_total_reply_count":0,"_bbp_voice_count":0,"_bbp_anonymous_reply_count":0,"_bbp_topic_count_hidden":0,"_bbp_reply_count_hidden":0,"_bbp_forum_subforum_count":0,"footnotes":""},"categories":[1,29],"tags":[],"class_list":["post-3402","post","type-post","status-publish","format-standard","has-post-thumbnail","hentry","category-general","category-portada"],"post_mailing_queue_ids":[],"_links":{"self":[{"href":"https:\/\/agora.xtec.cat\/colsagradafamilia-larapita\/wp-json\/wp\/v2\/posts\/3402","targetHints":{"allow":["GET"]}}],"collection":[{"href":"https:\/\/agora.xtec.cat\/colsagradafamilia-larapita\/wp-json\/wp\/v2\/posts"}],"about":[{"href":"https:\/\/agora.xtec.cat\/colsagradafamilia-larapita\/wp-json\/wp\/v2\/types\/post"}],"author":[{"embeddable":true,"href":"https:\/\/agora.xtec.cat\/colsagradafamilia-larapita\/wp-json\/wp\/v2\/users\/1"}],"replies":[{"embeddable":true,"href":"https:\/\/agora.xtec.cat\/colsagradafamilia-larapita\/wp-json\/wp\/v2\/comments?post=3402"}],"version-history":[{"count":2,"href":"https:\/\/agora.xtec.cat\/colsagradafamilia-larapita\/wp-json\/wp\/v2\/posts\/3402\/revisions"}],"predecessor-version":[{"id":3405,"href":"https:\/\/agora.xtec.cat\/colsagradafamilia-larapita\/wp-json\/wp\/v2\/posts\/3402\/revisions\/3405"}],"wp:featuredmedia":[{"embeddable":true,"href":"https:\/\/agora.xtec.cat\/colsagradafamilia-larapita\/wp-json\/wp\/v2\/media\/3403"}],"wp:attachment":[{"href":"https:\/\/agora.xtec.cat\/colsagradafamilia-larapita\/wp-json\/wp\/v2\/media?parent=3402"}],"wp:term":[{"taxonomy":"category","embeddable":true,"href":"https:\/\/agora.xtec.cat\/colsagradafamilia-larapita\/wp-json\/wp\/v2\/categories?post=3402"},{"taxonomy":"post_tag","embeddable":true,"href":"https:\/\/agora.xtec.cat\/colsagradafamilia-larapita\/wp-json\/wp\/v2\/tags?post=3402"}],"curies":[{"name":"wp","href":"https:\/\/api.w.org\/{rel}","templated":true}]}}