{"id":3324,"date":"2019-10-21T17:21:15","date_gmt":"2019-10-21T15:21:15","guid":{"rendered":"http:\/\/agora.xtec.cat\/colsagradafamilia-larapita\/?p=3324"},"modified":"2019-10-23T15:52:34","modified_gmt":"2019-10-23T13:52:34","slug":"celebrem-origens","status":"publish","type":"post","link":"https:\/\/agora.xtec.cat\/colsagradafamilia-larapita\/general\/celebrem-origens\/","title":{"rendered":"Celebrem Or\u00edgens"},"content":{"rendered":"<p style=\"text-align: justify;\">Els passats dies 10 i 11 d\u2018octubre, la nostra escolta es va traslladar a la R\u00e0pita de principis del segle XX. Xiquetes i xiquets, pagesos i mariners, hem xalat recordant una manera de viure no tan llunyana. Una manera de viure on tot es prenia el seu temps i on els escassos recursos feien a la gent m\u00e9s s\u00e0via i m\u00e9s plena d\u2019optimisme per tirar endavant. Un temps on la conviv\u00e8ncia era propera i humana.<br \/>\nGegants i dansadors, birles i birlots, palangres i aixades, cistells i balancins, b\u00e8lits i patacons, oficis antics i costums, avui hem anat a costura i ha estat un esclat d\u2019alegria i de somriures. Si recordem els nostres origens, veurem amb m\u00e9s llum el nostre futur.<\/p>\n<p style=\"text-align: justify;\">Gr\u00e0cies a totes les fam\u00edlies i el professorat per la seva implicaci\u00f3.<\/p>\n<p style=\"text-align: justify;\">Visca els Or\u00edgens i visca la R\u00e0pita<\/p>\n<p style=\"text-align: center;\"><a href=\"https:\/\/agora.xtec.cat\/colsagradafamilia-larapita\/wp-content\/uploads\/usu1161\/2019\/10\/IMG-20191011-WA0154.jpg\"><img loading=\"lazy\" decoding=\"async\" class=\"aligncenter size-full wp-image-3325\" src=\"https:\/\/agora.xtec.cat\/colsagradafamilia-larapita\/wp-content\/uploads\/usu1161\/2019\/10\/IMG-20191011-WA0154.jpg\" alt=\"\" width=\"550\" height=\"528\" srcset=\"https:\/\/agora.xtec.cat\/colsagradafamilia-larapita\/wp-content\/uploads\/usu1161\/2019\/10\/IMG-20191011-WA0154.jpg 550w, https:\/\/agora.xtec.cat\/colsagradafamilia-larapita\/wp-content\/uploads\/usu1161\/2019\/10\/IMG-20191011-WA0154-300x288.jpg 300w\" sizes=\"auto, (max-width: 550px) 100vw, 550px\" \/><\/a><\/p>\n<p style=\"text-align: center;\"><a href=\"https:\/\/agora.xtec.cat\/colsagradafamilia-larapita\/wp-content\/uploads\/usu1161\/2019\/10\/IMG-20191011-WA0138.jpg\"><img loading=\"lazy\" decoding=\"async\" class=\"aligncenter size-full wp-image-3326\" src=\"https:\/\/agora.xtec.cat\/colsagradafamilia-larapita\/wp-content\/uploads\/usu1161\/2019\/10\/IMG-20191011-WA0138.jpg\" alt=\"\" width=\"550\" height=\"413\" srcset=\"https:\/\/agora.xtec.cat\/colsagradafamilia-larapita\/wp-content\/uploads\/usu1161\/2019\/10\/IMG-20191011-WA0138.jpg 550w, https:\/\/agora.xtec.cat\/colsagradafamilia-larapita\/wp-content\/uploads\/usu1161\/2019\/10\/IMG-20191011-WA0138-300x225.jpg 300w, https:\/\/agora.xtec.cat\/colsagradafamilia-larapita\/wp-content\/uploads\/usu1161\/2019\/10\/IMG-20191011-WA0138-200x150.jpg 200w\" sizes=\"auto, (max-width: 550px) 100vw, 550px\" \/><\/a><\/p>\n<p style=\"text-align: center;\"><a href=\"https:\/\/agora.xtec.cat\/colsagradafamilia-larapita\/wp-content\/uploads\/usu1161\/2019\/10\/IMG-20191011-WA0140.jpg\"><img loading=\"lazy\" decoding=\"async\" class=\"aligncenter size-full wp-image-3328\" src=\"https:\/\/agora.xtec.cat\/colsagradafamilia-larapita\/wp-content\/uploads\/usu1161\/2019\/10\/IMG-20191011-WA0140.jpg\" alt=\"\" width=\"550\" height=\"413\" srcset=\"https:\/\/agora.xtec.cat\/colsagradafamilia-larapita\/wp-content\/uploads\/usu1161\/2019\/10\/IMG-20191011-WA0140.jpg 550w, https:\/\/agora.xtec.cat\/colsagradafamilia-larapita\/wp-content\/uploads\/usu1161\/2019\/10\/IMG-20191011-WA0140-300x225.jpg 300w, https:\/\/agora.xtec.cat\/colsagradafamilia-larapita\/wp-content\/uploads\/usu1161\/2019\/10\/IMG-20191011-WA0140-200x150.jpg 200w\" sizes=\"auto, (max-width: 550px) 100vw, 550px\" \/><\/a><\/p>\n<p style=\"text-align: center;\"><a href=\"https:\/\/agora.xtec.cat\/colsagradafamilia-larapita\/wp-content\/uploads\/usu1161\/2019\/10\/IMG-20191011-WA0141.jpg\"><img loading=\"lazy\" decoding=\"async\" class=\"aligncenter size-full wp-image-3329\" src=\"https:\/\/agora.xtec.cat\/colsagradafamilia-larapita\/wp-content\/uploads\/usu1161\/2019\/10\/IMG-20191011-WA0141.jpg\" alt=\"\" width=\"550\" height=\"413\" srcset=\"https:\/\/agora.xtec.cat\/colsagradafamilia-larapita\/wp-content\/uploads\/usu1161\/2019\/10\/IMG-20191011-WA0141.jpg 550w, https:\/\/agora.xtec.cat\/colsagradafamilia-larapita\/wp-content\/uploads\/usu1161\/2019\/10\/IMG-20191011-WA0141-300x225.jpg 300w, https:\/\/agora.xtec.cat\/colsagradafamilia-larapita\/wp-content\/uploads\/usu1161\/2019\/10\/IMG-20191011-WA0141-200x150.jpg 200w\" sizes=\"auto, (max-width: 550px) 100vw, 550px\" \/><\/a><\/p>\n<p><a href=\"https:\/\/agora.xtec.cat\/colsagradafamilia-larapita\/wp-content\/uploads\/usu1161\/2019\/10\/IMG-20191011-WA0155.jpg\"><img loading=\"lazy\" decoding=\"async\" class=\"aligncenter size-full wp-image-3335\" src=\"https:\/\/agora.xtec.cat\/colsagradafamilia-larapita\/wp-content\/uploads\/usu1161\/2019\/10\/IMG-20191011-WA0155.jpg\" alt=\"\" width=\"550\" height=\"413\" srcset=\"https:\/\/agora.xtec.cat\/colsagradafamilia-larapita\/wp-content\/uploads\/usu1161\/2019\/10\/IMG-20191011-WA0155.jpg 550w, https:\/\/agora.xtec.cat\/colsagradafamilia-larapita\/wp-content\/uploads\/usu1161\/2019\/10\/IMG-20191011-WA0155-300x225.jpg 300w, https:\/\/agora.xtec.cat\/colsagradafamilia-larapita\/wp-content\/uploads\/usu1161\/2019\/10\/IMG-20191011-WA0155-200x150.jpg 200w\" sizes=\"auto, (max-width: 550px) 100vw, 550px\" \/><\/a><\/p>\n<p style=\"text-align: center;\"><a href=\"https:\/\/agora.xtec.cat\/colsagradafamilia-larapita\/wp-content\/uploads\/usu1161\/2019\/10\/IMG-20191011-WA0145.jpg\"><img loading=\"lazy\" decoding=\"async\" class=\"aligncenter size-full wp-image-3330\" src=\"https:\/\/agora.xtec.cat\/colsagradafamilia-larapita\/wp-content\/uploads\/usu1161\/2019\/10\/IMG-20191011-WA0145.jpg\" alt=\"\" width=\"550\" height=\"459\" srcset=\"https:\/\/agora.xtec.cat\/colsagradafamilia-larapita\/wp-content\/uploads\/usu1161\/2019\/10\/IMG-20191011-WA0145.jpg 550w, https:\/\/agora.xtec.cat\/colsagradafamilia-larapita\/wp-content\/uploads\/usu1161\/2019\/10\/IMG-20191011-WA0145-300x250.jpg 300w\" sizes=\"auto, (max-width: 550px) 100vw, 550px\" \/><\/a><\/p>\n<p>&nbsp;<\/p>\n<p style=\"text-align: center;\"><a href=\"https:\/\/agora.xtec.cat\/colsagradafamilia-larapita\/wp-content\/uploads\/usu1161\/2019\/10\/IMG-20191011-WA0148.jpg\"><img loading=\"lazy\" decoding=\"async\" class=\"aligncenter size-full wp-image-3331\" src=\"https:\/\/agora.xtec.cat\/colsagradafamilia-larapita\/wp-content\/uploads\/usu1161\/2019\/10\/IMG-20191011-WA0148.jpg\" alt=\"\" width=\"550\" height=\"309\" srcset=\"https:\/\/agora.xtec.cat\/colsagradafamilia-larapita\/wp-content\/uploads\/usu1161\/2019\/10\/IMG-20191011-WA0148.jpg 550w, https:\/\/agora.xtec.cat\/colsagradafamilia-larapita\/wp-content\/uploads\/usu1161\/2019\/10\/IMG-20191011-WA0148-300x169.jpg 300w\" sizes=\"auto, (max-width: 550px) 100vw, 550px\" \/><\/a><\/p>\n<p style=\"text-align: center;\"><a href=\"https:\/\/agora.xtec.cat\/colsagradafamilia-larapita\/wp-content\/uploads\/usu1161\/2019\/10\/IMG-20191011-WA0150.jpg\"><img loading=\"lazy\" decoding=\"async\" class=\"aligncenter size-full wp-image-3332\" src=\"https:\/\/agora.xtec.cat\/colsagradafamilia-larapita\/wp-content\/uploads\/usu1161\/2019\/10\/IMG-20191011-WA0150.jpg\" alt=\"\" width=\"550\" height=\"317\" srcset=\"https:\/\/agora.xtec.cat\/colsagradafamilia-larapita\/wp-content\/uploads\/usu1161\/2019\/10\/IMG-20191011-WA0150.jpg 550w, https:\/\/agora.xtec.cat\/colsagradafamilia-larapita\/wp-content\/uploads\/usu1161\/2019\/10\/IMG-20191011-WA0150-300x173.jpg 300w\" sizes=\"auto, (max-width: 550px) 100vw, 550px\" \/><\/a><\/p>\n<p style=\"text-align: center;\"><a href=\"https:\/\/agora.xtec.cat\/colsagradafamilia-larapita\/wp-content\/uploads\/usu1161\/2019\/10\/IMG-20191011-WA0152.jpg\"><img loading=\"lazy\" decoding=\"async\" class=\"aligncenter size-full wp-image-3333\" src=\"https:\/\/agora.xtec.cat\/colsagradafamilia-larapita\/wp-content\/uploads\/usu1161\/2019\/10\/IMG-20191011-WA0152.jpg\" alt=\"\" width=\"550\" height=\"339\" srcset=\"https:\/\/agora.xtec.cat\/colsagradafamilia-larapita\/wp-content\/uploads\/usu1161\/2019\/10\/IMG-20191011-WA0152.jpg 550w, https:\/\/agora.xtec.cat\/colsagradafamilia-larapita\/wp-content\/uploads\/usu1161\/2019\/10\/IMG-20191011-WA0152-300x185.jpg 300w\" sizes=\"auto, (max-width: 550px) 100vw, 550px\" \/><\/a><a href=\"https:\/\/agora.xtec.cat\/colsagradafamilia-larapita\/wp-content\/uploads\/usu1161\/2019\/10\/IMG-20191011-WA0156.jpg\"><img loading=\"lazy\" decoding=\"async\" class=\"aligncenter size-full wp-image-3336\" src=\"https:\/\/agora.xtec.cat\/colsagradafamilia-larapita\/wp-content\/uploads\/usu1161\/2019\/10\/IMG-20191011-WA0156.jpg\" alt=\"\" width=\"550\" height=\"413\" srcset=\"https:\/\/agora.xtec.cat\/colsagradafamilia-larapita\/wp-content\/uploads\/usu1161\/2019\/10\/IMG-20191011-WA0156.jpg 550w, https:\/\/agora.xtec.cat\/colsagradafamilia-larapita\/wp-content\/uploads\/usu1161\/2019\/10\/IMG-20191011-WA0156-300x225.jpg 300w, https:\/\/agora.xtec.cat\/colsagradafamilia-larapita\/wp-content\/uploads\/usu1161\/2019\/10\/IMG-20191011-WA0156-200x150.jpg 200w\" sizes=\"auto, (max-width: 550px) 100vw, 550px\" \/><\/a><\/p>\n<p><a href=\"https:\/\/agora.xtec.cat\/colsagradafamilia-larapita\/wp-content\/uploads\/usu1161\/2019\/10\/IMG-20191011-WA0153.jpg\"><img loading=\"lazy\" decoding=\"async\" class=\"aligncenter size-full wp-image-3334\" src=\"https:\/\/agora.xtec.cat\/colsagradafamilia-larapita\/wp-content\/uploads\/usu1161\/2019\/10\/IMG-20191011-WA0153.jpg\" alt=\"\" width=\"550\" height=\"413\" srcset=\"https:\/\/agora.xtec.cat\/colsagradafamilia-larapita\/wp-content\/uploads\/usu1161\/2019\/10\/IMG-20191011-WA0153.jpg 550w, https:\/\/agora.xtec.cat\/colsagradafamilia-larapita\/wp-content\/uploads\/usu1161\/2019\/10\/IMG-20191011-WA0153-300x225.jpg 300w, https:\/\/agora.xtec.cat\/colsagradafamilia-larapita\/wp-content\/uploads\/usu1161\/2019\/10\/IMG-20191011-WA0153-200x150.jpg 200w\" sizes=\"auto, (max-width: 550px) 100vw, 550px\" \/><\/a><\/p>\n","protected":false},"excerpt":{"rendered":"<p>Els passats dies 10 i 11 d\u2018octubre, la nostra escolta es va traslladar a la R\u00e0pita de principis del segle XX. Xiquetes i xiquets, pagesos i mariners, hem xalat recordant una manera de viure no tan llunyana. Una manera de viure on tot es prenia&hellip;  <a href=\"https:\/\/agora.xtec.cat\/colsagradafamilia-larapita\/general\/celebrem-origens\/\" title=\"Read Celebrem Or\u00edgens\">Llegeix m\u00e9s\u00bb<\/a><\/p>\n","protected":false},"author":1,"featured_media":3335,"comment_status":"open","ping_status":"closed","sticky":false,"template":"","format":"standard","meta":{"_bbp_topic_count":0,"_bbp_reply_count":0,"_bbp_total_topic_count":0,"_bbp_total_reply_count":0,"_bbp_voice_count":0,"_bbp_anonymous_reply_count":0,"_bbp_topic_count_hidden":0,"_bbp_reply_count_hidden":0,"_bbp_forum_subforum_count":0,"footnotes":""},"categories":[96,103,1,29],"tags":[],"class_list":["post-3324","post","type-post","status-publish","format-standard","has-post-thumbnail","hentry","category-educacioprimaria","category-educaciosecundaria","category-general","category-portada"],"post_mailing_queue_ids":[],"_links":{"self":[{"href":"https:\/\/agora.xtec.cat\/colsagradafamilia-larapita\/wp-json\/wp\/v2\/posts\/3324","targetHints":{"allow":["GET"]}}],"collection":[{"href":"https:\/\/agora.xtec.cat\/colsagradafamilia-larapita\/wp-json\/wp\/v2\/posts"}],"about":[{"href":"https:\/\/agora.xtec.cat\/colsagradafamilia-larapita\/wp-json\/wp\/v2\/types\/post"}],"author":[{"embeddable":true,"href":"https:\/\/agora.xtec.cat\/colsagradafamilia-larapita\/wp-json\/wp\/v2\/users\/1"}],"replies":[{"embeddable":true,"href":"https:\/\/agora.xtec.cat\/colsagradafamilia-larapita\/wp-json\/wp\/v2\/comments?post=3324"}],"version-history":[{"count":2,"href":"https:\/\/agora.xtec.cat\/colsagradafamilia-larapita\/wp-json\/wp\/v2\/posts\/3324\/revisions"}],"predecessor-version":[{"id":3338,"href":"https:\/\/agora.xtec.cat\/colsagradafamilia-larapita\/wp-json\/wp\/v2\/posts\/3324\/revisions\/3338"}],"wp:featuredmedia":[{"embeddable":true,"href":"https:\/\/agora.xtec.cat\/colsagradafamilia-larapita\/wp-json\/wp\/v2\/media\/3335"}],"wp:attachment":[{"href":"https:\/\/agora.xtec.cat\/colsagradafamilia-larapita\/wp-json\/wp\/v2\/media?parent=3324"}],"wp:term":[{"taxonomy":"category","embeddable":true,"href":"https:\/\/agora.xtec.cat\/colsagradafamilia-larapita\/wp-json\/wp\/v2\/categories?post=3324"},{"taxonomy":"post_tag","embeddable":true,"href":"https:\/\/agora.xtec.cat\/colsagradafamilia-larapita\/wp-json\/wp\/v2\/tags?post=3324"}],"curies":[{"name":"wp","href":"https:\/\/api.w.org\/{rel}","templated":true}]}}