{"id":3269,"date":"2019-10-11T10:46:54","date_gmt":"2019-10-11T08:46:54","guid":{"rendered":"http:\/\/agora.xtec.cat\/colsagradafamilia-larapita\/?p=3269"},"modified":"2019-12-19T10:44:39","modified_gmt":"2019-12-19T09:44:39","slug":"v-nit-de-lensenyament","status":"publish","type":"post","link":"https:\/\/agora.xtec.cat\/colsagradafamilia-larapita\/general\/v-nit-de-lensenyament\/","title":{"rendered":"V Nit de l&#8217;ensenyament"},"content":{"rendered":"<div style=\"text-align: center;\">\n<p><a href=\"https:\/\/agora.xtec.cat\/colsagradafamilia-larapita\/wp-content\/uploads\/usu1161\/2019\/10\/nit-de-lensenyament-2019.jpg\"><img loading=\"lazy\" decoding=\"async\" class=\"aligncenter wp-image-3275\" src=\"https:\/\/agora.xtec.cat\/colsagradafamilia-larapita\/wp-content\/uploads\/usu1161\/2019\/10\/nit-de-lensenyament-2019.jpg\" alt=\"\" width=\"702\" height=\"379\" \/><\/a><\/p>\n<p style=\"text-align: justify;\">El passat divendres 4 d&#8217;Octubre, a l&#8217;auditori Sixto Mir de la nostra poblaci\u00f3, va tenir lloc l&#8217;entrega de premis al reconeixement de l&#8217;excel\u00b7l\u00e8ncia acad\u00e8mica de l&#8217;alumnat dels centres de St. Carles de la R\u00e0pita i tamb\u00e9, l&#8217;homenatge als docents que han dedicat tota una vida a l&#8217;ensenyament rapitenc.<\/p>\n<p style=\"text-align: justify;\">Aquesta gala la va organitzar la regidoria d&#8217;educaci\u00f3 de l&#8217;Ajuntament i tenia com a objectiu fer un reconeixement a la vocaci\u00f3 d&#8217;ensenyar de 7 docents i de premiar l\u2019esfor\u00e7 i la perseveran\u00e7a dels 33 alumnes que durant el curs 2018-2019 van obtenir algun premi tant, a nivell local, com nacional, com internacional; aix\u00ed com tamb\u00e9, l&#8217;obtenci\u00f3 de notes excel\u00b7lents a les Proves d\u2019Acc\u00e9s a la Universitat.<\/p>\n<p style=\"text-align: justify;\">El nostre col\u00b7legi va tenir una bona representaci\u00f3, tant pel que fa als docents que es van jubilar, com pel que fa a l&#8217;alumnat premiat.<\/p>\n<p style=\"text-align: justify;\">Alumnat, professorat i fam\u00edlies vam gaudir plegats d&#8217;aquest tipus d&#8217;esdeveniments que animen a seguir endavant amb esperit lluitador i motivador per tal de crear un futur millor.<\/p>\n<p style=\"text-align: justify;\">A tots ells i elles la nostra m\u00e9s sincera enhorabona.<\/p>\n<p><iframe loading=\"lazy\" src=\"https:\/\/www.youtube.com\/embed\/B1ypwLy0yOU\" width=\"560\" height=\"315\" frameborder=\"0\" allowfullscreen=\"allowfullscreen\"><\/iframe><\/p>\n<\/div>\n","protected":false},"excerpt":{"rendered":"<p><a href=\"https:\/\/agora.xtec.cat\/colsagradafamilia-larapita\/wp-content\/uploads\/usu1161\/2019\/10\/nit-de-lensenyament-2019.jpg\"><\/a><br \/>\nEl passat divendres 4 d&#8217;Octubre, a l&#8217;auditori Sixto Mir de la nostra poblaci\u00f3, va tenir lloc l&#8217;entrega de premis al reconeixement de l&#8217;excel\u00b7l\u00e8ncia acad\u00e8mica de l&#8217;alumnat dels centres de St. Carles de la R\u00e0pita i tamb\u00e9, l&#8217;homenatge als docents que han dedicat tota una&hellip;  <a href=\"https:\/\/agora.xtec.cat\/colsagradafamilia-larapita\/general\/v-nit-de-lensenyament\/\" title=\"Read V Nit de l&#8217;ensenyament\">Llegeix m\u00e9s\u00bb<\/a><\/p>\n","protected":false},"author":1,"featured_media":3275,"comment_status":"open","ping_status":"closed","sticky":false,"template":"","format":"standard","meta":{"_bbp_topic_count":0,"_bbp_reply_count":0,"_bbp_total_topic_count":0,"_bbp_total_reply_count":0,"_bbp_voice_count":0,"_bbp_anonymous_reply_count":0,"_bbp_topic_count_hidden":0,"_bbp_reply_count_hidden":0,"_bbp_forum_subforum_count":0,"footnotes":""},"categories":[1,29],"tags":[],"class_list":["post-3269","post","type-post","status-publish","format-standard","has-post-thumbnail","hentry","category-general","category-portada"],"post_mailing_queue_ids":[],"_links":{"self":[{"href":"https:\/\/agora.xtec.cat\/colsagradafamilia-larapita\/wp-json\/wp\/v2\/posts\/3269","targetHints":{"allow":["GET"]}}],"collection":[{"href":"https:\/\/agora.xtec.cat\/colsagradafamilia-larapita\/wp-json\/wp\/v2\/posts"}],"about":[{"href":"https:\/\/agora.xtec.cat\/colsagradafamilia-larapita\/wp-json\/wp\/v2\/types\/post"}],"author":[{"embeddable":true,"href":"https:\/\/agora.xtec.cat\/colsagradafamilia-larapita\/wp-json\/wp\/v2\/users\/1"}],"replies":[{"embeddable":true,"href":"https:\/\/agora.xtec.cat\/colsagradafamilia-larapita\/wp-json\/wp\/v2\/comments?post=3269"}],"version-history":[{"count":3,"href":"https:\/\/agora.xtec.cat\/colsagradafamilia-larapita\/wp-json\/wp\/v2\/posts\/3269\/revisions"}],"predecessor-version":[{"id":3276,"href":"https:\/\/agora.xtec.cat\/colsagradafamilia-larapita\/wp-json\/wp\/v2\/posts\/3269\/revisions\/3276"}],"wp:featuredmedia":[{"embeddable":true,"href":"https:\/\/agora.xtec.cat\/colsagradafamilia-larapita\/wp-json\/wp\/v2\/media\/3275"}],"wp:attachment":[{"href":"https:\/\/agora.xtec.cat\/colsagradafamilia-larapita\/wp-json\/wp\/v2\/media?parent=3269"}],"wp:term":[{"taxonomy":"category","embeddable":true,"href":"https:\/\/agora.xtec.cat\/colsagradafamilia-larapita\/wp-json\/wp\/v2\/categories?post=3269"},{"taxonomy":"post_tag","embeddable":true,"href":"https:\/\/agora.xtec.cat\/colsagradafamilia-larapita\/wp-json\/wp\/v2\/tags?post=3269"}],"curies":[{"name":"wp","href":"https:\/\/api.w.org\/{rel}","templated":true}]}}