{"id":3210,"date":"2019-06-25T08:33:41","date_gmt":"2019-06-25T06:33:41","guid":{"rendered":"http:\/\/agora.xtec.cat\/colsagradafamilia-larapita\/?p=3210"},"modified":"2019-06-25T08:34:34","modified_gmt":"2019-06-25T06:34:34","slug":"fi-de-curs-2018-2019-a-leso","status":"publish","type":"post","link":"https:\/\/agora.xtec.cat\/colsagradafamilia-larapita\/general\/fi-de-curs-2018-2019-a-leso\/","title":{"rendered":"Torneig fi de curs 2018-2019 a l&#8217;ESO"},"content":{"rendered":"<p>Aquest divendres passat, el nostre alumnat va finalitzar el curs escolar 2018-2019. L&#8217;alumnat de secund\u00e0ria per tal de celebrar aquest per\u00edode de temps d&#8217;estudi, d&#8217;adquisici\u00f3 de nous aprenentatge i el descobriment de noves \u00e0rees de coneixement, va realitzar un torneig.<\/p>\n<p>L&#8217;alumnat de 4t d&#8217;ESO va ser l&#8217;encarregat d&#8217;organitzar-lo, van anar classe per classe preguntant a aquells i aquelles que estaven disposats a forma un equip i competir amb la resta. D&#8217;aix\u00f2, se&#8217;n van derivar equips de futbol tant mascul\u00ed com femen\u00ed, els quals es van enfrontar, tot compartint una bona estona d&#8217;esport a una de les instal\u00b7lacions esportives de la nostra poblaci\u00f3.<\/p>\n<p>Quan va ser hora de marxar l&#8217;alumnat de 4t &#8216;ESO es va acomiadar d&#8217;una manera molt emotiva.<\/p>\n<p>Aquest estiu ens servir\u00e0 per carregar les piles, descansar i agafar amb ganes el proper curs escolar. Bon estiu!<\/p>\n<p><a href=\"https:\/\/agora.xtec.cat\/colsagradafamilia-larapita\/wp-content\/uploads\/usu1161\/2019\/06\/fi-de-curs-4.jpg\"><img loading=\"lazy\" decoding=\"async\" class=\"aligncenter wp-image-3211\" src=\"https:\/\/agora.xtec.cat\/colsagradafamilia-larapita\/wp-content\/uploads\/usu1161\/2019\/06\/fi-de-curs-4.jpg\" alt=\"\" width=\"600\" height=\"338\" srcset=\"https:\/\/agora.xtec.cat\/colsagradafamilia-larapita\/wp-content\/uploads\/usu1161\/2019\/06\/fi-de-curs-4.jpg 1600w, https:\/\/agora.xtec.cat\/colsagradafamilia-larapita\/wp-content\/uploads\/usu1161\/2019\/06\/fi-de-curs-4-300x169.jpg 300w, https:\/\/agora.xtec.cat\/colsagradafamilia-larapita\/wp-content\/uploads\/usu1161\/2019\/06\/fi-de-curs-4-768x432.jpg 768w, https:\/\/agora.xtec.cat\/colsagradafamilia-larapita\/wp-content\/uploads\/usu1161\/2019\/06\/fi-de-curs-4-1024x576.jpg 1024w\" sizes=\"auto, (max-width: 600px) 100vw, 600px\" \/><\/a> <a href=\"https:\/\/agora.xtec.cat\/colsagradafamilia-larapita\/wp-content\/uploads\/usu1161\/2019\/06\/fi-de-curs-5.jpg\"><img loading=\"lazy\" decoding=\"async\" class=\"aligncenter wp-image-3212\" src=\"https:\/\/agora.xtec.cat\/colsagradafamilia-larapita\/wp-content\/uploads\/usu1161\/2019\/06\/fi-de-curs-5.jpg\" alt=\"\" width=\"600\" height=\"338\" srcset=\"https:\/\/agora.xtec.cat\/colsagradafamilia-larapita\/wp-content\/uploads\/usu1161\/2019\/06\/fi-de-curs-5.jpg 1600w, https:\/\/agora.xtec.cat\/colsagradafamilia-larapita\/wp-content\/uploads\/usu1161\/2019\/06\/fi-de-curs-5-300x169.jpg 300w, https:\/\/agora.xtec.cat\/colsagradafamilia-larapita\/wp-content\/uploads\/usu1161\/2019\/06\/fi-de-curs-5-768x432.jpg 768w, https:\/\/agora.xtec.cat\/colsagradafamilia-larapita\/wp-content\/uploads\/usu1161\/2019\/06\/fi-de-curs-5-1024x576.jpg 1024w\" sizes=\"auto, (max-width: 600px) 100vw, 600px\" \/><\/a> <a href=\"https:\/\/agora.xtec.cat\/colsagradafamilia-larapita\/wp-content\/uploads\/usu1161\/2019\/06\/fi-de-curs-6.jpg\"><img loading=\"lazy\" decoding=\"async\" class=\"aligncenter wp-image-3213\" src=\"https:\/\/agora.xtec.cat\/colsagradafamilia-larapita\/wp-content\/uploads\/usu1161\/2019\/06\/fi-de-curs-6.jpg\" alt=\"\" width=\"600\" height=\"338\" srcset=\"https:\/\/agora.xtec.cat\/colsagradafamilia-larapita\/wp-content\/uploads\/usu1161\/2019\/06\/fi-de-curs-6.jpg 1600w, https:\/\/agora.xtec.cat\/colsagradafamilia-larapita\/wp-content\/uploads\/usu1161\/2019\/06\/fi-de-curs-6-300x169.jpg 300w, https:\/\/agora.xtec.cat\/colsagradafamilia-larapita\/wp-content\/uploads\/usu1161\/2019\/06\/fi-de-curs-6-768x432.jpg 768w, https:\/\/agora.xtec.cat\/colsagradafamilia-larapita\/wp-content\/uploads\/usu1161\/2019\/06\/fi-de-curs-6-1024x576.jpg 1024w\" sizes=\"auto, (max-width: 600px) 100vw, 600px\" \/><\/a> <a href=\"https:\/\/agora.xtec.cat\/colsagradafamilia-larapita\/wp-content\/uploads\/usu1161\/2019\/06\/fi-de-curs-7.jpg\"><img loading=\"lazy\" decoding=\"async\" class=\"aligncenter wp-image-3214\" src=\"https:\/\/agora.xtec.cat\/colsagradafamilia-larapita\/wp-content\/uploads\/usu1161\/2019\/06\/fi-de-curs-7.jpg\" alt=\"\" width=\"600\" height=\"338\" srcset=\"https:\/\/agora.xtec.cat\/colsagradafamilia-larapita\/wp-content\/uploads\/usu1161\/2019\/06\/fi-de-curs-7.jpg 1600w, https:\/\/agora.xtec.cat\/colsagradafamilia-larapita\/wp-content\/uploads\/usu1161\/2019\/06\/fi-de-curs-7-300x169.jpg 300w, https:\/\/agora.xtec.cat\/colsagradafamilia-larapita\/wp-content\/uploads\/usu1161\/2019\/06\/fi-de-curs-7-768x432.jpg 768w, https:\/\/agora.xtec.cat\/colsagradafamilia-larapita\/wp-content\/uploads\/usu1161\/2019\/06\/fi-de-curs-7-1024x576.jpg 1024w\" sizes=\"auto, (max-width: 600px) 100vw, 600px\" \/><\/a> <a href=\"https:\/\/agora.xtec.cat\/colsagradafamilia-larapita\/wp-content\/uploads\/usu1161\/2019\/06\/fi-de-curs-3.jpg\"><img loading=\"lazy\" decoding=\"async\" class=\"aligncenter wp-image-3215\" src=\"https:\/\/agora.xtec.cat\/colsagradafamilia-larapita\/wp-content\/uploads\/usu1161\/2019\/06\/fi-de-curs-3.jpg\" alt=\"\" width=\"600\" height=\"338\" srcset=\"https:\/\/agora.xtec.cat\/colsagradafamilia-larapita\/wp-content\/uploads\/usu1161\/2019\/06\/fi-de-curs-3.jpg 1600w, https:\/\/agora.xtec.cat\/colsagradafamilia-larapita\/wp-content\/uploads\/usu1161\/2019\/06\/fi-de-curs-3-300x169.jpg 300w, https:\/\/agora.xtec.cat\/colsagradafamilia-larapita\/wp-content\/uploads\/usu1161\/2019\/06\/fi-de-curs-3-768x432.jpg 768w, https:\/\/agora.xtec.cat\/colsagradafamilia-larapita\/wp-content\/uploads\/usu1161\/2019\/06\/fi-de-curs-3-1024x576.jpg 1024w\" sizes=\"auto, (max-width: 600px) 100vw, 600px\" \/><\/a><a href=\"https:\/\/agora.xtec.cat\/colsagradafamilia-larapita\/wp-content\/uploads\/usu1161\/2019\/06\/fi-de-curs-2.jpg\"><img loading=\"lazy\" decoding=\"async\" class=\"aligncenter wp-image-3216\" src=\"https:\/\/agora.xtec.cat\/colsagradafamilia-larapita\/wp-content\/uploads\/usu1161\/2019\/06\/fi-de-curs-2.jpg\" alt=\"\" width=\"600\" height=\"338\" srcset=\"https:\/\/agora.xtec.cat\/colsagradafamilia-larapita\/wp-content\/uploads\/usu1161\/2019\/06\/fi-de-curs-2.jpg 1600w, https:\/\/agora.xtec.cat\/colsagradafamilia-larapita\/wp-content\/uploads\/usu1161\/2019\/06\/fi-de-curs-2-300x169.jpg 300w, https:\/\/agora.xtec.cat\/colsagradafamilia-larapita\/wp-content\/uploads\/usu1161\/2019\/06\/fi-de-curs-2-768x432.jpg 768w, https:\/\/agora.xtec.cat\/colsagradafamilia-larapita\/wp-content\/uploads\/usu1161\/2019\/06\/fi-de-curs-2-1024x576.jpg 1024w\" sizes=\"auto, (max-width: 600px) 100vw, 600px\" \/><\/a> <a href=\"https:\/\/agora.xtec.cat\/colsagradafamilia-larapita\/wp-content\/uploads\/usu1161\/2019\/06\/fi-de-curs.jpg\"><img loading=\"lazy\" decoding=\"async\" class=\"aligncenter wp-image-3217\" src=\"https:\/\/agora.xtec.cat\/colsagradafamilia-larapita\/wp-content\/uploads\/usu1161\/2019\/06\/fi-de-curs.jpg\" alt=\"\" width=\"600\" height=\"338\" srcset=\"https:\/\/agora.xtec.cat\/colsagradafamilia-larapita\/wp-content\/uploads\/usu1161\/2019\/06\/fi-de-curs.jpg 1600w, https:\/\/agora.xtec.cat\/colsagradafamilia-larapita\/wp-content\/uploads\/usu1161\/2019\/06\/fi-de-curs-300x169.jpg 300w, https:\/\/agora.xtec.cat\/colsagradafamilia-larapita\/wp-content\/uploads\/usu1161\/2019\/06\/fi-de-curs-768x432.jpg 768w, https:\/\/agora.xtec.cat\/colsagradafamilia-larapita\/wp-content\/uploads\/usu1161\/2019\/06\/fi-de-curs-1024x576.jpg 1024w\" sizes=\"auto, (max-width: 600px) 100vw, 600px\" \/><\/a><\/p>\n","protected":false},"excerpt":{"rendered":"<p>Aquest divendres passat, el nostre alumnat va finalitzar el curs escolar 2018-2019. L&#8217;alumnat de secund\u00e0ria per tal de celebrar aquest per\u00edode de temps d&#8217;estudi, d&#8217;adquisici\u00f3 de nous aprenentatge i el descobriment de noves \u00e0rees de coneixement, va realitzar un torneig.<br \/>\nL&#8217;alumnat de 4t d&#8217;ESO va ser&hellip;  <a href=\"https:\/\/agora.xtec.cat\/colsagradafamilia-larapita\/general\/fi-de-curs-2018-2019-a-leso\/\" title=\"Read Torneig fi de curs 2018-2019 a l&#8217;ESO\">Llegeix m\u00e9s\u00bb<\/a><\/p>\n","protected":false},"author":1,"featured_media":3217,"comment_status":"open","ping_status":"closed","sticky":false,"template":"","format":"standard","meta":{"_bbp_topic_count":0,"_bbp_reply_count":0,"_bbp_total_topic_count":0,"_bbp_total_reply_count":0,"_bbp_voice_count":0,"_bbp_anonymous_reply_count":0,"_bbp_topic_count_hidden":0,"_bbp_reply_count_hidden":0,"_bbp_forum_subforum_count":0,"footnotes":""},"categories":[1,29],"tags":[],"class_list":["post-3210","post","type-post","status-publish","format-standard","has-post-thumbnail","hentry","category-general","category-portada"],"post_mailing_queue_ids":[],"_links":{"self":[{"href":"https:\/\/agora.xtec.cat\/colsagradafamilia-larapita\/wp-json\/wp\/v2\/posts\/3210","targetHints":{"allow":["GET"]}}],"collection":[{"href":"https:\/\/agora.xtec.cat\/colsagradafamilia-larapita\/wp-json\/wp\/v2\/posts"}],"about":[{"href":"https:\/\/agora.xtec.cat\/colsagradafamilia-larapita\/wp-json\/wp\/v2\/types\/post"}],"author":[{"embeddable":true,"href":"https:\/\/agora.xtec.cat\/colsagradafamilia-larapita\/wp-json\/wp\/v2\/users\/1"}],"replies":[{"embeddable":true,"href":"https:\/\/agora.xtec.cat\/colsagradafamilia-larapita\/wp-json\/wp\/v2\/comments?post=3210"}],"version-history":[{"count":2,"href":"https:\/\/agora.xtec.cat\/colsagradafamilia-larapita\/wp-json\/wp\/v2\/posts\/3210\/revisions"}],"predecessor-version":[{"id":3219,"href":"https:\/\/agora.xtec.cat\/colsagradafamilia-larapita\/wp-json\/wp\/v2\/posts\/3210\/revisions\/3219"}],"wp:featuredmedia":[{"embeddable":true,"href":"https:\/\/agora.xtec.cat\/colsagradafamilia-larapita\/wp-json\/wp\/v2\/media\/3217"}],"wp:attachment":[{"href":"https:\/\/agora.xtec.cat\/colsagradafamilia-larapita\/wp-json\/wp\/v2\/media?parent=3210"}],"wp:term":[{"taxonomy":"category","embeddable":true,"href":"https:\/\/agora.xtec.cat\/colsagradafamilia-larapita\/wp-json\/wp\/v2\/categories?post=3210"},{"taxonomy":"post_tag","embeddable":true,"href":"https:\/\/agora.xtec.cat\/colsagradafamilia-larapita\/wp-json\/wp\/v2\/tags?post=3210"}],"curies":[{"name":"wp","href":"https:\/\/api.w.org\/{rel}","templated":true}]}}