{"id":3070,"date":"2019-04-27T19:00:41","date_gmt":"2019-04-27T17:00:41","guid":{"rendered":"http:\/\/agora.xtec.cat\/colsagradafamilia-larapita\/?p=3070"},"modified":"2019-04-30T15:32:08","modified_gmt":"2019-04-30T13:32:08","slug":"resultats-cangur-2019","status":"publish","type":"post","link":"https:\/\/agora.xtec.cat\/colsagradafamilia-larapita\/portada\/resultats-cangur-2019\/","title":{"rendered":"Resultats Cangur 2019"},"content":{"rendered":"<p><a href=\"https:\/\/agora.xtec.cat\/colsagradafamilia-larapita\/wp-content\/uploads\/usu1161\/2019\/04\/cangur2019.jpg\"><img loading=\"lazy\" decoding=\"async\" class=\"aligncenter wp-image-3071\" src=\"https:\/\/agora.xtec.cat\/colsagradafamilia-larapita\/wp-content\/uploads\/usu1161\/2019\/04\/cangur2019.jpg\" alt=\"\" width=\"550\" height=\"388\" srcset=\"https:\/\/agora.xtec.cat\/colsagradafamilia-larapita\/wp-content\/uploads\/usu1161\/2019\/04\/cangur2019.jpg 2048w, https:\/\/agora.xtec.cat\/colsagradafamilia-larapita\/wp-content\/uploads\/usu1161\/2019\/04\/cangur2019-300x211.jpg 300w, https:\/\/agora.xtec.cat\/colsagradafamilia-larapita\/wp-content\/uploads\/usu1161\/2019\/04\/cangur2019-768x541.jpg 768w, https:\/\/agora.xtec.cat\/colsagradafamilia-larapita\/wp-content\/uploads\/usu1161\/2019\/04\/cangur2019-1024x722.jpg 1024w\" sizes=\"auto, (max-width: 550px) 100vw, 550px\" \/><\/a><\/p>\n<p>Aquesta darrera setmana hem rebut els resultats del nostre alumnat participant a la prova Cangur 2019, que organitza l&#8217;associaci\u00f3 internacional Le Kangourou sans fronti\u00e8res i la Societat Catalana de Matem\u00e0tiques (SCM).<\/p>\n<p>Els resultats obtinguts han estat bastant gratificants per tots nosaltres ja que, \u00e9s un concurs on hi participa una gran quantitat d&#8217;alumnat de tot Catalunya (entre d&#8217;uns 15000 a 25000 alumnes per nivell) i per tant, no \u00e9s gens f\u00e0cil aconseguir estar entre els millors. Tot i aix\u00ed, alguns dels nostres alumnes s&#8217;han col\u00b7lat per les posicions altes i \u00e9s per aix\u00f2 que els felicitem tant a ells i elles per aquesta meta aconseguida, com a la resta d&#8217;alumnat participant per l&#8217;estona i l&#8217;inter\u00e8s dipositat en aquesta activitat.<\/p>\n<p>Els diplomes de participaci\u00f3 seran entregats l&#8217;\u00faltima setmana del curs, tot organitzant un acte de reconeixement pel seu esfor\u00e7 i dedicaci\u00f3.<\/p>\n<p>Deixem const\u00e0ncia de l&#8217;alumnat millor classificat:<\/p>\n<p><strong><span style=\"color: #000080;\">Entre els dotze millors del seu nivell:<\/span><\/strong><\/p>\n<p style=\"padding-left: 30px;\">Quim Ram\u00edrez Ribas (1r d&#8217;ESO)<\/p>\n<p><strong><span style=\"color: #000080;\">Entre el 6% millor del seu nivell:<\/span><\/strong><\/p>\n<p style=\"padding-left: 30px;\"><span style=\"color: #000000;\">Ariadna Manzanero Tugui (5\u00e8 d&#8217;EP)<\/span><\/p>\n<p style=\"padding-left: 30px;\">Lu\u00eds Rodr\u00edguez Mart\u00ednez (5\u00e8 d&#8217;EP)<\/p>\n<p style=\"padding-left: 30px;\">Vicent Fabregat Lucena (2n d&#8217;ESO)<\/p>\n<p style=\"padding-left: 30px;\">Maria Fabregat Lucena (3r d&#8217;ESO)<\/p>\n<p style=\"padding-left: 30px;\">Guillem Camino P\u00e9rez (4t d&#8217;ESO)<\/p>\n<p><strong><span style=\"color: #000080;\">Entre el 25 % millor del seu nivell:<\/span><\/strong><\/p>\n<p style=\"padding-left: 30px;\">Zoe Aguilar Jos\u00e9 (5\u00e8 d&#8217;EP)<\/p>\n<p style=\"padding-left: 30px;\">Arnau Royo Castell\u00e0 (5\u00e8 d&#8217;EP)<\/p>\n<p style=\"padding-left: 30px;\">Isaac Vidal Subirats (5\u00e8 d&#8217;EP)<\/p>\n<p style=\"padding-left: 30px;\">Joana Lozano Fresno (6\u00e8 d&#8217;EP)<\/p>\n<p style=\"padding-left: 30px;\">Carme Sancho Ferr\u00e9 (6\u00e8 d&#8217;EP)<\/p>\n<p style=\"padding-left: 30px;\">Aleksandr Babayev (1r d&#8217;ESO)<\/p>\n<p style=\"padding-left: 30px;\">Sara Chao Ramon (1r d&#8217;ESO)<\/p>\n<p style=\"padding-left: 30px;\">Berta Canetti Ramon (2n d&#8217;ESO)<\/p>\n<p style=\"padding-left: 30px;\">Alexandra Com\u00ed Ferr\u00e9 (2n d&#8217;ESO)<\/p>\n<p style=\"padding-left: 30px;\">Marta Rosales Alcoletge (2n d&#8217;ESO)<\/p>\n<p style=\"padding-left: 30px;\">Judit Ram\u00edrez Ribas (3r d&#8217;ESO)<\/p>\n<p>&nbsp;<\/p>\n<p>&nbsp;<\/p>\n<p>&nbsp;<\/p>\n","protected":false},"excerpt":{"rendered":"<p><a href=\"https:\/\/agora.xtec.cat\/colsagradafamilia-larapita\/wp-content\/uploads\/usu1161\/2019\/04\/cangur2019.jpg\"><\/a><br \/>\nAquesta darrera setmana hem rebut els resultats del nostre alumnat participant a la prova Cangur 2019, que organitza l&#8217;associaci\u00f3 internacional Le Kangourou sans fronti\u00e8res i la Societat Catalana de Matem\u00e0tiques (SCM).<br \/>\nEls resultats obtinguts han estat bastant gratificants per tots nosaltres ja que, \u00e9s un&hellip;  <a href=\"https:\/\/agora.xtec.cat\/colsagradafamilia-larapita\/portada\/resultats-cangur-2019\/\" title=\"Read Resultats Cangur 2019\">Llegeix m\u00e9s\u00bb<\/a><\/p>\n","protected":false},"author":1,"featured_media":3071,"comment_status":"open","ping_status":"closed","sticky":false,"template":"","format":"standard","meta":{"_bbp_topic_count":0,"_bbp_reply_count":0,"_bbp_total_topic_count":0,"_bbp_total_reply_count":0,"_bbp_voice_count":0,"_bbp_anonymous_reply_count":0,"_bbp_topic_count_hidden":0,"_bbp_reply_count_hidden":0,"_bbp_forum_subforum_count":0,"footnotes":""},"categories":[29],"tags":[],"class_list":["post-3070","post","type-post","status-publish","format-standard","has-post-thumbnail","hentry","category-portada"],"post_mailing_queue_ids":[],"_links":{"self":[{"href":"https:\/\/agora.xtec.cat\/colsagradafamilia-larapita\/wp-json\/wp\/v2\/posts\/3070","targetHints":{"allow":["GET"]}}],"collection":[{"href":"https:\/\/agora.xtec.cat\/colsagradafamilia-larapita\/wp-json\/wp\/v2\/posts"}],"about":[{"href":"https:\/\/agora.xtec.cat\/colsagradafamilia-larapita\/wp-json\/wp\/v2\/types\/post"}],"author":[{"embeddable":true,"href":"https:\/\/agora.xtec.cat\/colsagradafamilia-larapita\/wp-json\/wp\/v2\/users\/1"}],"replies":[{"embeddable":true,"href":"https:\/\/agora.xtec.cat\/colsagradafamilia-larapita\/wp-json\/wp\/v2\/comments?post=3070"}],"version-history":[{"count":3,"href":"https:\/\/agora.xtec.cat\/colsagradafamilia-larapita\/wp-json\/wp\/v2\/posts\/3070\/revisions"}],"predecessor-version":[{"id":3075,"href":"https:\/\/agora.xtec.cat\/colsagradafamilia-larapita\/wp-json\/wp\/v2\/posts\/3070\/revisions\/3075"}],"wp:featuredmedia":[{"embeddable":true,"href":"https:\/\/agora.xtec.cat\/colsagradafamilia-larapita\/wp-json\/wp\/v2\/media\/3071"}],"wp:attachment":[{"href":"https:\/\/agora.xtec.cat\/colsagradafamilia-larapita\/wp-json\/wp\/v2\/media?parent=3070"}],"wp:term":[{"taxonomy":"category","embeddable":true,"href":"https:\/\/agora.xtec.cat\/colsagradafamilia-larapita\/wp-json\/wp\/v2\/categories?post=3070"},{"taxonomy":"post_tag","embeddable":true,"href":"https:\/\/agora.xtec.cat\/colsagradafamilia-larapita\/wp-json\/wp\/v2\/tags?post=3070"}],"curies":[{"name":"wp","href":"https:\/\/api.w.org\/{rel}","templated":true}]}}