{"id":3040,"date":"2019-04-12T18:46:25","date_gmt":"2019-04-12T16:46:25","guid":{"rendered":"http:\/\/agora.xtec.cat\/colsagradafamilia-larapita\/?p=3040"},"modified":"2019-04-12T18:46:25","modified_gmt":"2019-04-12T16:46:25","slug":"projecte-interdisciplinari-1r-eso-la-cellula","status":"publish","type":"post","link":"https:\/\/agora.xtec.cat\/colsagradafamilia-larapita\/general\/projecte-interdisciplinari-1r-eso-la-cellula\/","title":{"rendered":"Projecte interdisciplinari 1r ESO: La c\u00e8l\u00b7lula"},"content":{"rendered":"<div style=\"text-align: center;\"><iframe loading=\"lazy\" src=\"https:\/\/drive.google.com\/file\/d\/1VtdmHUbS9zZbUIlpEnXchgmcaJjY6YYP\/preview\" width=\"640\" height=\"480\"><span data-mce-type=\"bookmark\" style=\"display: inline-block; width: 0px; overflow: hidden; line-height: 0;\" class=\"mce_SELRES_start\">\ufeff<\/span><\/iframe><\/p>\n<p style=\"text-align: justify;\">L&#8217;alumnat de 1r d&#8217;ESO ha participat en un projecte interdisciplinari promogut entre les assignatures de Biologia i Geologia i Educaci\u00f3 Visual i Pl\u00e0stica.<\/p>\n<p style=\"text-align: justify;\">Durant les classes de Biologia i Geologia han apr\u00e9s i estudiat les parts en les que est\u00e0 formada la tant c\u00e8l\u00b7lula animal, com la c\u00e8l\u00b7lula vegetal. A m\u00e9s a m\u00e9s, han descrit les funcions que duen terme cadascuna d&#8217;aquestes parts anomenades: Paret cel\u00b7lular, mitocondris, cloroplast, lisosomes, nucli, vac\u00faol,.. entre d&#8217;altres. Paral\u00b7lelament en l&#8217;assignatura d&#8217;Educaci\u00f3 Visual i Pl\u00e0stica n&#8217;han creat una, tot usant una combinaci\u00f3 de diversos materials, expressions pl\u00e0stiques i creativitat personal. Cal afegir que podien escollir el fet d&#8217;elaborar una c\u00e8l\u00b7lula animal o b\u00e9, crear-ne una c\u00e8l\u00b7lula vegetal i el disseny, els materials i el passos a seguir per tal de desenvolupar aquesta creaci\u00f3 a estat m\u00e8rit exclusivament seu ja que, han treballat de manera aut\u00f2noma tot coordinant-se, en totes les fases del proc\u00e9s.<\/p>\n<p style=\"text-align: justify;\">Per culminar tot aquest treball, l&#8217;alumnat ha usat una aplicaci\u00f3 de realitat augmentada anomenada Quiver, amb aix\u00f2, la tablet i unes plantilles de la p\u00e0gina web QuiverVision.com han pogut visualitzar les parts tant de la c\u00e8l\u00b7lula animal com de la vegetal, amb tres dimensions. La interacci\u00f3 que ens permeten les noves tecnologies aplicades a l&#8217;ensenyament potencia que aquest esdivingui un aprenentatge adquirit.<\/p>\n<\/div>\n","protected":false},"excerpt":{"rendered":"<p>\ufeff<br \/>\nL&#8217;alumnat de 1r d&#8217;ESO ha participat en un projecte interdisciplinari promogut entre les assignatures de Biologia i Geologia i Educaci\u00f3 Visual i Pl\u00e0stica.<br \/>\nDurant les classes de Biologia i Geologia han apr\u00e9s i estudiat les parts en les que est\u00e0 formada la tant c\u00e8l\u00b7lula animal, com&hellip;  <a href=\"https:\/\/agora.xtec.cat\/colsagradafamilia-larapita\/general\/projecte-interdisciplinari-1r-eso-la-cellula\/\" title=\"Read Projecte interdisciplinari 1r ESO: La c\u00e8l\u00b7lula\">Llegeix m\u00e9s\u00bb<\/a><\/p>\n","protected":false},"author":1,"featured_media":0,"comment_status":"open","ping_status":"closed","sticky":false,"template":"","format":"standard","meta":{"_bbp_topic_count":0,"_bbp_reply_count":0,"_bbp_total_topic_count":0,"_bbp_total_reply_count":0,"_bbp_voice_count":0,"_bbp_anonymous_reply_count":0,"_bbp_topic_count_hidden":0,"_bbp_reply_count_hidden":0,"_bbp_forum_subforum_count":0,"footnotes":""},"categories":[1,29],"tags":[],"class_list":["post-3040","post","type-post","status-publish","format-standard","hentry","category-general","category-portada"],"post_mailing_queue_ids":[],"_links":{"self":[{"href":"https:\/\/agora.xtec.cat\/colsagradafamilia-larapita\/wp-json\/wp\/v2\/posts\/3040","targetHints":{"allow":["GET"]}}],"collection":[{"href":"https:\/\/agora.xtec.cat\/colsagradafamilia-larapita\/wp-json\/wp\/v2\/posts"}],"about":[{"href":"https:\/\/agora.xtec.cat\/colsagradafamilia-larapita\/wp-json\/wp\/v2\/types\/post"}],"author":[{"embeddable":true,"href":"https:\/\/agora.xtec.cat\/colsagradafamilia-larapita\/wp-json\/wp\/v2\/users\/1"}],"replies":[{"embeddable":true,"href":"https:\/\/agora.xtec.cat\/colsagradafamilia-larapita\/wp-json\/wp\/v2\/comments?post=3040"}],"version-history":[{"count":2,"href":"https:\/\/agora.xtec.cat\/colsagradafamilia-larapita\/wp-json\/wp\/v2\/posts\/3040\/revisions"}],"predecessor-version":[{"id":3376,"href":"https:\/\/agora.xtec.cat\/colsagradafamilia-larapita\/wp-json\/wp\/v2\/posts\/3040\/revisions\/3376"}],"wp:attachment":[{"href":"https:\/\/agora.xtec.cat\/colsagradafamilia-larapita\/wp-json\/wp\/v2\/media?parent=3040"}],"wp:term":[{"taxonomy":"category","embeddable":true,"href":"https:\/\/agora.xtec.cat\/colsagradafamilia-larapita\/wp-json\/wp\/v2\/categories?post=3040"},{"taxonomy":"post_tag","embeddable":true,"href":"https:\/\/agora.xtec.cat\/colsagradafamilia-larapita\/wp-json\/wp\/v2\/tags?post=3040"}],"curies":[{"name":"wp","href":"https:\/\/api.w.org\/{rel}","templated":true}]}}