{"id":2974,"date":"2019-03-21T17:54:21","date_gmt":"2019-03-21T16:54:21","guid":{"rendered":"http:\/\/agora.xtec.cat\/colsagradafamilia-larapita\/?p=2974"},"modified":"2019-03-21T17:54:30","modified_gmt":"2019-03-21T16:54:30","slug":"celebrem-el-carnaval-2","status":"publish","type":"post","link":"https:\/\/agora.xtec.cat\/colsagradafamilia-larapita\/general\/celebrem-el-carnaval-2\/","title":{"rendered":"Celebrem el carnaval"},"content":{"rendered":"<p style=\"text-align: justify;\">Per celebrar un any m\u00e9s la festa del carnaval tot l\u2019alumnat de prim\u00e0ria i\u00a0 secund\u00e0ria havia seguit durant dimarts , dimecres ,dijous i divendres\u00a0 les consignes del rei Carnestoltes. Dimarts venir amb gorra, dimecres portar lla\u00e7os, corbata o collars, dijous portar la cara pintada i divendres disfressats.<\/p>\n<p style=\"text-align: justify;\">Com a cloenda final de la setmana de Carnaval\u00a0 el passat divendres 2 de mar\u00e7 tot l\u2019alumnat del Col\u00b7legi Sagrada Fam\u00edlia juntament amb els professors i alguns \u00a0pares v\u00e0rem sortir a fer la rua per la Pla\u00e7a Carles III i pla\u00e7a del C\u00f3c.<\/p>\n<p style=\"text-align: justify;\">L\u2019alumnat d\u2019Infantil\u00a0 P3 P4 i P5 es van disfressar d\u2019emoticonos.<\/p>\n<p style=\"text-align: justify;\">1r EP amb la gr\u00e0cia de Vilma i pedro es van disfressar de\u00a0 PICAPEDRA.<\/p>\n<p style=\"text-align: justify;\">2n EP ens van traslladar als anys 60 vestits de Hippies.<\/p>\n<p style=\"text-align: justify;\">3r EP anaven vestits amb els signes de les noves xarxes socials. Facebook, twitter,instagram\u2026<\/p>\n<p style=\"text-align: justify;\">4t EP anaven de Rapers amb els seus balls i complements.<\/p>\n<p style=\"text-align: justify;\">5\u00e8 EP ens van amenitzar amb un ball de supercalifragilistico vestits de Mary Poppins i escuraxemeneies.<\/p>\n<p style=\"text-align: justify;\">6\u00e8 EP ens van traslladar a la dol\u00e7or i paci\u00e8ncia que tot vellet t\u00e9 quan es fa gran vestits de vellets.<\/p>\n<p style=\"text-align: justify;\">I tot l\u2019alumnat de l\u2019ESO vestit amb pijama i bata ens van acompanyar al C\u00f3c per despr\u00e9s servir-nos al pati de l\u2019escola una bona xocolata calenta que organitzada per l\u2019AMPA amb el donatiu d\u20191\u20ac que vam destinar\u00a0 a l\u2019associaci\u00f3 del c\u00e1ncer infantil.<\/p>\n<p style=\"text-align: justify;\">Gr\u00e0cies a tots i totes per la vostra col\u00b7laboraci\u00f3.<\/p>\n<p style=\"text-align: center;\"><a href=\"https:\/\/agora.xtec.cat\/colsagradafamilia-larapita\/wp-content\/uploads\/usu1161\/2019\/03\/IMG-20190301-WA0050.jpg\"><img loading=\"lazy\" decoding=\"async\" class=\"aligncenter size-full wp-image-2975\" src=\"https:\/\/agora.xtec.cat\/colsagradafamilia-larapita\/wp-content\/uploads\/usu1161\/2019\/03\/IMG-20190301-WA0050.jpg\" alt=\"\" width=\"550\" height=\"413\" srcset=\"https:\/\/agora.xtec.cat\/colsagradafamilia-larapita\/wp-content\/uploads\/usu1161\/2019\/03\/IMG-20190301-WA0050.jpg 550w, https:\/\/agora.xtec.cat\/colsagradafamilia-larapita\/wp-content\/uploads\/usu1161\/2019\/03\/IMG-20190301-WA0050-300x225.jpg 300w, https:\/\/agora.xtec.cat\/colsagradafamilia-larapita\/wp-content\/uploads\/usu1161\/2019\/03\/IMG-20190301-WA0050-200x150.jpg 200w\" sizes=\"auto, (max-width: 550px) 100vw, 550px\" \/><\/a><\/p>\n<p style=\"text-align: center;\"><a href=\"https:\/\/agora.xtec.cat\/colsagradafamilia-larapita\/wp-content\/uploads\/usu1161\/2019\/03\/IMG-20190301-WA0031.jpg\"><img loading=\"lazy\" decoding=\"async\" class=\"aligncenter size-full wp-image-2976\" src=\"https:\/\/agora.xtec.cat\/colsagradafamilia-larapita\/wp-content\/uploads\/usu1161\/2019\/03\/IMG-20190301-WA0031.jpg\" alt=\"\" width=\"550\" height=\"413\" srcset=\"https:\/\/agora.xtec.cat\/colsagradafamilia-larapita\/wp-content\/uploads\/usu1161\/2019\/03\/IMG-20190301-WA0031.jpg 550w, https:\/\/agora.xtec.cat\/colsagradafamilia-larapita\/wp-content\/uploads\/usu1161\/2019\/03\/IMG-20190301-WA0031-300x225.jpg 300w, https:\/\/agora.xtec.cat\/colsagradafamilia-larapita\/wp-content\/uploads\/usu1161\/2019\/03\/IMG-20190301-WA0031-200x150.jpg 200w\" sizes=\"auto, (max-width: 550px) 100vw, 550px\" \/><\/a><\/p>\n<p style=\"text-align: center;\"><a href=\"https:\/\/agora.xtec.cat\/colsagradafamilia-larapita\/wp-content\/uploads\/usu1161\/2019\/03\/IMG-20190301-WA0033.jpg\"><img loading=\"lazy\" decoding=\"async\" class=\"aligncenter size-full wp-image-2977\" src=\"https:\/\/agora.xtec.cat\/colsagradafamilia-larapita\/wp-content\/uploads\/usu1161\/2019\/03\/IMG-20190301-WA0033.jpg\" alt=\"\" width=\"550\" height=\"413\" srcset=\"https:\/\/agora.xtec.cat\/colsagradafamilia-larapita\/wp-content\/uploads\/usu1161\/2019\/03\/IMG-20190301-WA0033.jpg 550w, https:\/\/agora.xtec.cat\/colsagradafamilia-larapita\/wp-content\/uploads\/usu1161\/2019\/03\/IMG-20190301-WA0033-300x225.jpg 300w, https:\/\/agora.xtec.cat\/colsagradafamilia-larapita\/wp-content\/uploads\/usu1161\/2019\/03\/IMG-20190301-WA0033-200x150.jpg 200w\" sizes=\"auto, (max-width: 550px) 100vw, 550px\" \/><\/a><\/p>\n<p style=\"text-align: center;\"><a href=\"https:\/\/agora.xtec.cat\/colsagradafamilia-larapita\/wp-content\/uploads\/usu1161\/2019\/03\/IMG-20190301-WA0025.jpg\"><img loading=\"lazy\" decoding=\"async\" class=\"aligncenter size-full wp-image-2978\" src=\"https:\/\/agora.xtec.cat\/colsagradafamilia-larapita\/wp-content\/uploads\/usu1161\/2019\/03\/IMG-20190301-WA0025.jpg\" alt=\"\" width=\"550\" height=\"413\" srcset=\"https:\/\/agora.xtec.cat\/colsagradafamilia-larapita\/wp-content\/uploads\/usu1161\/2019\/03\/IMG-20190301-WA0025.jpg 550w, https:\/\/agora.xtec.cat\/colsagradafamilia-larapita\/wp-content\/uploads\/usu1161\/2019\/03\/IMG-20190301-WA0025-300x225.jpg 300w, https:\/\/agora.xtec.cat\/colsagradafamilia-larapita\/wp-content\/uploads\/usu1161\/2019\/03\/IMG-20190301-WA0025-200x150.jpg 200w\" sizes=\"auto, (max-width: 550px) 100vw, 550px\" \/><\/a><\/p>\n<p style=\"text-align: center;\"><a href=\"https:\/\/agora.xtec.cat\/colsagradafamilia-larapita\/wp-content\/uploads\/usu1161\/2019\/03\/IMG-20190301-WA0055.jpg\"><img loading=\"lazy\" decoding=\"async\" class=\"aligncenter size-full wp-image-2979\" src=\"https:\/\/agora.xtec.cat\/colsagradafamilia-larapita\/wp-content\/uploads\/usu1161\/2019\/03\/IMG-20190301-WA0055.jpg\" alt=\"\" width=\"550\" height=\"352\" srcset=\"https:\/\/agora.xtec.cat\/colsagradafamilia-larapita\/wp-content\/uploads\/usu1161\/2019\/03\/IMG-20190301-WA0055.jpg 550w, https:\/\/agora.xtec.cat\/colsagradafamilia-larapita\/wp-content\/uploads\/usu1161\/2019\/03\/IMG-20190301-WA0055-300x192.jpg 300w\" sizes=\"auto, (max-width: 550px) 100vw, 550px\" \/><\/a><\/p>\n<p style=\"text-align: center;\"><a href=\"https:\/\/agora.xtec.cat\/colsagradafamilia-larapita\/wp-content\/uploads\/usu1161\/2019\/03\/IMG-20190301-WA0000.jpg\"><img loading=\"lazy\" decoding=\"async\" class=\"aligncenter size-full wp-image-2981\" src=\"https:\/\/agora.xtec.cat\/colsagradafamilia-larapita\/wp-content\/uploads\/usu1161\/2019\/03\/IMG-20190301-WA0000.jpg\" alt=\"\" width=\"550\" height=\"413\" srcset=\"https:\/\/agora.xtec.cat\/colsagradafamilia-larapita\/wp-content\/uploads\/usu1161\/2019\/03\/IMG-20190301-WA0000.jpg 550w, https:\/\/agora.xtec.cat\/colsagradafamilia-larapita\/wp-content\/uploads\/usu1161\/2019\/03\/IMG-20190301-WA0000-300x225.jpg 300w, https:\/\/agora.xtec.cat\/colsagradafamilia-larapita\/wp-content\/uploads\/usu1161\/2019\/03\/IMG-20190301-WA0000-200x150.jpg 200w\" sizes=\"auto, (max-width: 550px) 100vw, 550px\" \/><\/a><\/p>\n<p style=\"text-align: center;\"><a href=\"https:\/\/agora.xtec.cat\/colsagradafamilia-larapita\/wp-content\/uploads\/usu1161\/2019\/03\/IMG-20190301-WA0058.jpg\"><img loading=\"lazy\" decoding=\"async\" class=\"aligncenter size-full wp-image-2980\" src=\"https:\/\/agora.xtec.cat\/colsagradafamilia-larapita\/wp-content\/uploads\/usu1161\/2019\/03\/IMG-20190301-WA0058.jpg\" alt=\"\" width=\"550\" height=\"309\" srcset=\"https:\/\/agora.xtec.cat\/colsagradafamilia-larapita\/wp-content\/uploads\/usu1161\/2019\/03\/IMG-20190301-WA0058.jpg 550w, https:\/\/agora.xtec.cat\/colsagradafamilia-larapita\/wp-content\/uploads\/usu1161\/2019\/03\/IMG-20190301-WA0058-300x169.jpg 300w\" sizes=\"auto, (max-width: 550px) 100vw, 550px\" \/><\/a><\/p>\n<p>&nbsp;<\/p>\n","protected":false},"excerpt":{"rendered":"<p>Per celebrar un any m\u00e9s la festa del carnaval tot l\u2019alumnat de prim\u00e0ria i\u00a0 secund\u00e0ria havia seguit durant dimarts , dimecres ,dijous i divendres\u00a0 les consignes del rei Carnestoltes. Dimarts venir amb gorra, dimecres portar lla\u00e7os, corbata o collars, dijous portar la cara pintada i&hellip;  <a href=\"https:\/\/agora.xtec.cat\/colsagradafamilia-larapita\/general\/celebrem-el-carnaval-2\/\" title=\"Read Celebrem el carnaval\">Llegeix m\u00e9s\u00bb<\/a><\/p>\n","protected":false},"author":1,"featured_media":2975,"comment_status":"open","ping_status":"closed","sticky":false,"template":"","format":"standard","meta":{"_bbp_topic_count":0,"_bbp_reply_count":0,"_bbp_total_topic_count":0,"_bbp_total_reply_count":0,"_bbp_voice_count":0,"_bbp_anonymous_reply_count":0,"_bbp_topic_count_hidden":0,"_bbp_reply_count_hidden":0,"_bbp_forum_subforum_count":0,"footnotes":""},"categories":[1],"tags":[],"class_list":["post-2974","post","type-post","status-publish","format-standard","has-post-thumbnail","hentry","category-general"],"post_mailing_queue_ids":[],"_links":{"self":[{"href":"https:\/\/agora.xtec.cat\/colsagradafamilia-larapita\/wp-json\/wp\/v2\/posts\/2974","targetHints":{"allow":["GET"]}}],"collection":[{"href":"https:\/\/agora.xtec.cat\/colsagradafamilia-larapita\/wp-json\/wp\/v2\/posts"}],"about":[{"href":"https:\/\/agora.xtec.cat\/colsagradafamilia-larapita\/wp-json\/wp\/v2\/types\/post"}],"author":[{"embeddable":true,"href":"https:\/\/agora.xtec.cat\/colsagradafamilia-larapita\/wp-json\/wp\/v2\/users\/1"}],"replies":[{"embeddable":true,"href":"https:\/\/agora.xtec.cat\/colsagradafamilia-larapita\/wp-json\/wp\/v2\/comments?post=2974"}],"version-history":[{"count":1,"href":"https:\/\/agora.xtec.cat\/colsagradafamilia-larapita\/wp-json\/wp\/v2\/posts\/2974\/revisions"}],"predecessor-version":[{"id":2982,"href":"https:\/\/agora.xtec.cat\/colsagradafamilia-larapita\/wp-json\/wp\/v2\/posts\/2974\/revisions\/2982"}],"wp:featuredmedia":[{"embeddable":true,"href":"https:\/\/agora.xtec.cat\/colsagradafamilia-larapita\/wp-json\/wp\/v2\/media\/2975"}],"wp:attachment":[{"href":"https:\/\/agora.xtec.cat\/colsagradafamilia-larapita\/wp-json\/wp\/v2\/media?parent=2974"}],"wp:term":[{"taxonomy":"category","embeddable":true,"href":"https:\/\/agora.xtec.cat\/colsagradafamilia-larapita\/wp-json\/wp\/v2\/categories?post=2974"},{"taxonomy":"post_tag","embeddable":true,"href":"https:\/\/agora.xtec.cat\/colsagradafamilia-larapita\/wp-json\/wp\/v2\/tags?post=2974"}],"curies":[{"name":"wp","href":"https:\/\/api.w.org\/{rel}","templated":true}]}}