{"id":2927,"date":"2019-02-05T01:10:38","date_gmt":"2019-02-05T00:10:38","guid":{"rendered":"http:\/\/agora.xtec.cat\/colsagradafamilia-larapita\/?p=2927"},"modified":"2019-02-05T20:41:47","modified_gmt":"2019-02-05T19:41:47","slug":"xerrada-adec-lessencial-es-invisble-als-ulls","status":"publish","type":"post","link":"https:\/\/agora.xtec.cat\/colsagradafamilia-larapita\/general\/xerrada-adec-lessencial-es-invisble-als-ulls\/","title":{"rendered":"Xerrada ADEC: &#8220;L&#8217;essencial \u00e9s invisble als ulls&#8221;"},"content":{"rendered":"<p><a href=\"https:\/\/agora.xtec.cat\/colsagradafamilia-larapita\/wp-content\/uploads\/usu1161\/2018\/01\/PEGASO_Vanessa.jpg\"><img loading=\"lazy\" decoding=\"async\" class=\"aligncenter wp-image-2301\" src=\"https:\/\/agora.xtec.cat\/colsagradafamilia-larapita\/wp-content\/uploads\/usu1161\/2018\/01\/PEGASO_Vanessa.jpg\" alt=\"\" width=\"533\" height=\"389\" \/><\/a><\/p>\n<p>Aquest proper dijous, 7 de febrer a les 18:00 h de la tarda al Sal\u00f3 d&#8217;Actes del Centre, podrem gaudir de la xerrada &#8220;L&#8217;essencial \u00e9s invisible als ulls&#8221; impartida per la sra. Vanessa Balagu\u00e9, responsable del laboratori de Biologia Molecular de l&#8217;Institut de Ci\u00e8ncies del Mar de Barcelona.<\/p>\n","protected":false},"excerpt":{"rendered":"<p><a href=\"https:\/\/agora.xtec.cat\/colsagradafamilia-larapita\/wp-content\/uploads\/usu1161\/2018\/01\/PEGASO_Vanessa.jpg\"><\/a><br \/>\nAquest proper dijous, 7 de febrer a les 18:00 h de la tarda al Sal\u00f3 d&#8217;Actes del Centre, podrem gaudir de la xerrada &#8220;L&#8217;essencial \u00e9s invisible als ulls&#8221; impartida per la sra. Vanessa Balagu\u00e9, responsable del laboratori de Biologia Molecular de l&#8217;Institut de Ci\u00e8ncies&hellip;  <a href=\"https:\/\/agora.xtec.cat\/colsagradafamilia-larapita\/general\/xerrada-adec-lessencial-es-invisble-als-ulls\/\" title=\"Read Xerrada ADEC: &#8220;L&#8217;essencial \u00e9s invisble als ulls&#8221;\">Llegeix m\u00e9s\u00bb<\/a><\/p>\n","protected":false},"author":1,"featured_media":2301,"comment_status":"open","ping_status":"closed","sticky":false,"template":"","format":"standard","meta":{"_bbp_topic_count":0,"_bbp_reply_count":0,"_bbp_total_topic_count":0,"_bbp_total_reply_count":0,"_bbp_voice_count":0,"_bbp_anonymous_reply_count":0,"_bbp_topic_count_hidden":0,"_bbp_reply_count_hidden":0,"_bbp_forum_subforum_count":0,"footnotes":""},"categories":[1,29],"tags":[],"class_list":["post-2927","post","type-post","status-publish","format-standard","has-post-thumbnail","hentry","category-general","category-portada"],"post_mailing_queue_ids":[],"_links":{"self":[{"href":"https:\/\/agora.xtec.cat\/colsagradafamilia-larapita\/wp-json\/wp\/v2\/posts\/2927","targetHints":{"allow":["GET"]}}],"collection":[{"href":"https:\/\/agora.xtec.cat\/colsagradafamilia-larapita\/wp-json\/wp\/v2\/posts"}],"about":[{"href":"https:\/\/agora.xtec.cat\/colsagradafamilia-larapita\/wp-json\/wp\/v2\/types\/post"}],"author":[{"embeddable":true,"href":"https:\/\/agora.xtec.cat\/colsagradafamilia-larapita\/wp-json\/wp\/v2\/users\/1"}],"replies":[{"embeddable":true,"href":"https:\/\/agora.xtec.cat\/colsagradafamilia-larapita\/wp-json\/wp\/v2\/comments?post=2927"}],"version-history":[{"count":3,"href":"https:\/\/agora.xtec.cat\/colsagradafamilia-larapita\/wp-json\/wp\/v2\/posts\/2927\/revisions"}],"predecessor-version":[{"id":2934,"href":"https:\/\/agora.xtec.cat\/colsagradafamilia-larapita\/wp-json\/wp\/v2\/posts\/2927\/revisions\/2934"}],"wp:featuredmedia":[{"embeddable":true,"href":"https:\/\/agora.xtec.cat\/colsagradafamilia-larapita\/wp-json\/wp\/v2\/media\/2301"}],"wp:attachment":[{"href":"https:\/\/agora.xtec.cat\/colsagradafamilia-larapita\/wp-json\/wp\/v2\/media?parent=2927"}],"wp:term":[{"taxonomy":"category","embeddable":true,"href":"https:\/\/agora.xtec.cat\/colsagradafamilia-larapita\/wp-json\/wp\/v2\/categories?post=2927"},{"taxonomy":"post_tag","embeddable":true,"href":"https:\/\/agora.xtec.cat\/colsagradafamilia-larapita\/wp-json\/wp\/v2\/tags?post=2927"}],"curies":[{"name":"wp","href":"https:\/\/api.w.org\/{rel}","templated":true}]}}