{"id":2908,"date":"2019-02-01T00:22:24","date_gmt":"2019-01-31T23:22:24","guid":{"rendered":"http:\/\/agora.xtec.cat\/colsagradafamilia-larapita\/?p=2908"},"modified":"2019-02-01T01:19:01","modified_gmt":"2019-02-01T00:19:01","slug":"projecte-interdisciplinari-1r-eso-el-volca","status":"publish","type":"post","link":"https:\/\/agora.xtec.cat\/colsagradafamilia-larapita\/general\/projecte-interdisciplinari-1r-eso-el-volca\/","title":{"rendered":"Projecte interdisciplinari 1r ESO: El volc\u00e0"},"content":{"rendered":"<div style=\"text-align: center;\">\n<iframe loading=\"lazy\" src=\"https:\/\/drive.google.com\/file\/d\/10lPPKW4RsaBkB6hadFH4HLNOO6oEYimf\/preview\" width=\"640\" height=\"480\"><span data-mce-type=\"bookmark\" style=\"display: inline-block; width: 0px; overflow: hidden; line-height: 0;\" class=\"mce_SELRES_start\">\ufeff<\/span><\/iframe><\/p>\n<p style=\"text-align: justify;\">L&#8217;alumnat de 1r d&#8217;ESO ha participat en un projecte interdisciplinari promogut entre les assignatures de Biologia i Geologia i Educaci\u00f3 Visual i Pl\u00e0stica.<\/p>\n<p style=\"text-align: justify;\">Durant les classes de Biologia i Geologia han apr\u00e9s i estudiat un dels fen\u00f3mens interns de la Terra, els volcans. A m\u00e9s a m\u00e9s, han descrit i nombrat totes les seves parts i han classificat els diferents tipus d&#8217;erupcions que es produeixen, en funci\u00f3 de les caracter\u00edstiques que es donen duran aquest fen\u00f3men. Paral\u00b7lelament en l&#8217;assignatura d&#8217;Educaci\u00f3 Visual i Pl\u00e0stica n&#8217;han creat un, tot usant una combinaci\u00f3 de diversos materials, expressions pl\u00e0stiques i creativitat personal.<\/p>\n<p style=\"text-align: justify;\">Per culminar tot aquest treball, l&#8217;alumnat ha usat una senzilla combinaci\u00f3 \u00e0cid-base per tal de reproduir una erupci\u00f3 volc\u00e0nica. Aquesta reacci\u00f3 la veuran en detall i aprendran m\u00e9s endavant a l&#8217;assignatura de F\u00edsica i Qu\u00edmica, .<\/p>\n<p style=\"text-align: justify;\">Durant l&#8217;erupci\u00f3 hem observat com el magma de la cambra magm\u00e0tica s&#8217;ha enfilat per la xemeneia i ha sortit pel cr\u00e0ter, aix\u00ed com tamb\u00e9 a trav\u00e9s d&#8217;un fil\u00f3 lateral i ha descendit muntanya avall.<\/p>\n<p style=\"text-align: center;\">\n<\/div>\n","protected":false},"excerpt":{"rendered":"<p>\ufeff<br \/>\nL&#8217;alumnat de 1r d&#8217;ESO ha participat en un projecte interdisciplinari promogut entre les assignatures de Biologia i Geologia i Educaci\u00f3 Visual i Pl\u00e0stica.<br \/>\nDurant les classes de Biologia i Geologia han apr\u00e9s i estudiat un dels fen\u00f3mens interns de la Terra, els volcans. A m\u00e9s a&hellip;  <a href=\"https:\/\/agora.xtec.cat\/colsagradafamilia-larapita\/general\/projecte-interdisciplinari-1r-eso-el-volca\/\" title=\"Read Projecte interdisciplinari 1r ESO: El volc\u00e0\">Llegeix m\u00e9s\u00bb<\/a><\/p>\n","protected":false},"author":1,"featured_media":0,"comment_status":"open","ping_status":"closed","sticky":false,"template":"","format":"standard","meta":{"_bbp_topic_count":0,"_bbp_reply_count":0,"_bbp_total_topic_count":0,"_bbp_total_reply_count":0,"_bbp_voice_count":0,"_bbp_anonymous_reply_count":0,"_bbp_topic_count_hidden":0,"_bbp_reply_count_hidden":0,"_bbp_forum_subforum_count":0,"footnotes":""},"categories":[104,1,29],"tags":[],"class_list":["post-2908","post","type-post","status-publish","format-standard","hentry","category-1eso","category-general","category-portada"],"post_mailing_queue_ids":[],"_links":{"self":[{"href":"https:\/\/agora.xtec.cat\/colsagradafamilia-larapita\/wp-json\/wp\/v2\/posts\/2908","targetHints":{"allow":["GET"]}}],"collection":[{"href":"https:\/\/agora.xtec.cat\/colsagradafamilia-larapita\/wp-json\/wp\/v2\/posts"}],"about":[{"href":"https:\/\/agora.xtec.cat\/colsagradafamilia-larapita\/wp-json\/wp\/v2\/types\/post"}],"author":[{"embeddable":true,"href":"https:\/\/agora.xtec.cat\/colsagradafamilia-larapita\/wp-json\/wp\/v2\/users\/1"}],"replies":[{"embeddable":true,"href":"https:\/\/agora.xtec.cat\/colsagradafamilia-larapita\/wp-json\/wp\/v2\/comments?post=2908"}],"version-history":[{"count":4,"href":"https:\/\/agora.xtec.cat\/colsagradafamilia-larapita\/wp-json\/wp\/v2\/posts\/2908\/revisions"}],"predecessor-version":[{"id":2917,"href":"https:\/\/agora.xtec.cat\/colsagradafamilia-larapita\/wp-json\/wp\/v2\/posts\/2908\/revisions\/2917"}],"wp:attachment":[{"href":"https:\/\/agora.xtec.cat\/colsagradafamilia-larapita\/wp-json\/wp\/v2\/media?parent=2908"}],"wp:term":[{"taxonomy":"category","embeddable":true,"href":"https:\/\/agora.xtec.cat\/colsagradafamilia-larapita\/wp-json\/wp\/v2\/categories?post=2908"},{"taxonomy":"post_tag","embeddable":true,"href":"https:\/\/agora.xtec.cat\/colsagradafamilia-larapita\/wp-json\/wp\/v2\/tags?post=2908"}],"curies":[{"name":"wp","href":"https:\/\/api.w.org\/{rel}","templated":true}]}}