{"id":2853,"date":"2018-12-11T16:22:28","date_gmt":"2018-12-11T15:22:28","guid":{"rendered":"http:\/\/agora.xtec.cat\/colsagradafamilia-larapita\/?p=2853"},"modified":"2018-12-11T16:23:00","modified_gmt":"2018-12-11T15:23:00","slug":"celebrem-santa-cecilia-2","status":"publish","type":"post","link":"https:\/\/agora.xtec.cat\/colsagradafamilia-larapita\/general\/celebrem-santa-cecilia-2\/","title":{"rendered":"Celebrem Santa Cec\u00edlia"},"content":{"rendered":"<p style=\"text-align: justify;\">El passat dijous 22 de novembre, amb motiu de Santa Cec\u00edlia el nostre Col\u00b7legi va participar de la iniciativa que any rera any l\u2019Ajuntament i la regidoria d\u2019ensenyament del nostre poble ofereix a tots els escolars: Sortir a la Pla\u00e7a del C\u00f3c\u00a0 a cantar l\u2019himne al nostre poble de la R\u00e0pita.<\/p>\n<p style=\"text-align: justify;\">Hist\u00f2ricament la R\u00e0pita tenia un himne escrit per\u00f2 mai se li havia posat m\u00fasica, fins que un dia un mestre de m\u00fasica valenci\u00e0 que va ser professor a la R\u00e0pita: El mestre Amela va composar la m\u00fasica que cada any per Santa Cec\u00edlia\u00a0 tots els escolars de la R\u00e0pita aprenen i ensenyen a la gent que s\u2019apropa. Un mat\u00ed assolellat, una m\u00fasica encisadora i uns alumnes molt atents a la direcci\u00f3 del ritme musical van engalonar la pla\u00e7a del Coc de petits tenors que van ser l\u2019enveja dels vianants que per all\u00ed s\u2019apropaven a escoltar-nos. I com no podia ser menys el nostre artista convidat va ser En Joan Rovira del que amb les seves can\u00e7ons tant particulars encara ens va apropar m\u00e9s a la nostra Terrra i cultura. Un any m\u00e9s ens hem apropat a la m\u00fasica de la patrona Santa Cec\u00edlia i tamb\u00e9 ens hem apropat a la cultura rapitenca.<\/p>\n<p style=\"text-align: center;\"><a href=\"https:\/\/agora.xtec.cat\/colsagradafamilia-larapita\/wp-content\/uploads\/usu1161\/2018\/12\/Santa-Cec\u00edlia.jpg\"><img loading=\"lazy\" decoding=\"async\" class=\"aligncenter size-full wp-image-2854\" src=\"https:\/\/agora.xtec.cat\/colsagradafamilia-larapita\/wp-content\/uploads\/usu1161\/2018\/12\/Santa-Cec\u00edlia.jpg\" alt=\"\" width=\"550\" height=\"404\" srcset=\"https:\/\/agora.xtec.cat\/colsagradafamilia-larapita\/wp-content\/uploads\/usu1161\/2018\/12\/Santa-Cec\u00edlia.jpg 550w, https:\/\/agora.xtec.cat\/colsagradafamilia-larapita\/wp-content\/uploads\/usu1161\/2018\/12\/Santa-Cec\u00edlia-300x220.jpg 300w\" sizes=\"auto, (max-width: 550px) 100vw, 550px\" \/><\/a><\/p>\n<p style=\"text-align: center;\"><a href=\"https:\/\/agora.xtec.cat\/colsagradafamilia-larapita\/wp-content\/uploads\/usu1161\/2018\/12\/IMG-20181122-WA0029.jpg\"><img loading=\"lazy\" decoding=\"async\" class=\"aligncenter size-full wp-image-2858\" src=\"https:\/\/agora.xtec.cat\/colsagradafamilia-larapita\/wp-content\/uploads\/usu1161\/2018\/12\/IMG-20181122-WA0029.jpg\" alt=\"\" width=\"550\" height=\"413\" srcset=\"https:\/\/agora.xtec.cat\/colsagradafamilia-larapita\/wp-content\/uploads\/usu1161\/2018\/12\/IMG-20181122-WA0029.jpg 550w, https:\/\/agora.xtec.cat\/colsagradafamilia-larapita\/wp-content\/uploads\/usu1161\/2018\/12\/IMG-20181122-WA0029-300x225.jpg 300w, https:\/\/agora.xtec.cat\/colsagradafamilia-larapita\/wp-content\/uploads\/usu1161\/2018\/12\/IMG-20181122-WA0029-200x150.jpg 200w\" sizes=\"auto, (max-width: 550px) 100vw, 550px\" \/><\/a><\/p>\n<p style=\"text-align: center;\"><a href=\"https:\/\/agora.xtec.cat\/colsagradafamilia-larapita\/wp-content\/uploads\/usu1161\/2018\/12\/IMG-20181122-WA0028.jpg\"><img loading=\"lazy\" decoding=\"async\" class=\"aligncenter size-full wp-image-2857\" src=\"https:\/\/agora.xtec.cat\/colsagradafamilia-larapita\/wp-content\/uploads\/usu1161\/2018\/12\/IMG-20181122-WA0028.jpg\" alt=\"\" width=\"550\" height=\"413\" srcset=\"https:\/\/agora.xtec.cat\/colsagradafamilia-larapita\/wp-content\/uploads\/usu1161\/2018\/12\/IMG-20181122-WA0028.jpg 550w, https:\/\/agora.xtec.cat\/colsagradafamilia-larapita\/wp-content\/uploads\/usu1161\/2018\/12\/IMG-20181122-WA0028-300x225.jpg 300w, https:\/\/agora.xtec.cat\/colsagradafamilia-larapita\/wp-content\/uploads\/usu1161\/2018\/12\/IMG-20181122-WA0028-200x150.jpg 200w\" sizes=\"auto, (max-width: 550px) 100vw, 550px\" \/><\/a><\/p>\n<p><a href=\"https:\/\/agora.xtec.cat\/colsagradafamilia-larapita\/wp-content\/uploads\/usu1161\/2018\/12\/IMG-20181122-WA0027.jpg\"><img loading=\"lazy\" decoding=\"async\" class=\"aligncenter size-full wp-image-2856\" src=\"https:\/\/agora.xtec.cat\/colsagradafamilia-larapita\/wp-content\/uploads\/usu1161\/2018\/12\/IMG-20181122-WA0027.jpg\" alt=\"\" width=\"550\" height=\"413\" srcset=\"https:\/\/agora.xtec.cat\/colsagradafamilia-larapita\/wp-content\/uploads\/usu1161\/2018\/12\/IMG-20181122-WA0027.jpg 550w, https:\/\/agora.xtec.cat\/colsagradafamilia-larapita\/wp-content\/uploads\/usu1161\/2018\/12\/IMG-20181122-WA0027-300x225.jpg 300w, https:\/\/agora.xtec.cat\/colsagradafamilia-larapita\/wp-content\/uploads\/usu1161\/2018\/12\/IMG-20181122-WA0027-200x150.jpg 200w\" sizes=\"auto, (max-width: 550px) 100vw, 550px\" \/><\/a><\/p>\n<p style=\"text-align: center;\"><a href=\"https:\/\/agora.xtec.cat\/colsagradafamilia-larapita\/wp-content\/uploads\/usu1161\/2018\/12\/IMG-20181122-WA0039.jpg\"><img loading=\"lazy\" decoding=\"async\" class=\"aligncenter size-full wp-image-2855\" src=\"https:\/\/agora.xtec.cat\/colsagradafamilia-larapita\/wp-content\/uploads\/usu1161\/2018\/12\/IMG-20181122-WA0039.jpg\" alt=\"\" width=\"550\" height=\"400\" srcset=\"https:\/\/agora.xtec.cat\/colsagradafamilia-larapita\/wp-content\/uploads\/usu1161\/2018\/12\/IMG-20181122-WA0039.jpg 550w, https:\/\/agora.xtec.cat\/colsagradafamilia-larapita\/wp-content\/uploads\/usu1161\/2018\/12\/IMG-20181122-WA0039-300x218.jpg 300w\" sizes=\"auto, (max-width: 550px) 100vw, 550px\" \/><\/a><\/p>\n<p><a href=\"https:\/\/agora.xtec.cat\/colsagradafamilia-larapita\/wp-content\/uploads\/usu1161\/2018\/12\/IMG-20181123-WA0005.jpg\"><img loading=\"lazy\" decoding=\"async\" class=\"aligncenter size-full wp-image-2859\" src=\"https:\/\/agora.xtec.cat\/colsagradafamilia-larapita\/wp-content\/uploads\/usu1161\/2018\/12\/IMG-20181123-WA0005.jpg\" alt=\"\" width=\"550\" height=\"309\" srcset=\"https:\/\/agora.xtec.cat\/colsagradafamilia-larapita\/wp-content\/uploads\/usu1161\/2018\/12\/IMG-20181123-WA0005.jpg 550w, https:\/\/agora.xtec.cat\/colsagradafamilia-larapita\/wp-content\/uploads\/usu1161\/2018\/12\/IMG-20181123-WA0005-300x169.jpg 300w\" sizes=\"auto, (max-width: 550px) 100vw, 550px\" \/><\/a><\/p>\n","protected":false},"excerpt":{"rendered":"<p>El passat dijous 22 de novembre, amb motiu de Santa Cec\u00edlia el nostre Col\u00b7legi va participar de la iniciativa que any rera any l\u2019Ajuntament i la regidoria d\u2019ensenyament del nostre poble ofereix a tots els escolars: Sortir a la Pla\u00e7a del C\u00f3c\u00a0 a cantar l\u2019himne&hellip;  <a href=\"https:\/\/agora.xtec.cat\/colsagradafamilia-larapita\/general\/celebrem-santa-cecilia-2\/\" title=\"Read Celebrem Santa Cec\u00edlia\">Llegeix m\u00e9s\u00bb<\/a><\/p>\n","protected":false},"author":1,"featured_media":2854,"comment_status":"open","ping_status":"closed","sticky":false,"template":"","format":"standard","meta":{"_bbp_topic_count":0,"_bbp_reply_count":0,"_bbp_total_topic_count":0,"_bbp_total_reply_count":0,"_bbp_voice_count":0,"_bbp_anonymous_reply_count":0,"_bbp_topic_count_hidden":0,"_bbp_reply_count_hidden":0,"_bbp_forum_subforum_count":0,"footnotes":""},"categories":[105,101,102,1],"tags":[],"class_list":["post-2853","post","type-post","status-publish","format-standard","has-post-thumbnail","hentry","category-2eso","category-5ep","category-6ep","category-general"],"post_mailing_queue_ids":[],"_links":{"self":[{"href":"https:\/\/agora.xtec.cat\/colsagradafamilia-larapita\/wp-json\/wp\/v2\/posts\/2853","targetHints":{"allow":["GET"]}}],"collection":[{"href":"https:\/\/agora.xtec.cat\/colsagradafamilia-larapita\/wp-json\/wp\/v2\/posts"}],"about":[{"href":"https:\/\/agora.xtec.cat\/colsagradafamilia-larapita\/wp-json\/wp\/v2\/types\/post"}],"author":[{"embeddable":true,"href":"https:\/\/agora.xtec.cat\/colsagradafamilia-larapita\/wp-json\/wp\/v2\/users\/1"}],"replies":[{"embeddable":true,"href":"https:\/\/agora.xtec.cat\/colsagradafamilia-larapita\/wp-json\/wp\/v2\/comments?post=2853"}],"version-history":[{"count":1,"href":"https:\/\/agora.xtec.cat\/colsagradafamilia-larapita\/wp-json\/wp\/v2\/posts\/2853\/revisions"}],"predecessor-version":[{"id":2860,"href":"https:\/\/agora.xtec.cat\/colsagradafamilia-larapita\/wp-json\/wp\/v2\/posts\/2853\/revisions\/2860"}],"wp:featuredmedia":[{"embeddable":true,"href":"https:\/\/agora.xtec.cat\/colsagradafamilia-larapita\/wp-json\/wp\/v2\/media\/2854"}],"wp:attachment":[{"href":"https:\/\/agora.xtec.cat\/colsagradafamilia-larapita\/wp-json\/wp\/v2\/media?parent=2853"}],"wp:term":[{"taxonomy":"category","embeddable":true,"href":"https:\/\/agora.xtec.cat\/colsagradafamilia-larapita\/wp-json\/wp\/v2\/categories?post=2853"},{"taxonomy":"post_tag","embeddable":true,"href":"https:\/\/agora.xtec.cat\/colsagradafamilia-larapita\/wp-json\/wp\/v2\/tags?post=2853"}],"curies":[{"name":"wp","href":"https:\/\/api.w.org\/{rel}","templated":true}]}}