{"id":2751,"date":"2018-10-09T16:37:46","date_gmt":"2018-10-09T14:37:46","guid":{"rendered":"http:\/\/agora.xtec.cat\/colsagradafamilia-larapita\/?p=2751"},"modified":"2018-10-11T23:10:03","modified_gmt":"2018-10-11T21:10:03","slug":"iv-nit-de-lensenyament","status":"publish","type":"post","link":"https:\/\/agora.xtec.cat\/colsagradafamilia-larapita\/general\/iv-nit-de-lensenyament\/","title":{"rendered":"IV Nit de l&#8217;Ensenyament"},"content":{"rendered":"<p style=\"text-align: justify;\">Aquest divendres 5 d\u2019octubre en la IV Nit de l\u2019Ensenyament, va tenir lloc a l\u2019auditori Sixto Mir el reconeixement a la dedicaci\u00f3, l\u2019esfor\u00e7 i la preseveran\u00e7a en l\u2019ensenyament i l\u2019aprenentatge.<\/p>\n<p style=\"text-align: justify;\">A l\u2019acte s\u2019hi van congregar tots els centres escolars de la nostra poblaci\u00f3, convidats per la regidoria d\u2019ensenyament de l\u2019ajuntament.<\/p>\n<p style=\"text-align: justify;\">Plegats vam gaudir d\u2019un acte ple d\u2019emoci\u00f3 i de joia entorn a aquelles metes individuals i grupals assolides amb el creixent neguit del saber.<\/p>\n<p style=\"text-align: justify;\">Alumnat del nostre col\u00b7legi va ser guardonat amb un obsequi per guanyar diversos concursos el curs passat a nivel comarcal i estatal.<\/p>\n<p style=\"text-align: justify;\">Concurs Copa Cangur 2017: Guillem Camino, Laia Cabr\u00e9, Paula P\u00e9rez, Naia Ventura, Carla Porras, Maria Fabregat i Andrea Rodr\u00edguez.<\/p>\n<p style=\"text-align: justify;\">Concurs Cangur 2017: Guillem Camino i Quim Ram\u00edrez.<\/p>\n<p style=\"text-align: justify;\">Concurs Jocs Florals de Catalunya 2017: Alba de Mira.<\/p>\n<p>Concurs Poesia Recitada 2017: Maria Fabregat.<\/p>\n<p style=\"text-align: justify;\">Tamb\u00e9 ex-alumnes i alumnat nou van rebre distintius: Meritxell Carceller i Pep Valldep\u00e9rez.<\/p>\n<p style=\"text-align: justify;\">A m\u00e9s a m\u00e9s, tamb\u00e9 van rebre homenatge dues de les mestres que han estat dins les nostres aules durant molt d\u2019anys i han compartit ensenyaments i valors, M\u00aa Carmen Cartes i Dolors Revert\u00e9.<\/p>\n<p style=\"text-align: justify;\">A tots ells i elles i les seves fam\u00edlies, la m\u00e9s sincera enhorabona!!<\/p>\n<p style=\"text-align: center;\"><a href=\"https:\/\/agora.xtec.cat\/colsagradafamilia-larapita\/wp-content\/uploads\/usu1161\/2018\/10\/FB_IMG_1539094310483.jpg\"><img loading=\"lazy\" decoding=\"async\" class=\"aligncenter size-full wp-image-2755\" src=\"https:\/\/agora.xtec.cat\/colsagradafamilia-larapita\/wp-content\/uploads\/usu1161\/2018\/10\/FB_IMG_1539094310483.jpg\" alt=\"\" width=\"550\" height=\"413\" srcset=\"https:\/\/agora.xtec.cat\/colsagradafamilia-larapita\/wp-content\/uploads\/usu1161\/2018\/10\/FB_IMG_1539094310483.jpg 550w, https:\/\/agora.xtec.cat\/colsagradafamilia-larapita\/wp-content\/uploads\/usu1161\/2018\/10\/FB_IMG_1539094310483-300x225.jpg 300w, https:\/\/agora.xtec.cat\/colsagradafamilia-larapita\/wp-content\/uploads\/usu1161\/2018\/10\/FB_IMG_1539094310483-200x150.jpg 200w\" sizes=\"auto, (max-width: 550px) 100vw, 550px\" \/><\/a><\/p>\n<p style=\"text-align: center;\"><a href=\"https:\/\/agora.xtec.cat\/colsagradafamilia-larapita\/wp-content\/uploads\/usu1161\/2018\/10\/FB_IMG_1539094318337.jpg\"><img loading=\"lazy\" decoding=\"async\" class=\"aligncenter size-full wp-image-2752\" src=\"https:\/\/agora.xtec.cat\/colsagradafamilia-larapita\/wp-content\/uploads\/usu1161\/2018\/10\/FB_IMG_1539094318337.jpg\" alt=\"\" width=\"550\" height=\"413\" srcset=\"https:\/\/agora.xtec.cat\/colsagradafamilia-larapita\/wp-content\/uploads\/usu1161\/2018\/10\/FB_IMG_1539094318337.jpg 550w, https:\/\/agora.xtec.cat\/colsagradafamilia-larapita\/wp-content\/uploads\/usu1161\/2018\/10\/FB_IMG_1539094318337-300x225.jpg 300w, https:\/\/agora.xtec.cat\/colsagradafamilia-larapita\/wp-content\/uploads\/usu1161\/2018\/10\/FB_IMG_1539094318337-200x150.jpg 200w\" sizes=\"auto, (max-width: 550px) 100vw, 550px\" \/><\/a><a href=\"https:\/\/agora.xtec.cat\/colsagradafamilia-larapita\/wp-content\/uploads\/usu1161\/2018\/10\/FB_IMG_1539094289682.jpg\"><img loading=\"lazy\" decoding=\"async\" class=\"aligncenter size-full wp-image-2753\" src=\"https:\/\/agora.xtec.cat\/colsagradafamilia-larapita\/wp-content\/uploads\/usu1161\/2018\/10\/FB_IMG_1539094289682.jpg\" alt=\"\" width=\"550\" height=\"413\" srcset=\"https:\/\/agora.xtec.cat\/colsagradafamilia-larapita\/wp-content\/uploads\/usu1161\/2018\/10\/FB_IMG_1539094289682.jpg 550w, https:\/\/agora.xtec.cat\/colsagradafamilia-larapita\/wp-content\/uploads\/usu1161\/2018\/10\/FB_IMG_1539094289682-300x225.jpg 300w, https:\/\/agora.xtec.cat\/colsagradafamilia-larapita\/wp-content\/uploads\/usu1161\/2018\/10\/FB_IMG_1539094289682-200x150.jpg 200w\" sizes=\"auto, (max-width: 550px) 100vw, 550px\" \/><\/a><a href=\"https:\/\/agora.xtec.cat\/colsagradafamilia-larapita\/wp-content\/uploads\/usu1161\/2018\/10\/FB_IMG_1539094303827.jpg\"><img loading=\"lazy\" decoding=\"async\" class=\"aligncenter size-full wp-image-2754\" src=\"https:\/\/agora.xtec.cat\/colsagradafamilia-larapita\/wp-content\/uploads\/usu1161\/2018\/10\/FB_IMG_1539094303827.jpg\" alt=\"\" width=\"550\" height=\"413\" srcset=\"https:\/\/agora.xtec.cat\/colsagradafamilia-larapita\/wp-content\/uploads\/usu1161\/2018\/10\/FB_IMG_1539094303827.jpg 550w, https:\/\/agora.xtec.cat\/colsagradafamilia-larapita\/wp-content\/uploads\/usu1161\/2018\/10\/FB_IMG_1539094303827-300x225.jpg 300w, https:\/\/agora.xtec.cat\/colsagradafamilia-larapita\/wp-content\/uploads\/usu1161\/2018\/10\/FB_IMG_1539094303827-200x150.jpg 200w\" sizes=\"auto, (max-width: 550px) 100vw, 550px\" \/><\/a><\/p>\n","protected":false},"excerpt":{"rendered":"<p>Aquest divendres 5 d\u2019octubre en la IV Nit de l\u2019Ensenyament, va tenir lloc a l\u2019auditori Sixto Mir el reconeixement a la dedicaci\u00f3, l\u2019esfor\u00e7 i la preseveran\u00e7a en l\u2019ensenyament i l\u2019aprenentatge.<br \/>\nA l\u2019acte s\u2019hi van congregar tots els centres escolars de la nostra poblaci\u00f3, convidats per la&hellip;  <a href=\"https:\/\/agora.xtec.cat\/colsagradafamilia-larapita\/general\/iv-nit-de-lensenyament\/\" title=\"Read IV Nit de l&#8217;Ensenyament\">Llegeix m\u00e9s\u00bb<\/a><\/p>\n","protected":false},"author":1,"featured_media":2755,"comment_status":"open","ping_status":"closed","sticky":false,"template":"","format":"standard","meta":{"_bbp_topic_count":0,"_bbp_reply_count":0,"_bbp_total_topic_count":0,"_bbp_total_reply_count":0,"_bbp_voice_count":0,"_bbp_anonymous_reply_count":0,"_bbp_topic_count_hidden":0,"_bbp_reply_count_hidden":0,"_bbp_forum_subforum_count":0,"footnotes":""},"categories":[103,1,29],"tags":[],"class_list":["post-2751","post","type-post","status-publish","format-standard","has-post-thumbnail","hentry","category-educaciosecundaria","category-general","category-portada"],"post_mailing_queue_ids":[],"_links":{"self":[{"href":"https:\/\/agora.xtec.cat\/colsagradafamilia-larapita\/wp-json\/wp\/v2\/posts\/2751","targetHints":{"allow":["GET"]}}],"collection":[{"href":"https:\/\/agora.xtec.cat\/colsagradafamilia-larapita\/wp-json\/wp\/v2\/posts"}],"about":[{"href":"https:\/\/agora.xtec.cat\/colsagradafamilia-larapita\/wp-json\/wp\/v2\/types\/post"}],"author":[{"embeddable":true,"href":"https:\/\/agora.xtec.cat\/colsagradafamilia-larapita\/wp-json\/wp\/v2\/users\/1"}],"replies":[{"embeddable":true,"href":"https:\/\/agora.xtec.cat\/colsagradafamilia-larapita\/wp-json\/wp\/v2\/comments?post=2751"}],"version-history":[{"count":2,"href":"https:\/\/agora.xtec.cat\/colsagradafamilia-larapita\/wp-json\/wp\/v2\/posts\/2751\/revisions"}],"predecessor-version":[{"id":2757,"href":"https:\/\/agora.xtec.cat\/colsagradafamilia-larapita\/wp-json\/wp\/v2\/posts\/2751\/revisions\/2757"}],"wp:featuredmedia":[{"embeddable":true,"href":"https:\/\/agora.xtec.cat\/colsagradafamilia-larapita\/wp-json\/wp\/v2\/media\/2755"}],"wp:attachment":[{"href":"https:\/\/agora.xtec.cat\/colsagradafamilia-larapita\/wp-json\/wp\/v2\/media?parent=2751"}],"wp:term":[{"taxonomy":"category","embeddable":true,"href":"https:\/\/agora.xtec.cat\/colsagradafamilia-larapita\/wp-json\/wp\/v2\/categories?post=2751"},{"taxonomy":"post_tag","embeddable":true,"href":"https:\/\/agora.xtec.cat\/colsagradafamilia-larapita\/wp-json\/wp\/v2\/tags?post=2751"}],"curies":[{"name":"wp","href":"https:\/\/api.w.org\/{rel}","templated":true}]}}