{"id":2561,"date":"2018-06-29T10:23:03","date_gmt":"2018-06-29T08:23:03","guid":{"rendered":"http:\/\/agora.xtec.cat\/colsagradafamilia-larapita\/?p=2561"},"modified":"2018-06-29T10:23:28","modified_gmt":"2018-06-29T08:23:28","slug":"graduacio-4t-deso","status":"publish","type":"post","link":"https:\/\/agora.xtec.cat\/colsagradafamilia-larapita\/general\/graduacio-4t-deso\/","title":{"rendered":"Graduaci\u00f3 4t d&#8217;ESO"},"content":{"rendered":"<p style=\"text-align: justify;\">El passat divendres 15 de juny, l\u2019alumnat de 4t d\u2019ESO \u00a0va celebrar la seva graduaci\u00f3 L\u2019acte va comen\u00e7ar a les 19:00 h amb l\u2019entrada dels alumnes a la capella del centre. All\u00ed els esperaven tots els professors i fam\u00edlies que els van rebre amb un fort aplaudiment.<\/p>\n<p style=\"text-align: justify;\">Despr\u00e9s de la salutaci\u00f3 per part de la tutora, la germana titular va adre\u00e7ar unes paraules d\u2019agra\u00efment a l\u2019alumnat i a les fam\u00edlies. A continuaci\u00f3, vam veure un v\u00eddeo que resumia els 13 anys que han estat els alumnes al col\u00b7legi. En acabar el v\u00eddeo, la tutora va dedicar unes paraules d\u2019acomiadament a l\u2019alumnat.<\/p>\n<p style=\"text-align: justify;\">Tot seguit, les alumnes Anna Adell i J\u00falia Sanchez van llegir, en nom de tots, un escrit que explicava els records de la seva vida escolar i que tamb\u00e9 contenia un agra\u00efment als professors i al centre.<\/p>\n<p style=\"text-align: justify;\">Despr\u00e9s, va tenir lloc l\u2019entrega d\u2019orles i, per acabar, el director va donar uns consells a l\u2019alumnat i va cloure l\u2019acte.<\/p>\n<p style=\"text-align: justify;\">En acabar l\u2019acte de la capella, al pati del col\u00b7legi, hi havia un pica-pica preparat per l\u2019AMPA i la sorpresa d\u2019uns focs artificials.<\/p>\n<p style=\"text-align: justify;\">Va ser una cerim\u00f2nia molt senzilla i\u00a0 familiar on alumnes, professorat, pares i mares van poder\u00a0 gaudir d\u2019una tarda plena d\u2019emocions i records que quedaran presents en la mem\u00f2ria de tots i totes.<\/p>\n<p style=\"text-align: center;\"><a href=\"http:\/\/agora.xtec.cat\/colsagradafamilia-larapita\/wp-content\/uploads\/usu1161\/2018\/06\/IMG-20180617-WA0003.jpg\"><img loading=\"lazy\" decoding=\"async\" class=\"aligncenter size-full wp-image-2562\" src=\"http:\/\/agora.xtec.cat\/colsagradafamilia-larapita\/wp-content\/uploads\/usu1161\/2018\/06\/IMG-20180617-WA0003.jpg\" alt=\"\" width=\"550\" height=\"366\" srcset=\"https:\/\/agora.xtec.cat\/colsagradafamilia-larapita\/wp-content\/uploads\/usu1161\/2018\/06\/IMG-20180617-WA0003.jpg 550w, https:\/\/agora.xtec.cat\/colsagradafamilia-larapita\/wp-content\/uploads\/usu1161\/2018\/06\/IMG-20180617-WA0003-300x200.jpg 300w\" sizes=\"auto, (max-width: 550px) 100vw, 550px\" \/><\/a><\/p>\n<p style=\"text-align: center;\"><a href=\"http:\/\/agora.xtec.cat\/colsagradafamilia-larapita\/wp-content\/uploads\/usu1161\/2018\/06\/1529821313453.jpg\"><img loading=\"lazy\" decoding=\"async\" class=\"aligncenter size-full wp-image-2563\" src=\"http:\/\/agora.xtec.cat\/colsagradafamilia-larapita\/wp-content\/uploads\/usu1161\/2018\/06\/1529821313453.jpg\" alt=\"\" width=\"550\" height=\"550\" srcset=\"https:\/\/agora.xtec.cat\/colsagradafamilia-larapita\/wp-content\/uploads\/usu1161\/2018\/06\/1529821313453.jpg 550w, https:\/\/agora.xtec.cat\/colsagradafamilia-larapita\/wp-content\/uploads\/usu1161\/2018\/06\/1529821313453-150x150.jpg 150w, https:\/\/agora.xtec.cat\/colsagradafamilia-larapita\/wp-content\/uploads\/usu1161\/2018\/06\/1529821313453-300x300.jpg 300w\" sizes=\"auto, (max-width: 550px) 100vw, 550px\" \/><\/a><\/p>\n<p style=\"text-align: center;\"><a href=\"http:\/\/agora.xtec.cat\/colsagradafamilia-larapita\/wp-content\/uploads\/usu1161\/2018\/06\/IMG-20180617-WA0004.jpg\"><img loading=\"lazy\" decoding=\"async\" class=\"aligncenter size-full wp-image-2564\" src=\"http:\/\/agora.xtec.cat\/colsagradafamilia-larapita\/wp-content\/uploads\/usu1161\/2018\/06\/IMG-20180617-WA0004.jpg\" alt=\"\" width=\"550\" height=\"366\" srcset=\"https:\/\/agora.xtec.cat\/colsagradafamilia-larapita\/wp-content\/uploads\/usu1161\/2018\/06\/IMG-20180617-WA0004.jpg 550w, https:\/\/agora.xtec.cat\/colsagradafamilia-larapita\/wp-content\/uploads\/usu1161\/2018\/06\/IMG-20180617-WA0004-300x200.jpg 300w\" sizes=\"auto, (max-width: 550px) 100vw, 550px\" \/><\/a><\/p>\n<p>&nbsp;<\/p>\n","protected":false},"excerpt":{"rendered":"<p>El passat divendres 15 de juny, l\u2019alumnat de 4t d\u2019ESO \u00a0va celebrar la seva graduaci\u00f3 L\u2019acte va comen\u00e7ar a les 19:00 h amb l\u2019entrada dels alumnes a la capella del centre. All\u00ed els esperaven tots els professors i fam\u00edlies que els van rebre amb un&hellip;  <a href=\"https:\/\/agora.xtec.cat\/colsagradafamilia-larapita\/general\/graduacio-4t-deso\/\" title=\"Read Graduaci\u00f3 4t d&#8217;ESO\">Llegeix m\u00e9s\u00bb<\/a><\/p>\n","protected":false},"author":1,"featured_media":2562,"comment_status":"open","ping_status":"closed","sticky":false,"template":"","format":"standard","meta":{"_bbp_topic_count":0,"_bbp_reply_count":0,"_bbp_total_topic_count":0,"_bbp_total_reply_count":0,"_bbp_voice_count":0,"_bbp_anonymous_reply_count":0,"_bbp_topic_count_hidden":0,"_bbp_reply_count_hidden":0,"_bbp_forum_subforum_count":0,"footnotes":""},"categories":[107,1,29],"tags":[],"class_list":["post-2561","post","type-post","status-publish","format-standard","has-post-thumbnail","hentry","category-4eso","category-general","category-portada"],"post_mailing_queue_ids":[],"_links":{"self":[{"href":"https:\/\/agora.xtec.cat\/colsagradafamilia-larapita\/wp-json\/wp\/v2\/posts\/2561","targetHints":{"allow":["GET"]}}],"collection":[{"href":"https:\/\/agora.xtec.cat\/colsagradafamilia-larapita\/wp-json\/wp\/v2\/posts"}],"about":[{"href":"https:\/\/agora.xtec.cat\/colsagradafamilia-larapita\/wp-json\/wp\/v2\/types\/post"}],"author":[{"embeddable":true,"href":"https:\/\/agora.xtec.cat\/colsagradafamilia-larapita\/wp-json\/wp\/v2\/users\/1"}],"replies":[{"embeddable":true,"href":"https:\/\/agora.xtec.cat\/colsagradafamilia-larapita\/wp-json\/wp\/v2\/comments?post=2561"}],"version-history":[{"count":1,"href":"https:\/\/agora.xtec.cat\/colsagradafamilia-larapita\/wp-json\/wp\/v2\/posts\/2561\/revisions"}],"predecessor-version":[{"id":2565,"href":"https:\/\/agora.xtec.cat\/colsagradafamilia-larapita\/wp-json\/wp\/v2\/posts\/2561\/revisions\/2565"}],"wp:featuredmedia":[{"embeddable":true,"href":"https:\/\/agora.xtec.cat\/colsagradafamilia-larapita\/wp-json\/wp\/v2\/media\/2562"}],"wp:attachment":[{"href":"https:\/\/agora.xtec.cat\/colsagradafamilia-larapita\/wp-json\/wp\/v2\/media?parent=2561"}],"wp:term":[{"taxonomy":"category","embeddable":true,"href":"https:\/\/agora.xtec.cat\/colsagradafamilia-larapita\/wp-json\/wp\/v2\/categories?post=2561"},{"taxonomy":"post_tag","embeddable":true,"href":"https:\/\/agora.xtec.cat\/colsagradafamilia-larapita\/wp-json\/wp\/v2\/tags?post=2561"}],"curies":[{"name":"wp","href":"https:\/\/api.w.org\/{rel}","templated":true}]}}