{"id":2526,"date":"2018-06-24T10:46:15","date_gmt":"2018-06-24T08:46:15","guid":{"rendered":"http:\/\/agora.xtec.cat\/colsagradafamilia-larapita\/?p=2526"},"modified":"2018-06-24T10:56:51","modified_gmt":"2018-06-24T08:56:51","slug":"entrega-de-diplomes-cangur-2018","status":"publish","type":"post","link":"https:\/\/agora.xtec.cat\/colsagradafamilia-larapita\/general\/entrega-de-diplomes-cangur-2018\/","title":{"rendered":"Entrega de diplomes Cangur 2018"},"content":{"rendered":"<p style=\"text-align: justify;\">El passat dilluns 18 de juny, el nostre col\u00b7legi va rendir un petit homenatge a tot l\u2019alumnat que aquest any ha participat en les proves cangur, i en especial als dos alumnes amb mencions honor\u00edfiques.<\/p>\n<p style=\"text-align: justify;\">El director, Xavi Aud\u00ed va encap\u00e7alar l\u2019acte amb unes paraules de suport i admiraci\u00f3 a la dedicaci\u00f3, a l\u2019entusiasme i al desenvolupament de destreses i habilitats cognitives en les matem\u00e0tiques. Tal i com es habitual, intentem facilitar a l\u2019alumnat l\u2019acc\u00e9s a diversos concursos, on aplicar aquells coneixements apressos dins l\u2019aula per tal de plasmar la utilitat del saber i el saber fer.<\/p>\n<p style=\"text-align: justify;\">A l\u2019acte van assistir tot l\u2019alumnat participant entre els cursos de 5\u00e8 d\u2019EP a 4t d\u2019ESO i se\u2019ls va fer entrega d\u2019un diploma de participaci\u00f3, el qual arriba al centre des de la Societat Catalana de Matem\u00e0tiques (SCM), entitat organitzadora del Cangur.<\/p>\n<p style=\"text-align: center;\">A m\u00e9s a m\u00e9s d\u2019agrair gratament a tots els estudiants la seva implicaci\u00f3, cal destacar que d\u2019entre el 6% m\u00e9s bo de tots els concursants (112893 alumnes), el nostre centre compta amb Quim Ramirez de 6\u00e8 d\u2019EP; J\u00falia Socor\u00f3 i Judit Ram\u00edrez de 2n d\u2019ESO i Guillem Camino de 3r d\u2019ESO. Situant-se entre el 1% m\u00e9s bo en Guillem i en Quim, concretament entre el 0\u201947% (posici\u00f3 49 de 3r d\u2019ESO) i 0\u201931% (posici\u00f3 46 de 6\u00e8 d\u2019EP).<\/p>\n<p style=\"text-align: justify;\">Aquests dos estudiants tanmateix, han rebut una menci\u00f3 honor\u00edfica del concurs, juntament amb una publicaci\u00f3 de les proves cangur d\u2019aquest any i de l\u2019any passat.<\/p>\n<p style=\"text-align: justify;\">Enhorabona a tots i totes i endavant!<\/p>\n<p style=\"text-align: center;\"><a href=\"http:\/\/agora.xtec.cat\/colsagradafamilia-larapita\/wp-content\/uploads\/usu1161\/2018\/06\/1529820422723-1.jpg\"><img loading=\"lazy\" decoding=\"async\" class=\"aligncenter size-full wp-image-2528\" src=\"http:\/\/agora.xtec.cat\/colsagradafamilia-larapita\/wp-content\/uploads\/usu1161\/2018\/06\/1529820422723-1.jpg\" alt=\"\" width=\"550\" height=\"550\" srcset=\"https:\/\/agora.xtec.cat\/colsagradafamilia-larapita\/wp-content\/uploads\/usu1161\/2018\/06\/1529820422723-1.jpg 550w, https:\/\/agora.xtec.cat\/colsagradafamilia-larapita\/wp-content\/uploads\/usu1161\/2018\/06\/1529820422723-1-150x150.jpg 150w, https:\/\/agora.xtec.cat\/colsagradafamilia-larapita\/wp-content\/uploads\/usu1161\/2018\/06\/1529820422723-1-300x300.jpg 300w\" sizes=\"auto, (max-width: 550px) 100vw, 550px\" \/><\/a><a href=\"http:\/\/agora.xtec.cat\/colsagradafamilia-larapita\/wp-content\/uploads\/usu1161\/2018\/06\/1529820646533.jpg\"><img loading=\"lazy\" decoding=\"async\" class=\"aligncenter size-full wp-image-2529\" src=\"http:\/\/agora.xtec.cat\/colsagradafamilia-larapita\/wp-content\/uploads\/usu1161\/2018\/06\/1529820485310.jpg\" alt=\"\" width=\"550\" height=\"550\" srcset=\"https:\/\/agora.xtec.cat\/colsagradafamilia-larapita\/wp-content\/uploads\/usu1161\/2018\/06\/1529820485310.jpg 550w, https:\/\/agora.xtec.cat\/colsagradafamilia-larapita\/wp-content\/uploads\/usu1161\/2018\/06\/1529820485310-150x150.jpg 150w, https:\/\/agora.xtec.cat\/colsagradafamilia-larapita\/wp-content\/uploads\/usu1161\/2018\/06\/1529820485310-300x300.jpg 300w\" sizes=\"auto, (max-width: 550px) 100vw, 550px\" \/><img loading=\"lazy\" decoding=\"async\" class=\"aligncenter size-full wp-image-2530\" src=\"http:\/\/agora.xtec.cat\/colsagradafamilia-larapita\/wp-content\/uploads\/usu1161\/2018\/06\/1529820577826.jpg\" alt=\"\" width=\"550\" height=\"550\" srcset=\"https:\/\/agora.xtec.cat\/colsagradafamilia-larapita\/wp-content\/uploads\/usu1161\/2018\/06\/1529820577826.jpg 550w, https:\/\/agora.xtec.cat\/colsagradafamilia-larapita\/wp-content\/uploads\/usu1161\/2018\/06\/1529820577826-150x150.jpg 150w, https:\/\/agora.xtec.cat\/colsagradafamilia-larapita\/wp-content\/uploads\/usu1161\/2018\/06\/1529820577826-300x300.jpg 300w\" sizes=\"auto, (max-width: 550px) 100vw, 550px\" \/><img loading=\"lazy\" decoding=\"async\" class=\"aligncenter size-full wp-image-2531\" src=\"http:\/\/agora.xtec.cat\/colsagradafamilia-larapita\/wp-content\/uploads\/usu1161\/2018\/06\/1529820646533.jpg\" alt=\"\" width=\"550\" height=\"550\" srcset=\"https:\/\/agora.xtec.cat\/colsagradafamilia-larapita\/wp-content\/uploads\/usu1161\/2018\/06\/1529820646533.jpg 550w, https:\/\/agora.xtec.cat\/colsagradafamilia-larapita\/wp-content\/uploads\/usu1161\/2018\/06\/1529820646533-150x150.jpg 150w, https:\/\/agora.xtec.cat\/colsagradafamilia-larapita\/wp-content\/uploads\/usu1161\/2018\/06\/1529820646533-300x300.jpg 300w\" sizes=\"auto, (max-width: 550px) 100vw, 550px\" \/><\/a><a href=\"http:\/\/agora.xtec.cat\/colsagradafamilia-larapita\/wp-content\/uploads\/usu1161\/2018\/06\/1529820715218.jpg\"><img loading=\"lazy\" decoding=\"async\" class=\"aligncenter size-full wp-image-2532\" src=\"http:\/\/agora.xtec.cat\/colsagradafamilia-larapita\/wp-content\/uploads\/usu1161\/2018\/06\/1529820715218.jpg\" alt=\"\" width=\"550\" height=\"550\" srcset=\"https:\/\/agora.xtec.cat\/colsagradafamilia-larapita\/wp-content\/uploads\/usu1161\/2018\/06\/1529820715218.jpg 550w, https:\/\/agora.xtec.cat\/colsagradafamilia-larapita\/wp-content\/uploads\/usu1161\/2018\/06\/1529820715218-150x150.jpg 150w, https:\/\/agora.xtec.cat\/colsagradafamilia-larapita\/wp-content\/uploads\/usu1161\/2018\/06\/1529820715218-300x300.jpg 300w\" sizes=\"auto, (max-width: 550px) 100vw, 550px\" \/><\/a><a href=\"http:\/\/agora.xtec.cat\/colsagradafamilia-larapita\/wp-content\/uploads\/usu1161\/2018\/06\/1529820785146.jpg\"><img loading=\"lazy\" decoding=\"async\" class=\"aligncenter size-full wp-image-2533\" src=\"http:\/\/agora.xtec.cat\/colsagradafamilia-larapita\/wp-content\/uploads\/usu1161\/2018\/06\/1529820785146.jpg\" alt=\"\" width=\"550\" height=\"550\" srcset=\"https:\/\/agora.xtec.cat\/colsagradafamilia-larapita\/wp-content\/uploads\/usu1161\/2018\/06\/1529820785146.jpg 550w, https:\/\/agora.xtec.cat\/colsagradafamilia-larapita\/wp-content\/uploads\/usu1161\/2018\/06\/1529820785146-150x150.jpg 150w, https:\/\/agora.xtec.cat\/colsagradafamilia-larapita\/wp-content\/uploads\/usu1161\/2018\/06\/1529820785146-300x300.jpg 300w\" sizes=\"auto, (max-width: 550px) 100vw, 550px\" \/><\/a><\/p>\n<p style=\"text-align: center;\">\n","protected":false},"excerpt":{"rendered":"<p>El passat dilluns 18 de juny, el nostre col\u00b7legi va rendir un petit homenatge a tot l\u2019alumnat que aquest any ha participat en les proves cangur, i en especial als dos alumnes amb mencions honor\u00edfiques.<br \/>\nEl director, Xavi Aud\u00ed va encap\u00e7alar l\u2019acte amb unes paraules de&hellip;  <a href=\"https:\/\/agora.xtec.cat\/colsagradafamilia-larapita\/general\/entrega-de-diplomes-cangur-2018\/\" title=\"Read Entrega de diplomes Cangur 2018\">Llegeix m\u00e9s\u00bb<\/a><\/p>\n","protected":false},"author":1,"featured_media":2533,"comment_status":"open","ping_status":"closed","sticky":false,"template":"","format":"standard","meta":{"_bbp_topic_count":0,"_bbp_reply_count":0,"_bbp_total_topic_count":0,"_bbp_total_reply_count":0,"_bbp_voice_count":0,"_bbp_anonymous_reply_count":0,"_bbp_topic_count_hidden":0,"_bbp_reply_count_hidden":0,"_bbp_forum_subforum_count":0,"footnotes":""},"categories":[101,102,103,1,29],"tags":[],"class_list":["post-2526","post","type-post","status-publish","format-standard","has-post-thumbnail","hentry","category-5ep","category-6ep","category-educaciosecundaria","category-general","category-portada"],"post_mailing_queue_ids":[],"_links":{"self":[{"href":"https:\/\/agora.xtec.cat\/colsagradafamilia-larapita\/wp-json\/wp\/v2\/posts\/2526","targetHints":{"allow":["GET"]}}],"collection":[{"href":"https:\/\/agora.xtec.cat\/colsagradafamilia-larapita\/wp-json\/wp\/v2\/posts"}],"about":[{"href":"https:\/\/agora.xtec.cat\/colsagradafamilia-larapita\/wp-json\/wp\/v2\/types\/post"}],"author":[{"embeddable":true,"href":"https:\/\/agora.xtec.cat\/colsagradafamilia-larapita\/wp-json\/wp\/v2\/users\/1"}],"replies":[{"embeddable":true,"href":"https:\/\/agora.xtec.cat\/colsagradafamilia-larapita\/wp-json\/wp\/v2\/comments?post=2526"}],"version-history":[{"count":1,"href":"https:\/\/agora.xtec.cat\/colsagradafamilia-larapita\/wp-json\/wp\/v2\/posts\/2526\/revisions"}],"predecessor-version":[{"id":2534,"href":"https:\/\/agora.xtec.cat\/colsagradafamilia-larapita\/wp-json\/wp\/v2\/posts\/2526\/revisions\/2534"}],"wp:featuredmedia":[{"embeddable":true,"href":"https:\/\/agora.xtec.cat\/colsagradafamilia-larapita\/wp-json\/wp\/v2\/media\/2533"}],"wp:attachment":[{"href":"https:\/\/agora.xtec.cat\/colsagradafamilia-larapita\/wp-json\/wp\/v2\/media?parent=2526"}],"wp:term":[{"taxonomy":"category","embeddable":true,"href":"https:\/\/agora.xtec.cat\/colsagradafamilia-larapita\/wp-json\/wp\/v2\/categories?post=2526"},{"taxonomy":"post_tag","embeddable":true,"href":"https:\/\/agora.xtec.cat\/colsagradafamilia-larapita\/wp-json\/wp\/v2\/tags?post=2526"}],"curies":[{"name":"wp","href":"https:\/\/api.w.org\/{rel}","templated":true}]}}