{"id":2443,"date":"2018-03-02T15:25:53","date_gmt":"2018-03-02T14:25:53","guid":{"rendered":"http:\/\/agora.xtec.cat\/colsagradafamilia-larapita\/?p=2443"},"modified":"2018-03-06T00:05:09","modified_gmt":"2018-03-05T23:05:09","slug":"alunmat-deso","status":"publish","type":"post","link":"https:\/\/agora.xtec.cat\/colsagradafamilia-larapita\/general\/alunmat-deso\/","title":{"rendered":"Alunmat d&#8217;ESO"},"content":{"rendered":"<p style=\"text-align: justify;\">Alguns alumnes de 1r, 2n i 3r d\u2019ESO del Col\u00b7legi Sagrada Fam\u00edlia vam anar a passar 4 dies a l\u2019 estaci\u00f3 d\u2019esqu\u00ed \u2018\u2019La Masella\u2019\u2019 (Girona)<\/p>\n<p style=\"text-align: justify;\">Ens vam allotjar a l\u2019Alp Hotel Masella, a uns 5 minuts de l\u2019estaci\u00f3 d\u2019esqu\u00ed.<\/p>\n<p style=\"text-align: justify;\">Alguns alumnes i professors vam fer snow i uns altres vam fer esqu\u00ed.<\/p>\n<p style=\"text-align: justify;\">Al mat\u00ed f\u00e8iem classes amb monitor (2h) i la tarda era lliure. Despr\u00e9s de sopar hi havia activitats amb el grup d\u2019animaci\u00f3 de l\u2019hotel i per finalitzar el dia an\u00e0vem a la discoteca amb els altres col\u00b7legis, tamb\u00e9 allotjats en el mateix hotel.<\/p>\n<p style=\"text-align: justify;\">El tercer dia vam tenir\u00a0 l\u2019oportunitat d\u2019esquiar de nit, despr\u00e9s d\u2019una xocolatada. Va ser una experi\u00e8ncia inoblidable i \u00fanica.<\/p>\n<p style=\"text-align: justify;\">\u00a0SENS DUBTE LA REPETIR\u00cdEM!<\/p>\n<p style=\"text-align: center;\"><a href=\"http:\/\/agora.xtec.cat\/colsagradafamilia-larapita\/wp-content\/uploads\/usu1161\/2018\/03\/IMG-20180221-WA0007.jpg\"><img loading=\"lazy\" decoding=\"async\" class=\"aligncenter size-full wp-image-2444\" src=\"http:\/\/agora.xtec.cat\/colsagradafamilia-larapita\/wp-content\/uploads\/usu1161\/2018\/03\/IMG-20180221-WA0007.jpg\" alt=\"\" width=\"550\" height=\"413\" srcset=\"https:\/\/agora.xtec.cat\/colsagradafamilia-larapita\/wp-content\/uploads\/usu1161\/2018\/03\/IMG-20180221-WA0007.jpg 550w, https:\/\/agora.xtec.cat\/colsagradafamilia-larapita\/wp-content\/uploads\/usu1161\/2018\/03\/IMG-20180221-WA0007-300x225.jpg 300w, https:\/\/agora.xtec.cat\/colsagradafamilia-larapita\/wp-content\/uploads\/usu1161\/2018\/03\/IMG-20180221-WA0007-200x150.jpg 200w\" sizes=\"auto, (max-width: 550px) 100vw, 550px\" \/><\/a><\/p>\n","protected":false},"excerpt":{"rendered":"<p>Alguns alumnes de 1r, 2n i 3r d\u2019ESO del Col\u00b7legi Sagrada Fam\u00edlia vam anar a passar 4 dies a l\u2019 estaci\u00f3 d\u2019esqu\u00ed \u2018\u2019La Masella\u2019\u2019 (Girona)<br \/>\nEns vam allotjar a l\u2019Alp Hotel Masella, a uns 5 minuts de l\u2019estaci\u00f3 d\u2019esqu\u00ed.<br \/>\nAlguns alumnes i professors vam fer snow i&hellip;  <a href=\"https:\/\/agora.xtec.cat\/colsagradafamilia-larapita\/general\/alunmat-deso\/\" title=\"Read Alunmat d&#8217;ESO\">Llegeix m\u00e9s\u00bb<\/a><\/p>\n","protected":false},"author":1,"featured_media":2444,"comment_status":"open","ping_status":"closed","sticky":false,"template":"","format":"standard","meta":{"_bbp_topic_count":0,"_bbp_reply_count":0,"_bbp_total_topic_count":0,"_bbp_total_reply_count":0,"_bbp_voice_count":0,"_bbp_anonymous_reply_count":0,"_bbp_topic_count_hidden":0,"_bbp_reply_count_hidden":0,"_bbp_forum_subforum_count":0,"footnotes":""},"categories":[104,105,106,1,29],"tags":[],"class_list":["post-2443","post","type-post","status-publish","format-standard","has-post-thumbnail","hentry","category-1eso","category-2eso","category-3eso","category-general","category-portada"],"post_mailing_queue_ids":[],"_links":{"self":[{"href":"https:\/\/agora.xtec.cat\/colsagradafamilia-larapita\/wp-json\/wp\/v2\/posts\/2443","targetHints":{"allow":["GET"]}}],"collection":[{"href":"https:\/\/agora.xtec.cat\/colsagradafamilia-larapita\/wp-json\/wp\/v2\/posts"}],"about":[{"href":"https:\/\/agora.xtec.cat\/colsagradafamilia-larapita\/wp-json\/wp\/v2\/types\/post"}],"author":[{"embeddable":true,"href":"https:\/\/agora.xtec.cat\/colsagradafamilia-larapita\/wp-json\/wp\/v2\/users\/1"}],"replies":[{"embeddable":true,"href":"https:\/\/agora.xtec.cat\/colsagradafamilia-larapita\/wp-json\/wp\/v2\/comments?post=2443"}],"version-history":[{"count":1,"href":"https:\/\/agora.xtec.cat\/colsagradafamilia-larapita\/wp-json\/wp\/v2\/posts\/2443\/revisions"}],"predecessor-version":[{"id":2445,"href":"https:\/\/agora.xtec.cat\/colsagradafamilia-larapita\/wp-json\/wp\/v2\/posts\/2443\/revisions\/2445"}],"wp:featuredmedia":[{"embeddable":true,"href":"https:\/\/agora.xtec.cat\/colsagradafamilia-larapita\/wp-json\/wp\/v2\/media\/2444"}],"wp:attachment":[{"href":"https:\/\/agora.xtec.cat\/colsagradafamilia-larapita\/wp-json\/wp\/v2\/media?parent=2443"}],"wp:term":[{"taxonomy":"category","embeddable":true,"href":"https:\/\/agora.xtec.cat\/colsagradafamilia-larapita\/wp-json\/wp\/v2\/categories?post=2443"},{"taxonomy":"post_tag","embeddable":true,"href":"https:\/\/agora.xtec.cat\/colsagradafamilia-larapita\/wp-json\/wp\/v2\/tags?post=2443"}],"curies":[{"name":"wp","href":"https:\/\/api.w.org\/{rel}","templated":true}]}}