{"id":2220,"date":"2017-11-13T04:06:16","date_gmt":"2017-11-13T03:06:16","guid":{"rendered":"http:\/\/agora.xtec.cat\/colsagradafamilia-larapita\/?p=2220"},"modified":"2018-01-26T20:54:45","modified_gmt":"2018-01-26T19:54:45","slug":"participem-al-programa-scholas-ciudadania","status":"publish","type":"post","link":"https:\/\/agora.xtec.cat\/colsagradafamilia-larapita\/general\/participem-al-programa-scholas-ciudadania\/","title":{"rendered":"Participem al PROGRAMA SCHOLAS CIUDADAN\u00cdA"},"content":{"rendered":"<p>La setmana del 16 a 20 d\u2019octubre un grup de 10 alumnes de 4t ESO va participar en el programa <em>Scholas Ciudadan\u00eda<\/em>, organitzat per la <em>Fundaci\u00f3 Scholas Ocurrentes<\/em>.<\/p>\n<p><em>Scholas Ciutadan\u00eda<\/em> \u00e9s un programa educatiu per a la formaci\u00f3 d\u2019estudiants que pret\u00e9n apropar-los a la seva realitat m\u00e9s pr\u00f2xima a trav\u00e9s d\u2019un esquema que recuperi la import\u00e0ncia de la participaci\u00f3 i del comprom\u00eds social, c\u00edvic i pol\u00edtic. El programa cerca generar un \u00e0mbit d\u2019aproximaci\u00f3 a les problem\u00e0tiques quotidianes de la comunitat de cada estudiant des d\u2019una perspectiva constructiva, on el jove participi a trav\u00e9s de la investigaci\u00f3 i la posterior presentaci\u00f3 de propostes i solucions.<\/p>\n<p>En el programa,\u00a0 que es va dur a terme al Seminari de Tarragona, van participar 17 escoles d\u2019arreu de la prov\u00edncia de titularitat diversa (p\u00fabliques, privades i concertades) amb un total de 196 alumnes.<\/p>\n<p>El programa es desenvolupa en dues etapes: la selecci\u00f3 de les problem\u00e0tiques i la setmana d\u2019immersi\u00f3. El dia 11 d\u2019octubre va tenir lloc la primera etapa, i les problem\u00e0tiques escollides per a treballar durant la setmana d\u2019immersi\u00f3 van ser la desigualtat i la viol\u00e8ncia de g\u00e8nere d\u2019una banda i, de l\u2019altra, la discriminaci\u00f3, l\u2019assetjament escolar i els estereotips. La setmana del 16 al 20 d\u2019octubre van analitzar les causes i les conseq\u00fc\u00e8ncies d\u2019aquestes problem\u00e0tiques contrastades mitjan\u00e7ant el treball de camp per tal de poder elaborar un diagn\u00f2stic de la situaci\u00f3 i desenvolupar unes propostes per contribuir a millorar la societat.<\/p>\n<p>Des del punt de vista dels alumnes ha estat una experi\u00e8ncia enriquidora ja que la participaci\u00f3 en el programa els ha perm\u00e8s con\u00e8ixer molta gent d\u2019arreu de la prov\u00edncia, treballar unes problem\u00e0tiques que els afecten directament i expressar lliurement les seves opinions envers aquestes problem\u00e0tiques.<\/p>\n<p style=\"text-align: center;\"><a href=\"http:\/\/agora.xtec.cat\/colsagradafamilia-larapita\/wp-content\/uploads\/usu1161\/2017\/11\/IMG-20171106-WA0001.jpg\"><img loading=\"lazy\" decoding=\"async\" class=\"aligncenter size-full wp-image-2223\" src=\"http:\/\/agora.xtec.cat\/colsagradafamilia-larapita\/wp-content\/uploads\/usu1161\/2017\/11\/IMG-20171106-WA0001.jpg\" alt=\"\" width=\"550\" height=\"309\" srcset=\"https:\/\/agora.xtec.cat\/colsagradafamilia-larapita\/wp-content\/uploads\/usu1161\/2017\/11\/IMG-20171106-WA0001.jpg 550w, https:\/\/agora.xtec.cat\/colsagradafamilia-larapita\/wp-content\/uploads\/usu1161\/2017\/11\/IMG-20171106-WA0001-300x169.jpg 300w\" sizes=\"auto, (max-width: 550px) 100vw, 550px\" \/><\/a><\/p>\n<p><a href=\"http:\/\/agora.xtec.cat\/colsagradafamilia-larapita\/wp-content\/uploads\/usu1161\/2017\/11\/IMG-20171018-WA0000.jpg\"><img loading=\"lazy\" decoding=\"async\" class=\"aligncenter size-full wp-image-2221\" src=\"http:\/\/agora.xtec.cat\/colsagradafamilia-larapita\/wp-content\/uploads\/usu1161\/2017\/11\/IMG-20171018-WA0000.jpg\" alt=\"\" width=\"550\" height=\"413\" srcset=\"https:\/\/agora.xtec.cat\/colsagradafamilia-larapita\/wp-content\/uploads\/usu1161\/2017\/11\/IMG-20171018-WA0000.jpg 550w, https:\/\/agora.xtec.cat\/colsagradafamilia-larapita\/wp-content\/uploads\/usu1161\/2017\/11\/IMG-20171018-WA0000-300x225.jpg 300w, https:\/\/agora.xtec.cat\/colsagradafamilia-larapita\/wp-content\/uploads\/usu1161\/2017\/11\/IMG-20171018-WA0000-200x150.jpg 200w\" sizes=\"auto, (max-width: 550px) 100vw, 550px\" \/><\/a><\/p>\n<p style=\"text-align: center;\"><a href=\"http:\/\/agora.xtec.cat\/colsagradafamilia-larapita\/wp-content\/uploads\/usu1161\/2017\/11\/IMG-20171018-WA0001.jpg\"><img loading=\"lazy\" decoding=\"async\" class=\"aligncenter size-full wp-image-2222\" src=\"http:\/\/agora.xtec.cat\/colsagradafamilia-larapita\/wp-content\/uploads\/usu1161\/2017\/11\/IMG-20171018-WA0001.jpg\" alt=\"\" width=\"550\" height=\"367\" srcset=\"https:\/\/agora.xtec.cat\/colsagradafamilia-larapita\/wp-content\/uploads\/usu1161\/2017\/11\/IMG-20171018-WA0001.jpg 550w, https:\/\/agora.xtec.cat\/colsagradafamilia-larapita\/wp-content\/uploads\/usu1161\/2017\/11\/IMG-20171018-WA0001-300x200.jpg 300w\" sizes=\"auto, (max-width: 550px) 100vw, 550px\" \/><\/a><\/p>\n<p style=\"text-align: center;\"><a href=\"http:\/\/agora.xtec.cat\/colsagradafamilia-larapita\/wp-content\/uploads\/usu1161\/2017\/11\/IMG-20171106-WA0002.jpg\"><img loading=\"lazy\" decoding=\"async\" class=\"aligncenter size-full wp-image-2224\" src=\"http:\/\/agora.xtec.cat\/colsagradafamilia-larapita\/wp-content\/uploads\/usu1161\/2017\/11\/IMG-20171106-WA0002.jpg\" alt=\"\" width=\"550\" height=\"366\" srcset=\"https:\/\/agora.xtec.cat\/colsagradafamilia-larapita\/wp-content\/uploads\/usu1161\/2017\/11\/IMG-20171106-WA0002.jpg 550w, https:\/\/agora.xtec.cat\/colsagradafamilia-larapita\/wp-content\/uploads\/usu1161\/2017\/11\/IMG-20171106-WA0002-300x200.jpg 300w\" sizes=\"auto, (max-width: 550px) 100vw, 550px\" \/><\/a><\/p>\n<p style=\"text-align: center;\"><a href=\"http:\/\/agora.xtec.cat\/colsagradafamilia-larapita\/wp-content\/uploads\/usu1161\/2017\/11\/IMG-20171106-WA0003.jpg\"><img loading=\"lazy\" decoding=\"async\" class=\"aligncenter size-full wp-image-2225\" src=\"http:\/\/agora.xtec.cat\/colsagradafamilia-larapita\/wp-content\/uploads\/usu1161\/2017\/11\/IMG-20171106-WA0003.jpg\" alt=\"\" width=\"550\" height=\"309\" srcset=\"https:\/\/agora.xtec.cat\/colsagradafamilia-larapita\/wp-content\/uploads\/usu1161\/2017\/11\/IMG-20171106-WA0003.jpg 550w, https:\/\/agora.xtec.cat\/colsagradafamilia-larapita\/wp-content\/uploads\/usu1161\/2017\/11\/IMG-20171106-WA0003-300x169.jpg 300w\" sizes=\"auto, (max-width: 550px) 100vw, 550px\" \/><\/a><\/p>\n<p style=\"text-align: center;\"><a href=\"http:\/\/agora.xtec.cat\/colsagradafamilia-larapita\/wp-content\/uploads\/usu1161\/2017\/11\/IMG-20171106-WA0004.jpg\"><img loading=\"lazy\" decoding=\"async\" class=\"aligncenter size-full wp-image-2226\" src=\"http:\/\/agora.xtec.cat\/colsagradafamilia-larapita\/wp-content\/uploads\/usu1161\/2017\/11\/IMG-20171106-WA0004.jpg\" alt=\"\" width=\"550\" height=\"397\" srcset=\"https:\/\/agora.xtec.cat\/colsagradafamilia-larapita\/wp-content\/uploads\/usu1161\/2017\/11\/IMG-20171106-WA0004.jpg 550w, https:\/\/agora.xtec.cat\/colsagradafamilia-larapita\/wp-content\/uploads\/usu1161\/2017\/11\/IMG-20171106-WA0004-300x217.jpg 300w\" sizes=\"auto, (max-width: 550px) 100vw, 550px\" \/><\/a><\/p>\n<p style=\"text-align: justify;\">\n","protected":false},"excerpt":{"rendered":"<p>La setmana del 16 a 20 d\u2019octubre un grup de 10 alumnes de 4t ESO va participar en el programa Scholas Ciudadan\u00eda, organitzat per la Fundaci\u00f3 Scholas Ocurrentes.<br \/>\nScholas Ciutadan\u00eda \u00e9s un programa educatiu per a la formaci\u00f3 d\u2019estudiants que pret\u00e9n apropar-los a la seva realitat&hellip;  <a href=\"https:\/\/agora.xtec.cat\/colsagradafamilia-larapita\/general\/participem-al-programa-scholas-ciudadania\/\" title=\"Read Participem al PROGRAMA SCHOLAS CIUDADAN\u00cdA\">Llegeix m\u00e9s\u00bb<\/a><\/p>\n","protected":false},"author":1,"featured_media":2223,"comment_status":"open","ping_status":"closed","sticky":false,"template":"","format":"standard","meta":{"_bbp_topic_count":0,"_bbp_reply_count":0,"_bbp_total_topic_count":0,"_bbp_total_reply_count":0,"_bbp_voice_count":0,"_bbp_anonymous_reply_count":0,"_bbp_topic_count_hidden":0,"_bbp_reply_count_hidden":0,"_bbp_forum_subforum_count":0,"footnotes":""},"categories":[107,1,29],"tags":[],"class_list":["post-2220","post","type-post","status-publish","format-standard","has-post-thumbnail","hentry","category-4eso","category-general","category-portada"],"post_mailing_queue_ids":[],"_links":{"self":[{"href":"https:\/\/agora.xtec.cat\/colsagradafamilia-larapita\/wp-json\/wp\/v2\/posts\/2220","targetHints":{"allow":["GET"]}}],"collection":[{"href":"https:\/\/agora.xtec.cat\/colsagradafamilia-larapita\/wp-json\/wp\/v2\/posts"}],"about":[{"href":"https:\/\/agora.xtec.cat\/colsagradafamilia-larapita\/wp-json\/wp\/v2\/types\/post"}],"author":[{"embeddable":true,"href":"https:\/\/agora.xtec.cat\/colsagradafamilia-larapita\/wp-json\/wp\/v2\/users\/1"}],"replies":[{"embeddable":true,"href":"https:\/\/agora.xtec.cat\/colsagradafamilia-larapita\/wp-json\/wp\/v2\/comments?post=2220"}],"version-history":[{"count":2,"href":"https:\/\/agora.xtec.cat\/colsagradafamilia-larapita\/wp-json\/wp\/v2\/posts\/2220\/revisions"}],"predecessor-version":[{"id":2316,"href":"https:\/\/agora.xtec.cat\/colsagradafamilia-larapita\/wp-json\/wp\/v2\/posts\/2220\/revisions\/2316"}],"wp:featuredmedia":[{"embeddable":true,"href":"https:\/\/agora.xtec.cat\/colsagradafamilia-larapita\/wp-json\/wp\/v2\/media\/2223"}],"wp:attachment":[{"href":"https:\/\/agora.xtec.cat\/colsagradafamilia-larapita\/wp-json\/wp\/v2\/media?parent=2220"}],"wp:term":[{"taxonomy":"category","embeddable":true,"href":"https:\/\/agora.xtec.cat\/colsagradafamilia-larapita\/wp-json\/wp\/v2\/categories?post=2220"},{"taxonomy":"post_tag","embeddable":true,"href":"https:\/\/agora.xtec.cat\/colsagradafamilia-larapita\/wp-json\/wp\/v2\/tags?post=2220"}],"curies":[{"name":"wp","href":"https:\/\/api.w.org\/{rel}","templated":true}]}}