{"id":2089,"date":"2017-06-30T10:44:48","date_gmt":"2017-06-30T08:44:48","guid":{"rendered":"http:\/\/agora.xtec.cat\/colsagradafamilia-larapita\/?p=2089"},"modified":"2018-01-26T21:14:31","modified_gmt":"2018-01-26T20:14:31","slug":"premi-a-lesforc-academic","status":"publish","type":"post","link":"https:\/\/agora.xtec.cat\/colsagradafamilia-larapita\/general\/premi-a-lesforc-academic\/","title":{"rendered":"Premi a l&#8217;esfor\u00e7 acad\u00e8mic"},"content":{"rendered":"<p style=\"text-align: justify;\">Com cada any, en finalitzar el 4t curs d\u2019ESO, el Col\u00b7legi atorga un diploma a l\u2019alumne\/a amb el millor rendiment acad\u00e8mic del curs.<\/p>\n<p style=\"text-align: justify;\">Aquest any, l\u2019alumna que ha rebut el diploma ha estat Ainoa S\u00e9rvulo Monta\u00f1\u00e9s.<\/p>\n<p style=\"text-align: justify;\">Moltes felicitats!<\/p>\n<p style=\"text-align: center;\"><a href=\"http:\/\/agora.xtec.cat\/colsagradafamilia-larapita\/wp-content\/uploads\/usu1161\/2017\/06\/IMG-20170628-WA0002.jpg\"><img loading=\"lazy\" decoding=\"async\" class=\"aligncenter size-full wp-image-2091\" src=\"http:\/\/agora.xtec.cat\/colsagradafamilia-larapita\/wp-content\/uploads\/usu1161\/2017\/06\/IMG-20170628-WA0002.jpg\" alt=\"IMG-20170628-WA0002\" width=\"550\" height=\"733\" srcset=\"https:\/\/agora.xtec.cat\/colsagradafamilia-larapita\/wp-content\/uploads\/usu1161\/2017\/06\/IMG-20170628-WA0002.jpg 550w, https:\/\/agora.xtec.cat\/colsagradafamilia-larapita\/wp-content\/uploads\/usu1161\/2017\/06\/IMG-20170628-WA0002-225x300.jpg 225w\" sizes=\"auto, (max-width: 550px) 100vw, 550px\" \/><\/a><\/p>\n<p style=\"text-align: center;\">\n","protected":false},"excerpt":{"rendered":"<p>Com cada any, en finalitzar el 4t curs d\u2019ESO, el Col\u00b7legi atorga un diploma a l\u2019alumne\/a amb el millor rendiment acad\u00e8mic del curs.<br \/>\nAquest any, l\u2019alumna que ha rebut el diploma ha estat Ainoa S\u00e9rvulo Monta\u00f1\u00e9s.<br \/>\nMoltes felicitats!<br \/>\n<a href=\"http:\/\/agora.xtec.cat\/colsagradafamilia-larapita\/wp-content\/uploads\/usu1161\/2017\/06\/IMG-20170628-WA0002.jpg\"><\/a><\/p>\n","protected":false},"author":1,"featured_media":2091,"comment_status":"open","ping_status":"closed","sticky":false,"template":"","format":"standard","meta":{"_bbp_topic_count":0,"_bbp_reply_count":0,"_bbp_total_topic_count":0,"_bbp_total_reply_count":0,"_bbp_voice_count":0,"_bbp_anonymous_reply_count":0,"_bbp_topic_count_hidden":0,"_bbp_reply_count_hidden":0,"_bbp_forum_subforum_count":0,"footnotes":""},"categories":[107,1,29],"tags":[],"class_list":["post-2089","post","type-post","status-publish","format-standard","has-post-thumbnail","hentry","category-4eso","category-general","category-portada"],"post_mailing_queue_ids":[],"_links":{"self":[{"href":"https:\/\/agora.xtec.cat\/colsagradafamilia-larapita\/wp-json\/wp\/v2\/posts\/2089","targetHints":{"allow":["GET"]}}],"collection":[{"href":"https:\/\/agora.xtec.cat\/colsagradafamilia-larapita\/wp-json\/wp\/v2\/posts"}],"about":[{"href":"https:\/\/agora.xtec.cat\/colsagradafamilia-larapita\/wp-json\/wp\/v2\/types\/post"}],"author":[{"embeddable":true,"href":"https:\/\/agora.xtec.cat\/colsagradafamilia-larapita\/wp-json\/wp\/v2\/users\/1"}],"replies":[{"embeddable":true,"href":"https:\/\/agora.xtec.cat\/colsagradafamilia-larapita\/wp-json\/wp\/v2\/comments?post=2089"}],"version-history":[{"count":2,"href":"https:\/\/agora.xtec.cat\/colsagradafamilia-larapita\/wp-json\/wp\/v2\/posts\/2089\/revisions"}],"predecessor-version":[{"id":2099,"href":"https:\/\/agora.xtec.cat\/colsagradafamilia-larapita\/wp-json\/wp\/v2\/posts\/2089\/revisions\/2099"}],"wp:featuredmedia":[{"embeddable":true,"href":"https:\/\/agora.xtec.cat\/colsagradafamilia-larapita\/wp-json\/wp\/v2\/media\/2091"}],"wp:attachment":[{"href":"https:\/\/agora.xtec.cat\/colsagradafamilia-larapita\/wp-json\/wp\/v2\/media?parent=2089"}],"wp:term":[{"taxonomy":"category","embeddable":true,"href":"https:\/\/agora.xtec.cat\/colsagradafamilia-larapita\/wp-json\/wp\/v2\/categories?post=2089"},{"taxonomy":"post_tag","embeddable":true,"href":"https:\/\/agora.xtec.cat\/colsagradafamilia-larapita\/wp-json\/wp\/v2\/tags?post=2089"}],"curies":[{"name":"wp","href":"https:\/\/api.w.org\/{rel}","templated":true}]}}