{"id":1872,"date":"2017-06-11T19:27:35","date_gmt":"2017-06-11T17:27:35","guid":{"rendered":"http:\/\/agora.xtec.cat\/colsagradafamilia-larapita\/?p=1872"},"modified":"2017-06-11T19:27:35","modified_gmt":"2017-06-11T17:27:35","slug":"festa-dels-iaios-dinfantil","status":"publish","type":"post","link":"https:\/\/agora.xtec.cat\/colsagradafamilia-larapita\/general\/festa-dels-iaios-dinfantil\/","title":{"rendered":"Festa dels iaios d\u2019Infantil"},"content":{"rendered":"<p style=\"text-align: justify;\">El passat divendres 2 de juny\u00a0 vam celebrar la festa dels iaios dels xiquets i xiquetes d\u2019Infantil. Aquesta festa, que celebrem cada 3 anys, vol ser un homenatge i reconeixement a la figura dels iaios, ja que el seu paper en la societat actual \u00e9s cabdal en l&#8217;educaci\u00f3 dels infants.<\/p>\n<p style=\"text-align: justify;\">La festa es va iniciar a les 15:00 h a la Capella del centre amb una salutaci\u00f3 de la Titular del centre, la germana M.Carmen Moya, i una posterior reflexi\u00f3 per part del director, Xavier Aud\u00ed, sobre el paper educatiu dels avis. Posteriorment, vam anar al pavell\u00f3 del col\u00b7legi on tot l\u2019alumnat d\u2019Infantil va cantar una can\u00e7\u00f3 i va oferir un petit obsequi als seus iaios i iaies.<\/p>\n<p style=\"text-align: justify;\">A continuaci\u00f3 vam fer un berenar tots plegats amb menjar que van portar els mateixos avis; truites, pizzes,\u00a0 cocs, pastissos&#8230; van fer gaudir als assistents d\u2019un fant\u00e0stic \u00e0pat. Volem destacar com sempre el paper de l\u2019AMPA del col\u00b7legi en l\u2019organitzaci\u00f3 del berenar\u00a0 aix\u00ed com tamb\u00e9 la seva col\u00b7laboraci\u00f3 en la compra de les begudes per a la festa.<\/p>\n<p style=\"text-align: justify;\">Donada la gran aportaci\u00f3 de viandes \u00a0que van portar els avis, en acabar l\u2019acte ens vam posar en contacte amb C\u00e0ritas de la R\u00e0pita per a fer donaci\u00f3 del menjar restant.<\/p>\n<p style=\"text-align: justify;\">Volem agrair a tota la comunitat educativa i, en especial, a l\u2019equip de Mestres d\u2019Infantil l\u2019organitzaci\u00f3 d\u2019aquest acte tan llu\u00eft i emotiu.<\/p>\n<p style=\"text-align: center;\">\u00a0<a href=\"http:\/\/agora.xtec.cat\/colsagradafamilia-larapita\/wp-content\/uploads\/usu1161\/2017\/06\/IMG-20170604-WA0021.jpg\"><img loading=\"lazy\" decoding=\"async\" class=\"aligncenter size-full wp-image-1874\" src=\"http:\/\/agora.xtec.cat\/colsagradafamilia-larapita\/wp-content\/uploads\/usu1161\/2017\/06\/IMG-20170604-WA0021.jpg\" alt=\"IMG-20170604-WA0021\" width=\"550\" height=\"309\" srcset=\"https:\/\/agora.xtec.cat\/colsagradafamilia-larapita\/wp-content\/uploads\/usu1161\/2017\/06\/IMG-20170604-WA0021.jpg 550w, https:\/\/agora.xtec.cat\/colsagradafamilia-larapita\/wp-content\/uploads\/usu1161\/2017\/06\/IMG-20170604-WA0021-300x169.jpg 300w\" sizes=\"auto, (max-width: 550px) 100vw, 550px\" \/><\/a><\/p>\n<p style=\"text-align: center;\"><a href=\"http:\/\/agora.xtec.cat\/colsagradafamilia-larapita\/wp-content\/uploads\/usu1161\/2017\/06\/IMG-20170604-WA0010.jpg\"><img loading=\"lazy\" decoding=\"async\" class=\"aligncenter size-full wp-image-1875\" src=\"http:\/\/agora.xtec.cat\/colsagradafamilia-larapita\/wp-content\/uploads\/usu1161\/2017\/06\/IMG-20170604-WA0010.jpg\" alt=\"IMG-20170604-WA0010\" width=\"550\" height=\"309\" srcset=\"https:\/\/agora.xtec.cat\/colsagradafamilia-larapita\/wp-content\/uploads\/usu1161\/2017\/06\/IMG-20170604-WA0010.jpg 550w, https:\/\/agora.xtec.cat\/colsagradafamilia-larapita\/wp-content\/uploads\/usu1161\/2017\/06\/IMG-20170604-WA0010-300x169.jpg 300w\" sizes=\"auto, (max-width: 550px) 100vw, 550px\" \/><\/a><\/p>\n<p style=\"text-align: center;\"><a href=\"http:\/\/agora.xtec.cat\/colsagradafamilia-larapita\/wp-content\/uploads\/usu1161\/2017\/06\/IMG-20170604-WA0035.jpg\"><img loading=\"lazy\" decoding=\"async\" class=\"aligncenter size-full wp-image-1876\" src=\"http:\/\/agora.xtec.cat\/colsagradafamilia-larapita\/wp-content\/uploads\/usu1161\/2017\/06\/IMG-20170604-WA0035.jpg\" alt=\"IMG-20170604-WA0035\" width=\"550\" height=\"309\" srcset=\"https:\/\/agora.xtec.cat\/colsagradafamilia-larapita\/wp-content\/uploads\/usu1161\/2017\/06\/IMG-20170604-WA0035.jpg 550w, https:\/\/agora.xtec.cat\/colsagradafamilia-larapita\/wp-content\/uploads\/usu1161\/2017\/06\/IMG-20170604-WA0035-300x169.jpg 300w\" sizes=\"auto, (max-width: 550px) 100vw, 550px\" \/><\/a><\/p>\n<p style=\"text-align: center;\"><a href=\"http:\/\/agora.xtec.cat\/colsagradafamilia-larapita\/wp-content\/uploads\/usu1161\/2017\/06\/IMG-20170604-WA0001.jpg\"><img loading=\"lazy\" decoding=\"async\" class=\"aligncenter size-full wp-image-1877\" src=\"http:\/\/agora.xtec.cat\/colsagradafamilia-larapita\/wp-content\/uploads\/usu1161\/2017\/06\/IMG-20170604-WA0001.jpg\" alt=\"IMG-20170604-WA0001\" width=\"550\" height=\"980\" srcset=\"https:\/\/agora.xtec.cat\/colsagradafamilia-larapita\/wp-content\/uploads\/usu1161\/2017\/06\/IMG-20170604-WA0001.jpg 550w, https:\/\/agora.xtec.cat\/colsagradafamilia-larapita\/wp-content\/uploads\/usu1161\/2017\/06\/IMG-20170604-WA0001-168x300.jpg 168w\" sizes=\"auto, (max-width: 550px) 100vw, 550px\" \/><\/a><\/p>\n<p style=\"text-align: center;\"><a href=\"http:\/\/agora.xtec.cat\/colsagradafamilia-larapita\/wp-content\/uploads\/usu1161\/2017\/06\/IMG-20170604-WA0004.jpg\"><img loading=\"lazy\" decoding=\"async\" class=\"aligncenter size-full wp-image-1878\" src=\"http:\/\/agora.xtec.cat\/colsagradafamilia-larapita\/wp-content\/uploads\/usu1161\/2017\/06\/IMG-20170604-WA0004.jpg\" alt=\"IMG-20170604-WA0004\" width=\"550\" height=\"309\" srcset=\"https:\/\/agora.xtec.cat\/colsagradafamilia-larapita\/wp-content\/uploads\/usu1161\/2017\/06\/IMG-20170604-WA0004.jpg 550w, https:\/\/agora.xtec.cat\/colsagradafamilia-larapita\/wp-content\/uploads\/usu1161\/2017\/06\/IMG-20170604-WA0004-300x169.jpg 300w\" sizes=\"auto, (max-width: 550px) 100vw, 550px\" \/><\/a><\/p>\n<p style=\"text-align: center;\"><a href=\"http:\/\/agora.xtec.cat\/colsagradafamilia-larapita\/wp-content\/uploads\/usu1161\/2017\/06\/IMG-20170604-WA0008.jpg\"><img loading=\"lazy\" decoding=\"async\" class=\"aligncenter size-full wp-image-1879\" src=\"http:\/\/agora.xtec.cat\/colsagradafamilia-larapita\/wp-content\/uploads\/usu1161\/2017\/06\/IMG-20170604-WA0008.jpg\" alt=\"IMG-20170604-WA0008\" width=\"550\" height=\"309\" srcset=\"https:\/\/agora.xtec.cat\/colsagradafamilia-larapita\/wp-content\/uploads\/usu1161\/2017\/06\/IMG-20170604-WA0008.jpg 550w, https:\/\/agora.xtec.cat\/colsagradafamilia-larapita\/wp-content\/uploads\/usu1161\/2017\/06\/IMG-20170604-WA0008-300x169.jpg 300w\" sizes=\"auto, (max-width: 550px) 100vw, 550px\" \/><\/a><\/p>\n<p style=\"text-align: center;\"><a href=\"http:\/\/agora.xtec.cat\/colsagradafamilia-larapita\/wp-content\/uploads\/usu1161\/2017\/06\/IMG-20170604-WA0017.jpg\"><img loading=\"lazy\" decoding=\"async\" class=\"aligncenter size-full wp-image-1880\" src=\"http:\/\/agora.xtec.cat\/colsagradafamilia-larapita\/wp-content\/uploads\/usu1161\/2017\/06\/IMG-20170604-WA0017.jpg\" alt=\"IMG-20170604-WA0017\" width=\"550\" height=\"309\" srcset=\"https:\/\/agora.xtec.cat\/colsagradafamilia-larapita\/wp-content\/uploads\/usu1161\/2017\/06\/IMG-20170604-WA0017.jpg 550w, https:\/\/agora.xtec.cat\/colsagradafamilia-larapita\/wp-content\/uploads\/usu1161\/2017\/06\/IMG-20170604-WA0017-300x169.jpg 300w\" sizes=\"auto, (max-width: 550px) 100vw, 550px\" \/><\/a><\/p>\n<p style=\"text-align: center;\"><a href=\"http:\/\/agora.xtec.cat\/colsagradafamilia-larapita\/wp-content\/uploads\/usu1161\/2017\/06\/IMG-20170604-WA0018.jpg\"><img loading=\"lazy\" decoding=\"async\" class=\"aligncenter size-full wp-image-1882\" src=\"http:\/\/agora.xtec.cat\/colsagradafamilia-larapita\/wp-content\/uploads\/usu1161\/2017\/06\/IMG-20170604-WA0018.jpg\" alt=\"IMG-20170604-WA0018\" width=\"550\" height=\"309\" srcset=\"https:\/\/agora.xtec.cat\/colsagradafamilia-larapita\/wp-content\/uploads\/usu1161\/2017\/06\/IMG-20170604-WA0018.jpg 550w, https:\/\/agora.xtec.cat\/colsagradafamilia-larapita\/wp-content\/uploads\/usu1161\/2017\/06\/IMG-20170604-WA0018-300x169.jpg 300w\" sizes=\"auto, (max-width: 550px) 100vw, 550px\" \/><\/a><\/p>\n<p style=\"text-align: center;\"><a href=\"http:\/\/agora.xtec.cat\/colsagradafamilia-larapita\/wp-content\/uploads\/usu1161\/2017\/06\/IMG-20170604-WA0028.jpg\"><img loading=\"lazy\" decoding=\"async\" class=\"aligncenter size-full wp-image-1883\" src=\"http:\/\/agora.xtec.cat\/colsagradafamilia-larapita\/wp-content\/uploads\/usu1161\/2017\/06\/IMG-20170604-WA0028.jpg\" alt=\"IMG-20170604-WA0028\" width=\"550\" height=\"980\" srcset=\"https:\/\/agora.xtec.cat\/colsagradafamilia-larapita\/wp-content\/uploads\/usu1161\/2017\/06\/IMG-20170604-WA0028.jpg 550w, https:\/\/agora.xtec.cat\/colsagradafamilia-larapita\/wp-content\/uploads\/usu1161\/2017\/06\/IMG-20170604-WA0028-168x300.jpg 168w\" sizes=\"auto, (max-width: 550px) 100vw, 550px\" \/><\/a><\/p>\n<p style=\"text-align: center;\"><a href=\"http:\/\/agora.xtec.cat\/colsagradafamilia-larapita\/wp-content\/uploads\/usu1161\/2017\/06\/IMG-20170604-WA0030.jpg\"><img loading=\"lazy\" decoding=\"async\" class=\"aligncenter size-full wp-image-1884\" src=\"http:\/\/agora.xtec.cat\/colsagradafamilia-larapita\/wp-content\/uploads\/usu1161\/2017\/06\/IMG-20170604-WA0030.jpg\" alt=\"IMG-20170604-WA0030\" width=\"550\" height=\"980\" srcset=\"https:\/\/agora.xtec.cat\/colsagradafamilia-larapita\/wp-content\/uploads\/usu1161\/2017\/06\/IMG-20170604-WA0030.jpg 550w, https:\/\/agora.xtec.cat\/colsagradafamilia-larapita\/wp-content\/uploads\/usu1161\/2017\/06\/IMG-20170604-WA0030-168x300.jpg 168w\" sizes=\"auto, (max-width: 550px) 100vw, 550px\" \/><\/a><\/p>\n<p style=\"text-align: center;\"><a href=\"http:\/\/agora.xtec.cat\/colsagradafamilia-larapita\/wp-content\/uploads\/usu1161\/2017\/06\/IMG-20170604-WA0034.jpg\"><img loading=\"lazy\" decoding=\"async\" class=\"aligncenter size-full wp-image-1885\" src=\"http:\/\/agora.xtec.cat\/colsagradafamilia-larapita\/wp-content\/uploads\/usu1161\/2017\/06\/IMG-20170604-WA0034.jpg\" alt=\"IMG-20170604-WA0034\" width=\"550\" height=\"980\" srcset=\"https:\/\/agora.xtec.cat\/colsagradafamilia-larapita\/wp-content\/uploads\/usu1161\/2017\/06\/IMG-20170604-WA0034.jpg 550w, https:\/\/agora.xtec.cat\/colsagradafamilia-larapita\/wp-content\/uploads\/usu1161\/2017\/06\/IMG-20170604-WA0034-168x300.jpg 168w\" sizes=\"auto, (max-width: 550px) 100vw, 550px\" \/><\/a><\/p>\n<p style=\"text-align: center;\"><a href=\"http:\/\/agora.xtec.cat\/colsagradafamilia-larapita\/wp-content\/uploads\/usu1161\/2017\/06\/IMG-20170604-WA0036.jpg\"><img loading=\"lazy\" decoding=\"async\" class=\"aligncenter size-full wp-image-1886\" src=\"http:\/\/agora.xtec.cat\/colsagradafamilia-larapita\/wp-content\/uploads\/usu1161\/2017\/06\/IMG-20170604-WA0036.jpg\" alt=\"IMG-20170604-WA0036\" width=\"550\" height=\"980\" srcset=\"https:\/\/agora.xtec.cat\/colsagradafamilia-larapita\/wp-content\/uploads\/usu1161\/2017\/06\/IMG-20170604-WA0036.jpg 550w, https:\/\/agora.xtec.cat\/colsagradafamilia-larapita\/wp-content\/uploads\/usu1161\/2017\/06\/IMG-20170604-WA0036-168x300.jpg 168w\" sizes=\"auto, (max-width: 550px) 100vw, 550px\" \/><\/a><\/p>\n<p style=\"text-align: center;\"><a href=\"http:\/\/agora.xtec.cat\/colsagradafamilia-larapita\/wp-content\/uploads\/usu1161\/2017\/06\/IMG-20170604-WA0039.jpg\"><img loading=\"lazy\" decoding=\"async\" class=\"aligncenter size-full wp-image-1887\" src=\"http:\/\/agora.xtec.cat\/colsagradafamilia-larapita\/wp-content\/uploads\/usu1161\/2017\/06\/IMG-20170604-WA0039.jpg\" alt=\"IMG-20170604-WA0039\" width=\"550\" height=\"980\" srcset=\"https:\/\/agora.xtec.cat\/colsagradafamilia-larapita\/wp-content\/uploads\/usu1161\/2017\/06\/IMG-20170604-WA0039.jpg 550w, https:\/\/agora.xtec.cat\/colsagradafamilia-larapita\/wp-content\/uploads\/usu1161\/2017\/06\/IMG-20170604-WA0039-168x300.jpg 168w\" sizes=\"auto, (max-width: 550px) 100vw, 550px\" \/><\/a><\/p>\n<p style=\"text-align: center;\"><a href=\"http:\/\/agora.xtec.cat\/colsagradafamilia-larapita\/wp-content\/uploads\/usu1161\/2017\/06\/IMG-20170606-WA0002.jpg\"><img loading=\"lazy\" decoding=\"async\" class=\"aligncenter size-full wp-image-1888\" src=\"http:\/\/agora.xtec.cat\/colsagradafamilia-larapita\/wp-content\/uploads\/usu1161\/2017\/06\/IMG-20170606-WA0002.jpg\" alt=\"IMG-20170606-WA0002\" width=\"550\" height=\"309\" srcset=\"https:\/\/agora.xtec.cat\/colsagradafamilia-larapita\/wp-content\/uploads\/usu1161\/2017\/06\/IMG-20170606-WA0002.jpg 550w, https:\/\/agora.xtec.cat\/colsagradafamilia-larapita\/wp-content\/uploads\/usu1161\/2017\/06\/IMG-20170606-WA0002-300x169.jpg 300w\" sizes=\"auto, (max-width: 550px) 100vw, 550px\" \/><\/a><\/p>\n","protected":false},"excerpt":{"rendered":"<p>El passat divendres 2 de juny\u00a0 vam celebrar la festa dels iaios dels xiquets i xiquetes d\u2019Infantil. Aquesta festa, que celebrem cada 3 anys, vol ser un homenatge i reconeixement a la figura dels iaios, ja que el seu paper en la societat actual \u00e9s&hellip;  <a href=\"https:\/\/agora.xtec.cat\/colsagradafamilia-larapita\/general\/festa-dels-iaios-dinfantil\/\" title=\"Read Festa dels iaios d\u2019Infantil\">Llegeix m\u00e9s\u00bb<\/a><\/p>\n","protected":false},"author":1,"featured_media":1874,"comment_status":"open","ping_status":"closed","sticky":false,"template":"","format":"standard","meta":{"_bbp_topic_count":0,"_bbp_reply_count":0,"_bbp_total_topic_count":0,"_bbp_total_reply_count":0,"_bbp_voice_count":0,"_bbp_anonymous_reply_count":0,"_bbp_topic_count_hidden":0,"_bbp_reply_count_hidden":0,"_bbp_forum_subforum_count":0,"footnotes":""},"categories":[1,29],"tags":[],"class_list":["post-1872","post","type-post","status-publish","format-standard","has-post-thumbnail","hentry","category-general","category-portada"],"post_mailing_queue_ids":[],"_links":{"self":[{"href":"https:\/\/agora.xtec.cat\/colsagradafamilia-larapita\/wp-json\/wp\/v2\/posts\/1872","targetHints":{"allow":["GET"]}}],"collection":[{"href":"https:\/\/agora.xtec.cat\/colsagradafamilia-larapita\/wp-json\/wp\/v2\/posts"}],"about":[{"href":"https:\/\/agora.xtec.cat\/colsagradafamilia-larapita\/wp-json\/wp\/v2\/types\/post"}],"author":[{"embeddable":true,"href":"https:\/\/agora.xtec.cat\/colsagradafamilia-larapita\/wp-json\/wp\/v2\/users\/1"}],"replies":[{"embeddable":true,"href":"https:\/\/agora.xtec.cat\/colsagradafamilia-larapita\/wp-json\/wp\/v2\/comments?post=1872"}],"version-history":[{"count":2,"href":"https:\/\/agora.xtec.cat\/colsagradafamilia-larapita\/wp-json\/wp\/v2\/posts\/1872\/revisions"}],"predecessor-version":[{"id":1889,"href":"https:\/\/agora.xtec.cat\/colsagradafamilia-larapita\/wp-json\/wp\/v2\/posts\/1872\/revisions\/1889"}],"wp:featuredmedia":[{"embeddable":true,"href":"https:\/\/agora.xtec.cat\/colsagradafamilia-larapita\/wp-json\/wp\/v2\/media\/1874"}],"wp:attachment":[{"href":"https:\/\/agora.xtec.cat\/colsagradafamilia-larapita\/wp-json\/wp\/v2\/media?parent=1872"}],"wp:term":[{"taxonomy":"category","embeddable":true,"href":"https:\/\/agora.xtec.cat\/colsagradafamilia-larapita\/wp-json\/wp\/v2\/categories?post=1872"},{"taxonomy":"post_tag","embeddable":true,"href":"https:\/\/agora.xtec.cat\/colsagradafamilia-larapita\/wp-json\/wp\/v2\/tags?post=1872"}],"curies":[{"name":"wp","href":"https:\/\/api.w.org\/{rel}","templated":true}]}}