{"id":1589,"date":"2017-04-25T15:51:37","date_gmt":"2017-04-25T13:51:37","guid":{"rendered":"http:\/\/agora.xtec.cat\/colsagradafamilia-larapita\/?p=1589"},"modified":"2017-04-25T17:51:38","modified_gmt":"2017-04-25T15:51:38","slug":"celebre-lesmorzar-solidari","status":"publish","type":"post","link":"https:\/\/agora.xtec.cat\/colsagradafamilia-larapita\/general\/celebre-lesmorzar-solidari\/","title":{"rendered":"Celebrem l&#8217;esmorzar solidari"},"content":{"rendered":"<p style=\"text-align: justify;\">Una vegada m\u00e9s, el nostre centre ha organitzat un esmorzar solidari amb el qual els nostres nens i nenes han menjat pa amb xocolata a l\u2019hora de l\u2019esbarjo.<\/p>\n<p style=\"text-align: justify;\">Aquesta activitat col\u00b7laborativa consisteix en l\u2019aportaci\u00f3 volunt\u00e0ria d\u2019un euro per part de l\u2019alumnat i professorat que vulgui participar. Els diners recollits van destinats a la ONG Educas.<\/p>\n<p style=\"text-align: justify;\">Els alumnes d\u2019ESO s\u00f3n els encarregats de preparar l\u2019esmorzar, tallar el pa i la xocolata, recollir els euros i repartir-ho a les aules, entre d\u2019altres m\u00e9s coses. De fet, s\u2019ho passen molt b\u00e9 organitzant-ho i els ajuda a desenvolupar-se com a persones i futurs ciutadans solidaris i responsables.<\/p>\n<p style=\"text-align: justify;\">La finalitat \u00e9s aconseguir que el nostre alumnat s\u2019involucri i s\u00e0piga de les necessitats que sofreixen altres persones, aix\u00ed com nens i nenes de la seva edat, davant la mancan\u00e7a de necessitats b\u00e0siques en el seu dia a dia.<\/p>\n<p style=\"text-align: justify;\">No hem oblidar que el mateix Decret d\u2019Educaci\u00f3 Prim\u00e0ria impulsa la formaci\u00f3 humana dels alumnes basada en la solidaritat, la responsabilitat c\u00edvica i els valors que fonamenten la conviv\u00e8ncia entre iguals.<\/p>\n<p style=\"text-align: center;\"><a href=\"http:\/\/agora.xtec.cat\/colsagradafamilia-larapita\/wp-content\/uploads\/usu1161\/2017\/04\/IMG-20170407-WA0005.jpg\"><img loading=\"lazy\" decoding=\"async\" class=\"aligncenter size-full wp-image-1590\" src=\"http:\/\/agora.xtec.cat\/colsagradafamilia-larapita\/wp-content\/uploads\/usu1161\/2017\/04\/IMG-20170407-WA0005.jpg\" alt=\"IMG-20170407-WA0005\" width=\"550\" height=\"978\" srcset=\"https:\/\/agora.xtec.cat\/colsagradafamilia-larapita\/wp-content\/uploads\/usu1161\/2017\/04\/IMG-20170407-WA0005.jpg 550w, https:\/\/agora.xtec.cat\/colsagradafamilia-larapita\/wp-content\/uploads\/usu1161\/2017\/04\/IMG-20170407-WA0005-169x300.jpg 169w\" sizes=\"auto, (max-width: 550px) 100vw, 550px\" \/><\/a><\/p>\n<p style=\"text-align: center;\"><a href=\"http:\/\/agora.xtec.cat\/colsagradafamilia-larapita\/wp-content\/uploads\/usu1161\/2017\/04\/IMG-20170407-WA0006.jpg\"><img loading=\"lazy\" decoding=\"async\" class=\"aligncenter size-full wp-image-1591\" src=\"http:\/\/agora.xtec.cat\/colsagradafamilia-larapita\/wp-content\/uploads\/usu1161\/2017\/04\/IMG-20170407-WA0006.jpg\" alt=\"IMG-20170407-WA0006\" width=\"550\" height=\"978\" srcset=\"https:\/\/agora.xtec.cat\/colsagradafamilia-larapita\/wp-content\/uploads\/usu1161\/2017\/04\/IMG-20170407-WA0006.jpg 550w, https:\/\/agora.xtec.cat\/colsagradafamilia-larapita\/wp-content\/uploads\/usu1161\/2017\/04\/IMG-20170407-WA0006-169x300.jpg 169w\" sizes=\"auto, (max-width: 550px) 100vw, 550px\" \/><\/a><\/p>\n<p style=\"text-align: center;\"><a href=\"http:\/\/agora.xtec.cat\/colsagradafamilia-larapita\/wp-content\/uploads\/usu1161\/2017\/04\/IMG-20170407-WA0007.jpg\"><img loading=\"lazy\" decoding=\"async\" class=\"aligncenter size-full wp-image-1592\" src=\"http:\/\/agora.xtec.cat\/colsagradafamilia-larapita\/wp-content\/uploads\/usu1161\/2017\/04\/IMG-20170407-WA0007.jpg\" alt=\"IMG-20170407-WA0007\" width=\"550\" height=\"861\" srcset=\"https:\/\/agora.xtec.cat\/colsagradafamilia-larapita\/wp-content\/uploads\/usu1161\/2017\/04\/IMG-20170407-WA0007.jpg 550w, https:\/\/agora.xtec.cat\/colsagradafamilia-larapita\/wp-content\/uploads\/usu1161\/2017\/04\/IMG-20170407-WA0007-192x300.jpg 192w\" sizes=\"auto, (max-width: 550px) 100vw, 550px\" \/><\/a><\/p>\n<p style=\"text-align: center;\"><a href=\"http:\/\/agora.xtec.cat\/colsagradafamilia-larapita\/wp-content\/uploads\/usu1161\/2017\/04\/IMG-20170407-WA0008.jpg\"><img loading=\"lazy\" decoding=\"async\" class=\"aligncenter size-full wp-image-1593\" src=\"http:\/\/agora.xtec.cat\/colsagradafamilia-larapita\/wp-content\/uploads\/usu1161\/2017\/04\/IMG-20170407-WA0008.jpg\" alt=\"IMG-20170407-WA0008\" width=\"550\" height=\"978\" srcset=\"https:\/\/agora.xtec.cat\/colsagradafamilia-larapita\/wp-content\/uploads\/usu1161\/2017\/04\/IMG-20170407-WA0008.jpg 550w, https:\/\/agora.xtec.cat\/colsagradafamilia-larapita\/wp-content\/uploads\/usu1161\/2017\/04\/IMG-20170407-WA0008-169x300.jpg 169w\" sizes=\"auto, (max-width: 550px) 100vw, 550px\" \/><\/a><\/p>\n","protected":false},"excerpt":{"rendered":"<p>Una vegada m\u00e9s, el nostre centre ha organitzat un esmorzar solidari amb el qual els nostres nens i nenes han menjat pa amb xocolata a l\u2019hora de l\u2019esbarjo.<br \/>\nAquesta activitat col\u00b7laborativa consisteix en l\u2019aportaci\u00f3 volunt\u00e0ria d\u2019un euro per part de l\u2019alumnat i professorat que vulgui participar.&hellip;  <a href=\"https:\/\/agora.xtec.cat\/colsagradafamilia-larapita\/general\/celebre-lesmorzar-solidari\/\" title=\"Read Celebrem l&#8217;esmorzar solidari\">Llegeix m\u00e9s\u00bb<\/a><\/p>\n","protected":false},"author":1,"featured_media":1590,"comment_status":"open","ping_status":"open","sticky":false,"template":"","format":"standard","meta":{"_bbp_topic_count":0,"_bbp_reply_count":0,"_bbp_total_topic_count":0,"_bbp_total_reply_count":0,"_bbp_voice_count":0,"_bbp_anonymous_reply_count":0,"_bbp_topic_count_hidden":0,"_bbp_reply_count_hidden":0,"_bbp_forum_subforum_count":0,"footnotes":""},"categories":[105,1,29],"tags":[],"class_list":["post-1589","post","type-post","status-publish","format-standard","has-post-thumbnail","hentry","category-2eso","category-general","category-portada"],"post_mailing_queue_ids":[],"_links":{"self":[{"href":"https:\/\/agora.xtec.cat\/colsagradafamilia-larapita\/wp-json\/wp\/v2\/posts\/1589","targetHints":{"allow":["GET"]}}],"collection":[{"href":"https:\/\/agora.xtec.cat\/colsagradafamilia-larapita\/wp-json\/wp\/v2\/posts"}],"about":[{"href":"https:\/\/agora.xtec.cat\/colsagradafamilia-larapita\/wp-json\/wp\/v2\/types\/post"}],"author":[{"embeddable":true,"href":"https:\/\/agora.xtec.cat\/colsagradafamilia-larapita\/wp-json\/wp\/v2\/users\/1"}],"replies":[{"embeddable":true,"href":"https:\/\/agora.xtec.cat\/colsagradafamilia-larapita\/wp-json\/wp\/v2\/comments?post=1589"}],"version-history":[{"count":3,"href":"https:\/\/agora.xtec.cat\/colsagradafamilia-larapita\/wp-json\/wp\/v2\/posts\/1589\/revisions"}],"predecessor-version":[{"id":1598,"href":"https:\/\/agora.xtec.cat\/colsagradafamilia-larapita\/wp-json\/wp\/v2\/posts\/1589\/revisions\/1598"}],"wp:featuredmedia":[{"embeddable":true,"href":"https:\/\/agora.xtec.cat\/colsagradafamilia-larapita\/wp-json\/wp\/v2\/media\/1590"}],"wp:attachment":[{"href":"https:\/\/agora.xtec.cat\/colsagradafamilia-larapita\/wp-json\/wp\/v2\/media?parent=1589"}],"wp:term":[{"taxonomy":"category","embeddable":true,"href":"https:\/\/agora.xtec.cat\/colsagradafamilia-larapita\/wp-json\/wp\/v2\/categories?post=1589"},{"taxonomy":"post_tag","embeddable":true,"href":"https:\/\/agora.xtec.cat\/colsagradafamilia-larapita\/wp-json\/wp\/v2\/tags?post=1589"}],"curies":[{"name":"wp","href":"https:\/\/api.w.org\/{rel}","templated":true}]}}