{"id":353,"date":"2016-04-28T08:02:22","date_gmt":"2016-04-28T07:02:22","guid":{"rendered":"http:\/\/agora.xtec.cat\/colribas\/general\/viatge-de-2n-deso-a-mallorca\/"},"modified":"2016-04-29T14:52:08","modified_gmt":"2016-04-29T13:52:08","slug":"viatge-de-2n-deso-a-mallorca","status":"publish","type":"post","link":"https:\/\/agora.xtec.cat\/colribas\/antigues\/viatge-de-2n-deso-a-mallorca\/","title":{"rendered":"Viatge de 2n d&#8217;ESO a Mallorca!"},"content":{"rendered":"<\/p>\n<table cellspacing=\"2\" cellpadding=\"2\" style=\"width: 700px; border: 0px dotted; border-collapse: collapse;\">\n<tbody>\n<tr align=\"justify\">\n<td style=\"border: 0px dotted;\">\n<p><font size=\"4\" face=\"georgia,times new roman,times,serif\">Avui, dia 27 de maig, els alumnes de 2n d&#8217;ESO hem marxat cap a &#8230; Mallorca!!!<\/font><\/p>\n<p><font size=\"4\" face=\"georgia,times new roman,times,serif\">Per fi ha arribat el dia! Alguns no hem pogut dormir en tota la nit de l&#8217;emoci\u00f3! Platja, piscina, passejades, visites culturals i, sobretot, conviv\u00e8ncia amb els companys. A que teniu enveja? Doncs, ja us arribar\u00e0 el moment.<\/font><\/p>\n<p><font size=\"4\" face=\"georgia,times new roman,times,serif\">B\u00e9, ja us explicarem les nostres aventures!<\/font><\/p>\n<p><font size=\"4\" face=\"georgia,times new roman,times,serif\"><a href=\"intranet\/index.php?module=pagines&amp;func=display&amp;pageid=44\">Aqu\u00ed<\/a> tenim les nostres fotos!<\/font><\/p>\n<\/td>\n<\/tr>\n<tr align=\"center\">\n<td style=\"border: 0px dotted;\"> <img decoding=\"async\" src=\"http:\/\/mw2.google.com\/mw-panoramio\/photos\/medium\/30924232.jpg\" \/><\/td>\n<\/tr>\n<\/tbody>\n<\/table>\n<p>&nbsp;<\/p>\n","protected":false},"excerpt":{"rendered":"<p>Avui, dia 27 de maig, els alumnes de 2n d&#8217;ESO hem marxat cap a &#8230; Mallorca!!!<br \/>\nPer fi ha arribat el dia! Alguns no hem pogut dormir en tota la nit de l&#8217;emoci\u00f3! Platja, piscina, passejades, visites culturals i, sobretot, conviv\u00e8ncia amb els companys. A que&hellip;  <a href=\"https:\/\/agora.xtec.cat\/colribas\/antigues\/viatge-de-2n-deso-a-mallorca\/\" title=\"Read Viatge de 2n d&#8217;ESO a Mallorca!\">Llegeix m\u00e9s\u00bb<\/a><\/p>\n","protected":false},"author":1,"featured_media":0,"comment_status":"open","ping_status":"open","sticky":false,"template":"","format":"standard","meta":{"_bbp_topic_count":0,"_bbp_reply_count":0,"_bbp_total_topic_count":0,"_bbp_total_reply_count":0,"_bbp_voice_count":0,"_bbp_anonymous_reply_count":0,"_bbp_topic_count_hidden":0,"_bbp_reply_count_hidden":0,"_bbp_forum_subforum_count":0,"footnotes":""},"categories":[29],"tags":[63,66],"class_list":["post-353","post","type-post","status-publish","format-standard","hentry","category-antigues","tag-intraweb","tag-noticies"],"post_mailing_queue_ids":[],"_links":{"self":[{"href":"https:\/\/agora.xtec.cat\/colribas\/wp-json\/wp\/v2\/posts\/353","targetHints":{"allow":["GET"]}}],"collection":[{"href":"https:\/\/agora.xtec.cat\/colribas\/wp-json\/wp\/v2\/posts"}],"about":[{"href":"https:\/\/agora.xtec.cat\/colribas\/wp-json\/wp\/v2\/types\/post"}],"author":[{"embeddable":true,"href":"https:\/\/agora.xtec.cat\/colribas\/wp-json\/wp\/v2\/users\/1"}],"replies":[{"embeddable":true,"href":"https:\/\/agora.xtec.cat\/colribas\/wp-json\/wp\/v2\/comments?post=353"}],"version-history":[{"count":1,"href":"https:\/\/agora.xtec.cat\/colribas\/wp-json\/wp\/v2\/posts\/353\/revisions"}],"predecessor-version":[{"id":553,"href":"https:\/\/agora.xtec.cat\/colribas\/wp-json\/wp\/v2\/posts\/353\/revisions\/553"}],"wp:attachment":[{"href":"https:\/\/agora.xtec.cat\/colribas\/wp-json\/wp\/v2\/media?parent=353"}],"wp:term":[{"taxonomy":"category","embeddable":true,"href":"https:\/\/agora.xtec.cat\/colribas\/wp-json\/wp\/v2\/categories?post=353"},{"taxonomy":"post_tag","embeddable":true,"href":"https:\/\/agora.xtec.cat\/colribas\/wp-json\/wp\/v2\/tags?post=353"}],"curies":[{"name":"wp","href":"https:\/\/api.w.org\/{rel}","templated":true}]}}