{"id":340,"date":"2016-04-28T08:02:22","date_gmt":"2016-04-28T07:02:22","guid":{"rendered":"http:\/\/agora.xtec.cat\/colribas\/general\/sortida-de-1r-i-2n-deso-a-la-sagrada-familia\/"},"modified":"2016-04-29T14:53:15","modified_gmt":"2016-04-29T13:53:15","slug":"sortida-de-1r-i-2n-deso-a-la-sagrada-familia","status":"publish","type":"post","link":"https:\/\/agora.xtec.cat\/colribas\/antigues\/sortida-de-1r-i-2n-deso-a-la-sagrada-familia\/","title":{"rendered":"Sortida de 1r i 2n d&#8217;ESO a la Sagrada Fam\u00edlia"},"content":{"rendered":"<p align=\"justify\"><font size=\"4\" face=\"georgia,times new roman,times,serif\">El proper dimarts dia 5 de febrer, els alumnes de 1r i 2n d&#8217;ESO visitaran el temple de la Sagrada Fam\u00edlia a Barcelona.&nbsp;<\/font><\/p>\n<p align=\"justify\"><font size=\"4\" face=\"georgia,times new roman,times,serif\">Coneixeran aix\u00ed una part important de l&#8217;obra d&#8217;Antoni Gaud\u00ed i podran observar i valorar els trets modernistes caracter\u00edstics de la seva obra arquitect\u00f2nica.<\/font><\/p>\n<p align=\"justify\"><font size=\"4\" face=\"georgia,times new roman,times,serif\"> A continuaci\u00f3, anirem a dinar al Parc de la Ciutadella.<\/font><\/p>\n<p align=\"justify\"><font size=\"4\" face=\"georgia,times new roman,times,serif\"><strong><a href=\"index.php?module=pagines&amp;func=display&amp;pageid=25\">Aqu\u00ed<\/a><\/strong> teniu les fotografies de la nostra sortida! Gaudiu-les!<\/font> <\/p>\n","protected":false},"excerpt":{"rendered":"<p>El proper dimarts dia 5 de febrer, els alumnes de 1r i 2n d&#8217;ESO visitaran el temple de la Sagrada Fam\u00edlia a Barcelona.&nbsp;<br \/>\nConeixeran aix\u00ed una part important de l&#8217;obra d&#8217;Antoni Gaud\u00ed i podran observar i valorar els trets modernistes caracter\u00edstics de la seva obra arquitect\u00f2nica.<br \/>\n&hellip;  <a href=\"https:\/\/agora.xtec.cat\/colribas\/antigues\/sortida-de-1r-i-2n-deso-a-la-sagrada-familia\/\" title=\"Read Sortida de 1r i 2n d&#8217;ESO a la Sagrada Fam\u00edlia\">Llegeix m\u00e9s\u00bb<\/a><\/p>\n","protected":false},"author":1,"featured_media":0,"comment_status":"open","ping_status":"open","sticky":false,"template":"","format":"standard","meta":{"_bbp_topic_count":0,"_bbp_reply_count":0,"_bbp_total_topic_count":0,"_bbp_total_reply_count":0,"_bbp_voice_count":0,"_bbp_anonymous_reply_count":0,"_bbp_topic_count_hidden":0,"_bbp_reply_count_hidden":0,"_bbp_forum_subforum_count":0,"footnotes":""},"categories":[29],"tags":[63,66],"class_list":["post-340","post","type-post","status-publish","format-standard","hentry","category-antigues","tag-intraweb","tag-noticies"],"post_mailing_queue_ids":[],"_links":{"self":[{"href":"https:\/\/agora.xtec.cat\/colribas\/wp-json\/wp\/v2\/posts\/340","targetHints":{"allow":["GET"]}}],"collection":[{"href":"https:\/\/agora.xtec.cat\/colribas\/wp-json\/wp\/v2\/posts"}],"about":[{"href":"https:\/\/agora.xtec.cat\/colribas\/wp-json\/wp\/v2\/types\/post"}],"author":[{"embeddable":true,"href":"https:\/\/agora.xtec.cat\/colribas\/wp-json\/wp\/v2\/users\/1"}],"replies":[{"embeddable":true,"href":"https:\/\/agora.xtec.cat\/colribas\/wp-json\/wp\/v2\/comments?post=340"}],"version-history":[{"count":1,"href":"https:\/\/agora.xtec.cat\/colribas\/wp-json\/wp\/v2\/posts\/340\/revisions"}],"predecessor-version":[{"id":562,"href":"https:\/\/agora.xtec.cat\/colribas\/wp-json\/wp\/v2\/posts\/340\/revisions\/562"}],"wp:attachment":[{"href":"https:\/\/agora.xtec.cat\/colribas\/wp-json\/wp\/v2\/media?parent=340"}],"wp:term":[{"taxonomy":"category","embeddable":true,"href":"https:\/\/agora.xtec.cat\/colribas\/wp-json\/wp\/v2\/categories?post=340"},{"taxonomy":"post_tag","embeddable":true,"href":"https:\/\/agora.xtec.cat\/colribas\/wp-json\/wp\/v2\/tags?post=340"}],"curies":[{"name":"wp","href":"https:\/\/api.w.org\/{rel}","templated":true}]}}