{"id":1742,"date":"2019-10-10T10:30:09","date_gmt":"2019-10-10T08:30:09","guid":{"rendered":"http:\/\/agora.xtec.cat\/colribas\/?p=1742"},"modified":"2019-10-17T16:16:49","modified_gmt":"2019-10-17T14:16:49","slug":"sortida-deducacio-secundaria-obligatoria","status":"publish","type":"post","link":"https:\/\/agora.xtec.cat\/colribas\/general\/sortida-deducacio-secundaria-obligatoria\/","title":{"rendered":"Sortida d&#8217;Educaci\u00f3 Secund\u00e0ria Obligat\u00f2ria"},"content":{"rendered":"<div style=\"text-align: justify;\">\n<div style=\"text-align: justify;\">\n<p><span style=\"font-family: georgia, palatino, serif;\">Els alumnes de Secund\u00e0ria aniran d&#8217;excursi\u00f3 a Tarragona el proper dijous 10 d&#8217;octubre acompanyats dels seus tutors.<\/span><\/p>\n<p><span style=\"font-family: georgia, palatino, serif;\">Realitzaran una visita guiada per la T\u00e0rraco romana i podran observar els principals monuments conservats d&#8217;aquella \u00e8poca com el f\u00f2rum, el circ, l&#8217;amfiteatre, la muralla&#8230;<\/span><\/p>\n<p><span style=\"font-family: georgia, palatino, serif;\">Els nostres alumnes es transportaran en el temps amb aquesta ruta cultural que els permetr\u00e0 con\u00e8ixer les caracter\u00edstiques i la hist\u00f2ria de l&#8217;antiga T\u00e0rraco declarada Patrimoni de la Humanitat per la UNESCO\u00a0des de l&#8217;any 2000.<\/span><\/p>\n<\/div>\n<\/div>\n<div><\/div>\n<div><a href=\"https:\/\/agora.xtec.cat\/colribas\/wp-content\/uploads\/usu945\/2019\/10\/tarraco.jpg\"><img loading=\"lazy\" decoding=\"async\" class=\"aligncenter wp-image-1743 size-medium\" src=\"https:\/\/agora.xtec.cat\/colribas\/wp-content\/uploads\/usu945\/2019\/10\/tarraco-300x172.jpg\" alt=\"\" width=\"300\" height=\"172\" srcset=\"https:\/\/agora.xtec.cat\/colribas\/wp-content\/uploads\/usu945\/2019\/10\/tarraco-300x172.jpg 300w, https:\/\/agora.xtec.cat\/colribas\/wp-content\/uploads\/usu945\/2019\/10\/tarraco-768x440.jpg 768w, https:\/\/agora.xtec.cat\/colribas\/wp-content\/uploads\/usu945\/2019\/10\/tarraco-1024x586.jpg 1024w, https:\/\/agora.xtec.cat\/colribas\/wp-content\/uploads\/usu945\/2019\/10\/tarraco.jpg 1500w\" sizes=\"auto, (max-width: 300px) 100vw, 300px\" \/><\/a><\/div>\n","protected":false},"excerpt":{"rendered":"<p>Els alumnes de Secund\u00e0ria aniran d&#8217;excursi\u00f3 a Tarragona el proper dijous 10 d&#8217;octubre acompanyats dels seus tutors.<br \/>\nRealitzaran una visita guiada per la T\u00e0rraco romana i podran observar els principals monuments conservats d&#8217;aquella \u00e8poca com el f\u00f2rum, el circ, l&#8217;amfiteatre, la muralla&#8230;<br \/>\nEls nostres alumnes es transportaran&hellip;  <a href=\"https:\/\/agora.xtec.cat\/colribas\/general\/sortida-deducacio-secundaria-obligatoria\/\" title=\"Read Sortida d&#8217;Educaci\u00f3 Secund\u00e0ria Obligat\u00f2ria\">Llegeix m\u00e9s\u00bb<\/a><\/p>\n","protected":false},"author":1,"featured_media":0,"comment_status":"open","ping_status":"closed","sticky":false,"template":"","format":"standard","meta":{"_bbp_topic_count":0,"_bbp_reply_count":0,"_bbp_total_topic_count":0,"_bbp_total_reply_count":0,"_bbp_voice_count":0,"_bbp_anonymous_reply_count":0,"_bbp_topic_count_hidden":0,"_bbp_reply_count_hidden":0,"_bbp_forum_subforum_count":0,"footnotes":""},"categories":[1],"tags":[],"class_list":["post-1742","post","type-post","status-publish","format-standard","hentry","category-general"],"post_mailing_queue_ids":[],"_links":{"self":[{"href":"https:\/\/agora.xtec.cat\/colribas\/wp-json\/wp\/v2\/posts\/1742","targetHints":{"allow":["GET"]}}],"collection":[{"href":"https:\/\/agora.xtec.cat\/colribas\/wp-json\/wp\/v2\/posts"}],"about":[{"href":"https:\/\/agora.xtec.cat\/colribas\/wp-json\/wp\/v2\/types\/post"}],"author":[{"embeddable":true,"href":"https:\/\/agora.xtec.cat\/colribas\/wp-json\/wp\/v2\/users\/1"}],"replies":[{"embeddable":true,"href":"https:\/\/agora.xtec.cat\/colribas\/wp-json\/wp\/v2\/comments?post=1742"}],"version-history":[{"count":3,"href":"https:\/\/agora.xtec.cat\/colribas\/wp-json\/wp\/v2\/posts\/1742\/revisions"}],"predecessor-version":[{"id":1747,"href":"https:\/\/agora.xtec.cat\/colribas\/wp-json\/wp\/v2\/posts\/1742\/revisions\/1747"}],"wp:attachment":[{"href":"https:\/\/agora.xtec.cat\/colribas\/wp-json\/wp\/v2\/media?parent=1742"}],"wp:term":[{"taxonomy":"category","embeddable":true,"href":"https:\/\/agora.xtec.cat\/colribas\/wp-json\/wp\/v2\/categories?post=1742"},{"taxonomy":"post_tag","embeddable":true,"href":"https:\/\/agora.xtec.cat\/colribas\/wp-json\/wp\/v2\/tags?post=1742"}],"curies":[{"name":"wp","href":"https:\/\/api.w.org\/{rel}","templated":true}]}}