{"id":1673,"date":"2019-05-02T11:01:24","date_gmt":"2019-05-02T09:01:24","guid":{"rendered":"http:\/\/agora.xtec.cat\/colribas\/?p=1673"},"modified":"2019-05-09T11:01:34","modified_gmt":"2019-05-09T09:01:34","slug":"sortida-de-3r-deso-al-park-guell","status":"publish","type":"post","link":"https:\/\/agora.xtec.cat\/colribas\/general\/sortida-de-3r-deso-al-park-guell\/","title":{"rendered":"Sortida de 3r d&#8217;ESO al Park G\u00fcell"},"content":{"rendered":"<div>\n<p style=\"text-align: justify;\"><span style=\"font-family: georgia, palatino, serif;\">Els alumnes de 3r d&#8217;ESO anirem el pr\u00f2xim dimarts 7 de maig al Park G\u00fcell de Barcelona per analitzar una de les principals obres modernistes d&#8217;Antoni Gaud\u00ed.<\/span><\/p>\n<p style=\"text-align: justify;\"><span style=\"font-family: georgia, palatino, serif;\">Accedirem al recinte monumental on realitzarem unes activitats guiades per con\u00e8ixer millor els elements arquitect\u00f2nics caracter\u00edstics d&#8217;aquest estil del segle XX. Els alumnes podran comparar-los amb els que veiem a la nostra Escola modernista cada dia.<\/span><\/p>\n<p><span style=\"font-family: georgia, palatino, serif;\">A la tornada ja us explicarem la nostra experi\u00e8ncia!<\/span><\/p>\n<\/div>\n<div><\/div>\n<div><a href=\"https:\/\/agora.xtec.cat\/colribas\/wp-content\/uploads\/usu945\/2019\/05\/park-guell.jpg\"><img loading=\"lazy\" decoding=\"async\" class=\"size-medium wp-image-1674 aligncenter\" src=\"https:\/\/agora.xtec.cat\/colribas\/wp-content\/uploads\/usu945\/2019\/05\/park-guell-300x188.jpg\" alt=\"\" width=\"300\" height=\"188\" srcset=\"https:\/\/agora.xtec.cat\/colribas\/wp-content\/uploads\/usu945\/2019\/05\/park-guell-300x188.jpg 300w, https:\/\/agora.xtec.cat\/colribas\/wp-content\/uploads\/usu945\/2019\/05\/park-guell-768x480.jpg 768w, https:\/\/agora.xtec.cat\/colribas\/wp-content\/uploads\/usu945\/2019\/05\/park-guell-1024x640.jpg 1024w, https:\/\/agora.xtec.cat\/colribas\/wp-content\/uploads\/usu945\/2019\/05\/park-guell.jpg 1600w\" sizes=\"auto, (max-width: 300px) 100vw, 300px\" \/><\/a><\/div>\n","protected":false},"excerpt":{"rendered":"<p>Els alumnes de 3r d&#8217;ESO anirem el pr\u00f2xim dimarts 7 de maig al Park G\u00fcell de Barcelona per analitzar una de les principals obres modernistes d&#8217;Antoni Gaud\u00ed.<br \/>\nAccedirem al recinte monumental on realitzarem unes activitats guiades per con\u00e8ixer millor els elements arquitect\u00f2nics caracter\u00edstics d&#8217;aquest estil del&hellip;  <a href=\"https:\/\/agora.xtec.cat\/colribas\/general\/sortida-de-3r-deso-al-park-guell\/\" title=\"Read Sortida de 3r d&#8217;ESO al Park G\u00fcell\">Llegeix m\u00e9s\u00bb<\/a><\/p>\n","protected":false},"author":1,"featured_media":0,"comment_status":"closed","ping_status":"closed","sticky":false,"template":"","format":"standard","meta":{"_bbp_topic_count":0,"_bbp_reply_count":0,"_bbp_total_topic_count":0,"_bbp_total_reply_count":0,"_bbp_voice_count":0,"_bbp_anonymous_reply_count":0,"_bbp_topic_count_hidden":0,"_bbp_reply_count_hidden":0,"_bbp_forum_subforum_count":0,"footnotes":""},"categories":[1],"tags":[],"class_list":["post-1673","post","type-post","status-publish","format-standard","hentry","category-general"],"post_mailing_queue_ids":[],"_links":{"self":[{"href":"https:\/\/agora.xtec.cat\/colribas\/wp-json\/wp\/v2\/posts\/1673","targetHints":{"allow":["GET"]}}],"collection":[{"href":"https:\/\/agora.xtec.cat\/colribas\/wp-json\/wp\/v2\/posts"}],"about":[{"href":"https:\/\/agora.xtec.cat\/colribas\/wp-json\/wp\/v2\/types\/post"}],"author":[{"embeddable":true,"href":"https:\/\/agora.xtec.cat\/colribas\/wp-json\/wp\/v2\/users\/1"}],"replies":[{"embeddable":true,"href":"https:\/\/agora.xtec.cat\/colribas\/wp-json\/wp\/v2\/comments?post=1673"}],"version-history":[{"count":3,"href":"https:\/\/agora.xtec.cat\/colribas\/wp-json\/wp\/v2\/posts\/1673\/revisions"}],"predecessor-version":[{"id":1678,"href":"https:\/\/agora.xtec.cat\/colribas\/wp-json\/wp\/v2\/posts\/1673\/revisions\/1678"}],"wp:attachment":[{"href":"https:\/\/agora.xtec.cat\/colribas\/wp-json\/wp\/v2\/media?parent=1673"}],"wp:term":[{"taxonomy":"category","embeddable":true,"href":"https:\/\/agora.xtec.cat\/colribas\/wp-json\/wp\/v2\/categories?post=1673"},{"taxonomy":"post_tag","embeddable":true,"href":"https:\/\/agora.xtec.cat\/colribas\/wp-json\/wp\/v2\/tags?post=1673"}],"curies":[{"name":"wp","href":"https:\/\/api.w.org\/{rel}","templated":true}]}}