{"id":1632,"date":"2019-03-14T10:12:14","date_gmt":"2019-03-14T09:12:14","guid":{"rendered":"http:\/\/agora.xtec.cat\/colribas\/?p=1632"},"modified":"2019-03-26T09:28:18","modified_gmt":"2019-03-26T08:28:18","slug":"sortida-del-cicle-inicial-al-museu-arquelogic-de-catalunya","status":"publish","type":"post","link":"https:\/\/agora.xtec.cat\/colribas\/general\/sortida-del-cicle-inicial-al-museu-arquelogic-de-catalunya\/","title":{"rendered":"Sortida del Cicle Inicial al Museu Arquel\u00f2gic de Catalunya"},"content":{"rendered":"<p style=\"text-align: justify;\"><span style=\"font-family: georgia, palatino, serif;\">El proper dimecres dia 20 de mar\u00e7, els alumnes de cicle inicial acompanyats per les seves tutores, anirem a fer una visita al Museu Arqueol\u00f2gic de Catalunya, a Barcelona.<\/span><\/p>\n<p style=\"text-align: justify;\"><span style=\"font-family: georgia, palatino, serif;\">Tindrem l\u2019oportunitat de descobrir l&#8217;arqueologia participant en un taller, on farem la nostra pr\u00f2pia \u00a0excavaci\u00f3 com si f\u00f3ssim arque\u00f2legs i arque\u00f2logues. De ben segur que farem\u00a0 troballes importants!\u00a0 Tamb\u00e9 visitarem les depend\u00e8ncies del Museu i veurem la col\u00b7lecci\u00f3 de les diferents peces exposades.<\/span><\/p>\n<p><span style=\"font-family: georgia, palatino, serif;\">A la tornada us ho explicarem!<\/span><\/p>\n<p><a href=\"https:\/\/agora.xtec.cat\/colribas\/wp-content\/uploads\/usu945\/2019\/03\/REF_MUSEO_DE_ARQUEOLOGIA_CT6A9650.jpg\"><img loading=\"lazy\" decoding=\"async\" class=\"size-medium wp-image-1630 aligncenter\" src=\"https:\/\/agora.xtec.cat\/colribas\/wp-content\/uploads\/usu945\/2019\/03\/REF_MUSEO_DE_ARQUEOLOGIA_CT6A9650-300x173.jpg\" alt=\"\" width=\"300\" height=\"173\" srcset=\"https:\/\/agora.xtec.cat\/colribas\/wp-content\/uploads\/usu945\/2019\/03\/REF_MUSEO_DE_ARQUEOLOGIA_CT6A9650-300x173.jpg 300w, https:\/\/agora.xtec.cat\/colribas\/wp-content\/uploads\/usu945\/2019\/03\/REF_MUSEO_DE_ARQUEOLOGIA_CT6A9650-768x442.jpg 768w, https:\/\/agora.xtec.cat\/colribas\/wp-content\/uploads\/usu945\/2019\/03\/REF_MUSEO_DE_ARQUEOLOGIA_CT6A9650-1024x590.jpg 1024w, https:\/\/agora.xtec.cat\/colribas\/wp-content\/uploads\/usu945\/2019\/03\/REF_MUSEO_DE_ARQUEOLOGIA_CT6A9650.jpg 1472w\" sizes=\"auto, (max-width: 300px) 100vw, 300px\" \/><\/a><\/p>\n","protected":false},"excerpt":{"rendered":"<p>El proper dimecres dia 20 de mar\u00e7, els alumnes de cicle inicial acompanyats per les seves tutores, anirem a fer una visita al Museu Arqueol\u00f2gic de Catalunya, a Barcelona.<br \/>\nTindrem l\u2019oportunitat de descobrir l&#8217;arqueologia participant en un taller, on farem la nostra pr\u00f2pia \u00a0excavaci\u00f3 com si&hellip;  <a href=\"https:\/\/agora.xtec.cat\/colribas\/general\/sortida-del-cicle-inicial-al-museu-arquelogic-de-catalunya\/\" title=\"Read Sortida del Cicle Inicial al Museu Arquel\u00f2gic de Catalunya\">Llegeix m\u00e9s\u00bb<\/a><\/p>\n","protected":false},"author":1,"featured_media":0,"comment_status":"open","ping_status":"closed","sticky":false,"template":"","format":"standard","meta":{"_bbp_topic_count":0,"_bbp_reply_count":0,"_bbp_total_topic_count":0,"_bbp_total_reply_count":0,"_bbp_voice_count":0,"_bbp_anonymous_reply_count":0,"_bbp_topic_count_hidden":0,"_bbp_reply_count_hidden":0,"_bbp_forum_subforum_count":0,"footnotes":""},"categories":[1],"tags":[],"class_list":["post-1632","post","type-post","status-publish","format-standard","hentry","category-general"],"post_mailing_queue_ids":[],"_links":{"self":[{"href":"https:\/\/agora.xtec.cat\/colribas\/wp-json\/wp\/v2\/posts\/1632","targetHints":{"allow":["GET"]}}],"collection":[{"href":"https:\/\/agora.xtec.cat\/colribas\/wp-json\/wp\/v2\/posts"}],"about":[{"href":"https:\/\/agora.xtec.cat\/colribas\/wp-json\/wp\/v2\/types\/post"}],"author":[{"embeddable":true,"href":"https:\/\/agora.xtec.cat\/colribas\/wp-json\/wp\/v2\/users\/1"}],"replies":[{"embeddable":true,"href":"https:\/\/agora.xtec.cat\/colribas\/wp-json\/wp\/v2\/comments?post=1632"}],"version-history":[{"count":1,"href":"https:\/\/agora.xtec.cat\/colribas\/wp-json\/wp\/v2\/posts\/1632\/revisions"}],"predecessor-version":[{"id":1633,"href":"https:\/\/agora.xtec.cat\/colribas\/wp-json\/wp\/v2\/posts\/1632\/revisions\/1633"}],"wp:attachment":[{"href":"https:\/\/agora.xtec.cat\/colribas\/wp-json\/wp\/v2\/media?parent=1632"}],"wp:term":[{"taxonomy":"category","embeddable":true,"href":"https:\/\/agora.xtec.cat\/colribas\/wp-json\/wp\/v2\/categories?post=1632"},{"taxonomy":"post_tag","embeddable":true,"href":"https:\/\/agora.xtec.cat\/colribas\/wp-json\/wp\/v2\/tags?post=1632"}],"curies":[{"name":"wp","href":"https:\/\/api.w.org\/{rel}","templated":true}]}}